{"id":21616,"date":"2022-10-13T13:24:29","date_gmt":"2022-10-13T10:24:29","guid":{"rendered":"http:\/\/akdenizolaygazetesi.com\/?p=21616"},"modified":"2022-10-13T13:24:29","modified_gmt":"2022-10-13T10:24:29","slug":"mersin-ticaret-borsasi-secimleri-sonuclandi","status":"publish","type":"post","link":"https:\/\/akdenizolaygazetesi.com\/?p=21616","title":{"rendered":"Mersin Ticaret Borsas\u0131 Se\u00e7imleri Sonu\u00e7land\u0131"},"content":{"rendered":"<p>Mersin Ticaret Borsas\u0131 Organ Se\u00e7imleri Sonu\u00e7land\u0131. Se\u00e7imler neticesinde \u00d6. Abdullah \u00d6zdemir Y\u00f6netim Kurulu Ba\u015fkanl\u0131\u011f\u0131\u2019na yeniden se\u00e7ildi. M\u00fcnir \u015een ise Meclis Ba\u015fkan\u0131 oldu.<br \/>\n> Mersin Ticaret Borsas\u0131 se\u00e7im sonu\u00e7lar\u0131 \u00fczerine Mersin Ticaret Borsas\u0131 Y\u00f6netim Kurulu Ba\u015fkan\u0131 \u00d6mer Abdullah \u00d6zdemir baz\u0131 de\u011ferlendirmelerde bulundu.<br \/>\n> 8 Eyl\u00fcl 2022 tarihinde se\u00e7men listelerinin Se\u00e7im Kurulu Ba\u015fkanl\u0131\u011f\u0131&#8217;na teslim edilmesiyle ba\u015flayan borsa organ se\u00e7imleri s\u00fcreci, 33 g\u00fcn sonra 11 Ekim 2022 tarihinde se\u00e7im sonu\u00e7lar\u0131n\u0131n kesinle\u015fmesi ile sona erdi\u011fini hat\u0131rlatan \u00d6zdemir, &#8220;\u00dcyelerimiz se\u00e7imlere y\u00fczde 77 gibi rekor bir kat\u0131l\u0131m oran\u0131yla i\u015ftirak ederek, borsam\u0131z\u0131 ne kadar benimsediklerini ve sahip \u00e7\u0131kt\u0131klar\u0131n\u0131 g\u00f6sterdiler. Borsam\u0131z organlar\u0131nda g\u00f6rev almak i\u00e7in 94 \u00fcyemiz aday oldu. \u00c7ok yo\u011fun bir rekabete sahne olan birinci a\u015fama sonunda, 47 \u00fcyemiz kendi Meslek Gruplar\u0131nda Komiteye, bunlar\u0131n i\u00e7inden 20 \u00fcyemiz de Meclisimize girmeye hak kazand\u0131. Meclisimizin d\u00f6rtte \u00fc\u00e7\u00fc ilk defa g\u00f6rev yapacak. Gen\u00e7 \u00fcyelerimizin say\u0131s\u0131 da belirgin bi\u00e7imde art\u0131. T\u00fcm y\u00f6netim organlar\u0131m\u0131zda deneyim ile dinamizm aras\u0131ndaki hassas denge kurulmu\u015f oldu. Se\u00e7imlerimizin ikinci a\u015famas\u0131nda ger\u00e7ekle\u015ftirilen Y\u00f6netim ve Disiplin Kurullar\u0131 ile TOBB Genel Kurul Delege Se\u00e7imlerinde ise borsam\u0131z\u0131n kurumsal k\u00fclt\u00fcr\u00fcn\u00fcn en ba\u015fat de\u011feri olan uzla\u015fma ve birlikte hareket etme \u00f6ne \u00e7\u0131kt\u0131. \u0130kinci a\u015fama se\u00e7imlerinin tamam\u0131nda oy birli\u011fi ile g\u00f6rev payla\u015f\u0131m\u0131 yap\u0131ld\u0131.&#8221; dedi.<br \/>\n><br \/>\n> &#8220;Hizmetlerini nicelik, nitelik ve \u00e7e\u015fitlili\u011fi artacak&#8221;<br \/>\n><br \/>\n> Borsan\u0131n yeni se\u00e7ilen Meslek Komiteleri, Meclisi, Y\u00f6netim ve Disiplin Kurullar\u0131 ile \u00fcyelerimize en iyi hizmeti, en d\u00fc\u015f\u00fck maliyetle sunmaya; hizmetlerinin nicelik, nitelik ve \u00e7e\u015fitlili\u011fini art\u0131rmaya devam edece\u011fini belirten \u00d6zdemir, &#8220;Yeni d\u00f6nemde de \u00fcyelerimizin sorunlar\u0131n\u0131n takip\u00e7isi olmaya devam edece\u011fiz. Ge\u00e7en d\u00f6nem haz\u0131rl\u0131klar\u0131n\u0131 tamamlad\u0131\u011f\u0131m\u0131z projeleri s\u00fcratle hayata ge\u00e7irece\u011fiz. Mersin ekonomisinin geli\u015fmesi i\u00e7in \u00fczerimize d\u00fc\u015fen g\u00f6revleri yerine getirece\u011fiz, bu konuda t\u00fcm imkanlar\u0131m\u0131z\u0131 seferber edece\u011fiz. Mersin Ticaret Borsas\u0131 olarak bundan \u00f6nce oldu\u011fu gibi, bundan sonra da birlik ve beraberlik i\u00e7inde \u00fcyelerimize, kentimize ve \u00fclkemize hizmet etmeye devam edece\u011fiz. \u00dcyelerimizin bizlere g\u00f6sterdikleri g\u00fcven, bizler i\u00e7in gurur ve motivasyon kayna\u011f\u0131 oldu. Bizlere duyulan bu g\u00fcvene lay\u0131k olmak i\u00e7in elimizden geleni yapaca\u011f\u0131m\u0131zdan kimsenin ku\u015fkusu olmamal\u0131d\u0131r.&#8221; \u015feklinde konu\u015ftu.<\/p>\n<p>Se\u00e7im sonu\u00e7lar\u0131n\u0131n kesinle\u015fmesi ile birlikte Mersin Ticaret Borsas\u0131 Organlar\u0131 \u015fu \u015fekilde olu\u015ftu:<br \/>\nMersin Ticaret Borsas\u0131 Y\u00f6netim Kurulu<br \/>\nY\u00f6netim Kurulu Ba\u015fkan\u0131<br \/>\n\u00d6mer Abdullah \u00d6zdemir <\/p>\n<p>Y\u00f6netim Kurulu \u00dcyeleri<br \/>\n\u00d6mer Kaluti, \u015e\u00fckr\u00fc G\u00fcven, Zeki S\u00f6nmez, Ercan Y\u0131ld\u0131r\u0131m, Mehmet Or\u011fun, Ferhat \u00d6ner<\/p>\n<p>Mersin Ticaret Borsas\u0131 Meclisi<br \/>\nMeclis Ba\u015fkan\u0131<br \/>\nM\u00fcnir \u015een<br \/>\nMeclis \u00dcyeleri<br \/>\n\u00d6mer Abdullah \u00d6zdemir, \u00d6mer Kaluti, \u015e\u00fckr\u00fc G\u00fcven, Zeki S\u00f6nmez, Ercan Y\u0131ld\u0131r\u0131m, Mehmet Or\u011fun, Ferhat \u00d6ner, Bekir Sertta\u015f, S\u00fcleyman G\u00f6kalp, Muhammet \u00d6nc\u00fc, Aydan Day\u0131 Kaymaz, Serb\u00fclent Esiro\u011flu, Avni K\u00f6se, Kadri Y\u00fcce, \u0130brahim H\u0131d\u0131ro\u011flu, Ali Fidan, Ali K\u00fc\u00e7\u00fck, B\u00fclent Elbeyli, Davut Akba\u015f<\/p>\n<p>TOBB Genel Kurul Delegeleri<br \/>\n\u015e\u00fckr\u00fc G\u00fcven, Bekir Sertta\u015f, Mehmet Or\u011fun, S\u00fcleyman G\u00f6kalp, Serb\u00fclent Esiro\u011flu, Avni K\u00f6se, Ali K\u00fc\u00e7\u00fck<\/p>\n<p>Disiplin Kurulu \u00dcyeleri<br \/>\nSelami Dervi\u015fo\u011flu, Veysel P\u00fct\u00fcn, Hac\u0131 Mehmet Tekin, Yi\u011fitkerem Aksin, Erdem Mercan, Nafi Day\u0131 <\/p>\n","protected":false},"excerpt":{"rendered":"<p>Mersin Ticaret Borsas\u0131 Organ Se\u00e7imleri Sonu\u00e7land\u0131. Se\u00e7imler neticesinde \u00d6. Abdullah \u00d6zdemir Y\u00f6netim Kurulu Ba\u015fkanl\u0131\u011f\u0131\u2019na yeniden se\u00e7ildi. M\u00fcnir \u015een ise Meclis Ba\u015fkan\u0131 oldu. > Mersin Ticaret Borsas\u0131 se\u00e7im sonu\u00e7lar\u0131 \u00fczerine Mersin &hellip; <a href=\"https:\/\/akdenizolaygazetesi.com\/?p=21616\" class=\"more-link\">Devam\u0131n\u0131 Oku&#8230;<\/a><\/p>\n","protected":false},"author":2,"featured_media":21617,"comment_status":"open","ping_status":"open","sticky":false,"template":"","format":"standard","meta":[],"categories":[2,3,5],"tags":[],"_links":{"self":[{"href":"https:\/\/akdenizolaygazetesi.com\/index.php?rest_route=\/wp\/v2\/posts\/21616"}],"collection":[{"href":"https:\/\/akdenizolaygazetesi.com\/index.php?rest_route=\/wp\/v2\/posts"}],"about":[{"href":"https:\/\/akdenizolaygazetesi.com\/index.php?rest_route=\/wp\/v2\/types\/post"}],"author":[{"embeddable":true,"href":"https:\/\/akdenizolaygazetesi.com\/index.php?rest_route=\/wp\/v2\/users\/2"}],"replies":[{"embeddable":true,"href":"https:\/\/akdenizolaygazetesi.com\/index.php?rest_route=%2Fwp%2Fv2%2Fcomments&post=21616"}],"version-history":[{"count":1,"href":"https:\/\/akdenizolaygazetesi.com\/index.php?rest_route=\/wp\/v2\/posts\/21616\/revisions"}],"predecessor-version":[{"id":21618,"href":"https:\/\/akdenizolaygazetesi.com\/index.php?rest_route=\/wp\/v2\/posts\/21616\/revisions\/21618"}],"wp:featuredmedia":[{"embeddable":true,"href":"https:\/\/akdenizolaygazetesi.com\/index.php?rest_route=\/wp\/v2\/media\/21617"}],"wp:attachment":[{"href":"https:\/\/akdenizolaygazetesi.com\/index.php?rest_route=%2Fwp%2Fv2%2Fmedia&parent=21616"}],"wp:term":[{"taxonomy":"category","embeddable":true,"href":"https:\/\/akdenizolaygazetesi.com\/index.php?rest_route=%2Fwp%2Fv2%2Fcategories&post=21616"},{"taxonomy":"post_tag","embeddable":true,"href":"https:\/\/akdenizolaygazetesi.com\/index.php?rest_route=%2Fwp%2Fv2%2Ftags&post=21616"}],"curies":[{"name":"wp","href":"https:\/\/api.w.org\/{rel}","templated":true}]}}