{"id":21622,"date":"2022-10-13T16:31:45","date_gmt":"2022-10-13T13:31:45","guid":{"rendered":"http:\/\/akdenizolaygazetesi.com\/?p=21622"},"modified":"2022-10-13T16:31:45","modified_gmt":"2022-10-13T13:31:45","slug":"bilimsel-atolyeler-deney-ve-sovlarla-dolu-dolu-gececek-etkinlikler-dizisinin-ikincisi-basladi","status":"publish","type":"post","link":"https:\/\/akdenizolaygazetesi.com\/?p=21622","title":{"rendered":"Bilimsel at\u00f6lyeler, deney ve \u015fovlarla dolu dolu ge\u00e7ecek etkinlikler dizisinin ikincisi ba\u015flad\u0131"},"content":{"rendered":"<p>\u0130lki ge\u00e7en y\u0131l d\u00fczenlenen \u201cBilim Akdeniz\u2019de \u015eenleniyor\u201d program\u0131n\u0131n ikincisi, bu y\u0131l yine Millet Bah\u00e7esi\u2019nde ba\u015flad\u0131. Ge\u00e7en y\u0131l oldu\u011fu gibi bu y\u0131lki etkinlikte de konuklar\u0131 \u00e7e\u015fitli bilimsel at\u00f6lyeler ve renkli bilimsel \u015fovlar, akademik i\u00e7erikli konferanslar, g\u00f6steri deneyleri ile ke\u015fif ve heyecan dolu 3 g\u00fcn bekliyor.<br \/>\nT\u00dcB\u0130TAK\/4007 Bilim \u015eenlikleri kapsam\u0131nda, Akdeniz Belediyesi K\u00fclt\u00fcr ve Sosyal \u0130\u015fler M\u00fcd\u00fcrl\u00fc\u011f\u00fc, Akdeniz Kaymakaml\u0131\u011f\u0131 ve \u0130l\u00e7e Milli E\u011fitim M\u00fcd\u00fcrl\u00fc\u011f\u00fc ile Mersin Ticaret ve Sanayi Odas\u0131 i\u015fbirli\u011finde ve T\u00dcB\u0130TAK deste\u011fiyle \u201cBilim Akdeniz\u2019de \u015eenleniyor-2\u201d etkinli\u011fi, Akdeniz Kaymakam\u0131 Zeyit \u015eener, Akdeniz \u0130l\u00e7e Milli E\u011fitim M\u00fcd\u00fcr\u00fc Adem \u015eim\u015fek, Yeni\u015fehir \u0130l\u00e7e Milli E\u011fitim M\u00fcd\u00fcr\u00fc Necmettin Din\u00e7, MTSO Ba\u015fkan\u0131 Ayhan K\u0131z\u0131ltan, \u00f6\u011fretmenler ve \u00f6\u011frencilerin yo\u011fun kat\u0131l\u0131m\u0131yla ba\u015flad\u0131.<br \/>\nBa\u015fkan G\u00fcltak\u2019tan \u015fenli\u011fe davet\u2026<br \/>\nMersinlileri bilim \u015fenli\u011fine davet eden Akdeniz Belediye Ba\u015fkan\u0131 Mustafa G\u00fcltak, \u201c\u00dc\u00e7 g\u00fcn s\u00fcrecek \u015fenli\u011fimizde 435 etkinlik, onlarca deney ve g\u00f6steri ger\u00e7ekle\u015ftirilecek; \u00e7ocuklar\u0131m\u0131z teleskopla g\u00f6ky\u00fcz\u00fcn\u00fc ke\u015ffetme \u015fans\u0131 bulacak. \u0130l\u00e7emiz s\u0131n\u0131rlar\u0131nda bulunan anaokulu, ilkokul, ortaokul ve lise \u00f6\u011frencilerimize y\u00f6nelik olarak da g\u00fcnde 36 at\u00f6lye, 144 etkinlik ve 2 konferans d\u00fczenlenecek\u201d dedi.<br \/>\n\u201cGen\u00e7lerimizin e\u011fitimine b\u00fcy\u00fck \u00f6nem veriyoruz\u201d<br \/>\nBa\u015fkan G\u00fcltak, e\u011fitime \u00f6nem verdiklerinin alt\u0131n\u0131 \u00e7izerek, Akdeniz\u2019deki okullar\u0131n fiziki eksiklerini giderdiklerini anlat\u0131. E\u011fitim s\u00fcrecine verdikleri destek sayesinde de Akdenizli bir\u00e7ok gencin diledi\u011fi \u00fcniversite ve liseyi kazand\u0131\u011f\u0131n\u0131 belirten Ba\u015fkan G\u00fcltak, spora verdikleri desteklerle de onlarca Akdenizli sporcunun ulusal ba\u015far\u0131lar\u0131n yan\u0131 s\u0131ra, D\u00fcnya ve Avrupa \u015fampiyonluklar\u0131 elde etti\u011finin alt\u0131n\u0131 \u00e7izdi. Kad\u0131nlara b\u00fcy\u00fck \u00f6nem verdiklerini de vurgulayan Ba\u015fkan G\u00fcltak, 12 tane k\u00fclt\u00fcr ve sanat evini hizmete a\u00e7t\u0131klar\u0131n\u0131 s\u00f6yledi.<br \/>\n\u201c\u015eehrin en haval\u0131 et\u00fct merkezi bizde\u201d<br \/>\nKonu\u015fmas\u0131nda, robotik kodlama ile ilgili yeni bir s\u0131n\u0131f a\u00e7t\u0131klar\u0131n\u0131 kaydeden Ba\u015fkan Mustafa G\u00fcltak, \u201c\u015eehrin en haval\u0131 et\u00fct merkezi de bizde\u2026 G\u00f6kdelen 29\u2019uncu katta hizmet veriyor. \u015eu anda 460 kapasite ile gen\u00e7lerimize \u00fcniversite haz\u0131rl\u0131k kursu veriyoruz. \u00d6zellikle mezun \u00f6\u011frencilerimizin ya\u015fad\u0131\u011f\u0131 s\u0131k\u0131nt\u0131y\u0131 ortadan kald\u0131rmak ad\u0131na da et\u00fct merkezini hafta sonlar\u0131 onlar i\u00e7in hizmete a\u00e7aca\u011f\u0131z\u201d diye konu\u015ftu. Ba\u015fkan G\u00fcltak, s\u00f6zlerini \u015f\u00f6yle s\u00fcrd\u00fcrd\u00fc;<br \/>\n\u201cZeki ve \u00fcst\u00fcn yetenekli \u00e7ocuklar\u0131m\u0131z\u0131 tespit ederek Mersin \u00dcniversitesi b\u00fcnyesindeki Bilim ve Sanat Merkezi\u2019ne (B\u0130LSEM) y\u00f6nlendirip e\u011fitim ihtiya\u00e7lar\u0131n\u0131 kar\u015f\u0131l\u0131yoruz. \u00dcniversiteye haz\u0131rlanan gen\u00e7lerimiz i\u00e7in hem et\u00fct merkezi hem de dijital e\u011fitim portal\u0131 haz\u0131rlay\u0131p onlara \u00fccretsiz ula\u015ft\u0131r\u0131yoruz.<br \/>\nE\u011fitimde ve sporda sa\u011flad\u0131\u011f\u0131m\u0131z destekler sayesinde Akdenizli gen\u00e7lerimiz yeni ve b\u00fcy\u00fck ba\u015far\u0131 hik\u00e2yeleri yaz\u0131yor; hem ailelerinin hem de bizlerin g\u00f6\u011fs\u00fcn\u00fc kabart\u0131yor, gurur kayna\u011f\u0131m\u0131z oluyor.<br \/>\nKimi gen\u00e7lerimiz T\u00fcrkiye\u2019nin en k\u00f6kl\u00fc \u00fcniversitelerinden hayalini kurduklar\u0131 b\u00f6l\u00fcmleri kazan\u0131rken, kimisi de sporda D\u00fcnya ve Avrupa \u015fampiyonluklar\u0131yla bayra\u011f\u0131m\u0131z\u0131 dalgaland\u0131r\u0131yor, \u0130stiklal Mar\u015f\u0131m\u0131z\u0131 d\u00fcnyaya dinletiyor. Akdeniz\u2019in de\u011fi\u015fim ve d\u00f6n\u00fc\u015f\u00fcm\u00fc devam edecek. Nitekim ekonomik geli\u015fmi\u015flik, e\u011fitim, mesleki kurslar, festivaller ve sporda elde etti\u011fimiz ba\u015far\u0131lar bunun ispat\u0131d\u0131r.\u201d<\/p>\n","protected":false},"excerpt":{"rendered":"<p>\u0130lki ge\u00e7en y\u0131l d\u00fczenlenen \u201cBilim Akdeniz\u2019de \u015eenleniyor\u201d program\u0131n\u0131n ikincisi, bu y\u0131l yine Millet Bah\u00e7esi\u2019nde ba\u015flad\u0131. Ge\u00e7en y\u0131l oldu\u011fu gibi bu y\u0131lki etkinlikte de konuklar\u0131 \u00e7e\u015fitli bilimsel at\u00f6lyeler ve renkli bilimsel &hellip; <a href=\"https:\/\/akdenizolaygazetesi.com\/?p=21622\" class=\"more-link\">Devam\u0131n\u0131 Oku&#8230;<\/a><\/p>\n","protected":false},"author":2,"featured_media":21623,"comment_status":"open","ping_status":"open","sticky":false,"template":"","format":"standard","meta":[],"categories":[2,3,11],"tags":[],"_links":{"self":[{"href":"https:\/\/akdenizolaygazetesi.com\/index.php?rest_route=\/wp\/v2\/posts\/21622"}],"collection":[{"href":"https:\/\/akdenizolaygazetesi.com\/index.php?rest_route=\/wp\/v2\/posts"}],"about":[{"href":"https:\/\/akdenizolaygazetesi.com\/index.php?rest_route=\/wp\/v2\/types\/post"}],"author":[{"embeddable":true,"href":"https:\/\/akdenizolaygazetesi.com\/index.php?rest_route=\/wp\/v2\/users\/2"}],"replies":[{"embeddable":true,"href":"https:\/\/akdenizolaygazetesi.com\/index.php?rest_route=%2Fwp%2Fv2%2Fcomments&post=21622"}],"version-history":[{"count":1,"href":"https:\/\/akdenizolaygazetesi.com\/index.php?rest_route=\/wp\/v2\/posts\/21622\/revisions"}],"predecessor-version":[{"id":21624,"href":"https:\/\/akdenizolaygazetesi.com\/index.php?rest_route=\/wp\/v2\/posts\/21622\/revisions\/21624"}],"wp:featuredmedia":[{"embeddable":true,"href":"https:\/\/akdenizolaygazetesi.com\/index.php?rest_route=\/wp\/v2\/media\/21623"}],"wp:attachment":[{"href":"https:\/\/akdenizolaygazetesi.com\/index.php?rest_route=%2Fwp%2Fv2%2Fmedia&parent=21622"}],"wp:term":[{"taxonomy":"category","embeddable":true,"href":"https:\/\/akdenizolaygazetesi.com\/index.php?rest_route=%2Fwp%2Fv2%2Fcategories&post=21622"},{"taxonomy":"post_tag","embeddable":true,"href":"https:\/\/akdenizolaygazetesi.com\/index.php?rest_route=%2Fwp%2Fv2%2Ftags&post=21622"}],"curies":[{"name":"wp","href":"https:\/\/api.w.org\/{rel}","templated":true}]}}