{"id":21625,"date":"2022-10-13T16:33:25","date_gmt":"2022-10-13T13:33:25","guid":{"rendered":"http:\/\/akdenizolaygazetesi.com\/?p=21625"},"modified":"2022-10-13T16:33:25","modified_gmt":"2022-10-13T13:33:25","slug":"simulatorlu-vinc-operatorlugu-egitimini-bitiren-gencler-sertifikalarini-aldi","status":"publish","type":"post","link":"https:\/\/akdenizolaygazetesi.com\/?p=21625","title":{"rendered":"S\u0130M\u00dcLAT\u00d6RL\u00dc V\u0130N\u00c7 OPERAT\u00d6RL\u00dc\u011e\u00dc E\u011e\u0130T\u0130M\u0130N\u0130 B\u0130T\u0130REN GEN\u00c7LER SERT\u0130F\u0130KALARINI ALDI"},"content":{"rendered":"<p>Lojistik Mesleki E\u011fitim Merkezi Projesi kapsam\u0131nda, uygulamal\u0131 sim\u00fclat\u00f6rl\u00fc vin\u00e7 operat\u00f6rl\u00fc\u011f\u00fc e\u011fitimi ile teorik lojistik ve end\u00fcstriyel ekipmanlar e\u011fitimini tamamlayan gen\u00e7lere sertifikalar\u0131 t\u00f6renle verildi.<br \/>\n\u00c7ukurova Kalk\u0131nma Ajans\u0131 (\u00c7KA) Sosyal Geli\u015fmeyi Destekleme Program\u0131 kapsam\u0131nda; Akdeniz Belediyesi y\u00fcr\u00fct\u00fcc\u00fcl\u00fc\u011f\u00fcnde Mersin \u00dcniversitesi, Mersin Ticaret Sanayi Odas\u0131 ile Uluslararas\u0131 Liman \u0130\u015fletmecili\u011fi A.\u015e. (MIP) i\u015fbirli\u011fiyle y\u00fcr\u00fct\u00fclen; \u201cLojistik Mesleki E\u011fitim Merkezi Projesi Sertifika T\u00f6reni\u201d d\u00fczenlendi.<br \/>\nSim\u00fclat\u00f6rl\u00fc vin\u00e7 e\u011fitimi T\u00fcrkiye\u2019de bir ilk!<br \/>\nAkdeniz Belediye Ba\u015fkan\u0131 M. Mustafa G\u00fcltak, ME\u00dc Rekt\u00f6r\u00fc Prof. Dr. Ahmet \u00c7amsar\u0131, \u00c7KA Genel Sekreteri Ahmet R\u0131fat Duran, MIP \u0130nsan Kaynaklar\u0131 M\u00fcd\u00fcr\u00fc Nuri Peker, MTSO yetkilileri ile b\u00fcrokratlar\u0131n kat\u0131ld\u0131\u011f\u0131 t\u00f6rende, T\u00fcrkiye\u2019de bir ilk olan 100 saat s\u00fcreli uygulamal\u0131 sim\u00fclat\u00f6r destekli liman vin\u00e7 operat\u00f6rl\u00fc\u011f\u00fc e\u011fitimi ile 40 saat s\u00fcreli teorik lojistik ve end\u00fcstriyel ekipmanlar e\u011fitimini ba\u015far\u0131yla tamamlay\u0131p gelece\u011fin vin\u00e7 operat\u00f6r\u00fc olacak 80 gence sertifikalar\u0131 verildi.<br \/>\nG\u00fcltak; \u201cE\u011fitimde kulland\u0131\u011f\u0131m\u0131z sim\u00fclat\u00f6r cihaz\u0131 T\u00fcrkiye\u2019de bir ilk\u201d<br \/>\nT\u00f6rende bir konu\u015fma yapan Ba\u015fkan G\u00fcltak, T\u00fcrkiye\u2019nin en \u00f6nemli liman kentlerinden biri olan Mersin\u2019de sim\u00fclat\u00f6rl\u00fc vin\u00e7 operat\u00f6rl\u00fc\u011f\u00fc e\u011fitimi vererek gen\u00e7leri bilimsel e\u011fitim ve modern ara\u00e7 gere\u00e7lerle meslek sahibi yapmak i\u00e7in yola \u00e7\u0131kt\u0131klar\u0131n\u0131 anlatt\u0131. Ba\u015fkan G\u00fcltak, \u201c\u00d6ncelikle ME\u00dc T\u0131p Fak\u00fcltesi eski acil servisi olan y\u0131pranm\u0131\u015f binay\u0131 yeniledik.  B\u00f6lgede bir hareket, esnafa da canl\u0131l\u0131k geldi. Sadece bu e\u011fitimi de\u011fil, \u015fu an yine \u00c7KA\u2019dan ev ve s\u00fcs bitkileri ile ilgili 2,4 milyon b\u00fct\u00e7eli bir projemiz de ge\u00e7ti. 22 kad\u0131n\u0131n istihdam edilece\u011fi, al\u0131c\u0131lar\u0131n\u0131n da haz\u0131r olaca\u011f\u0131 bir proje bu. Meclis\u2019ten yetkiyi ald\u0131k, projemize h\u0131zla ba\u015fl\u0131yoruz. Dolay\u0131s\u0131yla o binam\u0131z art\u0131k bu t\u00fcr projelere daima a\u00e7\u0131k olacak\u201d dedi. Akdeniz\u2019de hayata ge\u00e7en projelere verdi\u011fi desteklerden \u00f6t\u00fcr\u00fc Sanayi ve Teknoloji Bakan\u0131 Mustafa Varank ve projelerin orta\u011f\u0131 olan kurum ve kurulu\u015flara te\u015fekk\u00fcr eden Ba\u015fkan G\u00fcltak; \u201cE\u011fitimde kulland\u0131\u011f\u0131m\u0131z sim\u00fclat\u00f6r cihaz\u0131 T\u00fcrkiye\u2019de bir ilk. \u0130lk kez b\u00f6yle bir e\u011fitim veriliyor. Millet \u2018metaverse\u2019 konu\u015furken, Mersin\u2019e ilk kez bu mant\u0131\u011f\u0131 kente getirdik. Bu proje de belediyemizin ilklerinden bir tanesi ve gen\u00e7lerimizin i\u015f bulmas\u0131na y\u00f6nelik bir proje\u201d \u015feklinde konu\u015ftu.<br \/>\nProf. Dr. \u00c7amsar\u0131; \u201cBa\u015flad\u0131\u011f\u0131n\u0131z projeyi yar\u0131m b\u0131rakmaman\u0131z laz\u0131m\u201d<br \/>\nMersin \u00dcniversitesi Rekt\u00f6r\u00fc Prof. Dr. Ahmet \u00c7amsar\u0131 da konu\u015fmas\u0131nda, T\u00fcrkiye\u2019nin en fazla proje \u00fcreten ilk 3 \u00fcniversitesinden biri olduklar\u0131n\u0131 vurgulad\u0131; Akdenizli gen\u00e7lerin ve kad\u0131nlar\u0131n e\u011fitimi, meslek kazand\u0131r\u0131lmas\u0131 ve istihdam\u0131 i\u00e7in projeler \u00fcreten Ba\u015fkan G\u00fcltak\u2019a te\u015fekk\u00fcr etti. Prof. Dr. \u00c7amsar\u0131; \u201cMersin\u2019e ilk geldi\u011fimde, buran\u0131n bir proje \u00e7\u00f6pl\u00fc\u011f\u00fc oldu\u011funu s\u00f6ylemi\u015ftim. Herkesin a\u011fz\u0131nda bir proje dola\u015f\u0131yor ama hi\u00e7birinin sonuca kavu\u015ftu\u011fu veya klinikte kullan\u0131l\u0131rl\u0131\u011f\u0131 yok. Onun i\u00e7in ba\u015flad\u0131\u011f\u0131n\u0131z \u015feyi yar\u0131m b\u0131rakmaman\u0131z laz\u0131m. Bu merkezin gelece\u011fine ili\u015fkin tart\u0131\u015fmalar\u0131m\u0131zda bir\u00e7ok fikir \u00e7\u0131kt\u0131. Ancak en \u00e7ok ho\u015fumuza giden sim\u00fclat\u00f6rl\u00fc vin\u00e7 operat\u00f6rl\u00fc\u011f\u00fc projesi oldu. \u00c7\u00fcnk\u00fc T\u00fcrkiye\u2019de i\u015fsizli\u011fin en \u00e7ok ac\u0131tan\u0131; ilki \u00fcniversite mezunu i\u015fsizlik, ikincisi de gen\u00e7 i\u015fsizlik\u201d ifadelerini kulland\u0131.<br \/>\nPeker; \u201cSekt\u00f6r\u00fcm\u00fcz\u00fcn insan kayna\u011f\u0131na katk\u0131 bulunacak bir proje\u201d<br \/>\nMIP \u0130nsan Kaynaklar\u0131 M\u00fcd\u00fcr\u00fc Nuri Peker ise yapt\u0131\u011f\u0131 konu\u015fmada, \u201cSekt\u00f6r\u00fcm\u00fcz\u00fcn insan kayna\u011f\u0131na \u00f6nemli katk\u0131da bulunaca\u011f\u0131na inand\u0131\u011f\u0131m\u0131z lojistik mesleki e\u011fitim projesinin bir par\u00e7as\u0131 olmaktan memnuniyet duyuyoruz. Sertifika almaya hak kazanan t\u00fcm kursiyerlerimizi tebrik ediyorum. MIP olarak, her f\u0131rsatta T\u00fcrkiye\u2019nin avantajl\u0131 konumu ile ta\u015f\u0131d\u0131\u011f\u0131 g\u00fcce dayal\u0131 potansiyele inand\u0131\u011f\u0131m\u0131z\u0131 s\u00f6yl\u00fcyoruz. Bu inan\u00e7la \u00fclke ekonomisine ve b\u00f6lgemize de\u011fer katacak yat\u0131r\u0131mlara h\u0131z kesmeden devam ediyoruz. Ayn\u0131 zamanda sekt\u00f6r\u00fcm\u00fcz\u00fcn ve kentimizin sosyal geli\u015fimine fayda sa\u011flayan projelere destek olmay\u0131 \u00f6nemsiyoruz\u201d \u015feklinde konu\u015ftu.<br \/>\nKonu\u015fmalar\u0131n ard\u0131ndan \u00f6nce plaket t\u00f6reni, sonras\u0131nda da 100 saat s\u00fcreli uygulamal\u0131 sim\u00fclat\u00f6r destekli liman vin\u00e7 operat\u00f6rl\u00fc\u011f\u00fc e\u011fitimi ile 40 saat s\u00fcreli teorik lojistik ve end\u00fcstriyel ekipmanlar e\u011fitimini ba\u015far\u0131yla tamamlay\u0131p mesleki yeterlilik kazanan Akdenizli gen\u00e7lere sertifikalar\u0131 takdim edildi. <\/p>\n","protected":false},"excerpt":{"rendered":"<p>Lojistik Mesleki E\u011fitim Merkezi Projesi kapsam\u0131nda, uygulamal\u0131 sim\u00fclat\u00f6rl\u00fc vin\u00e7 operat\u00f6rl\u00fc\u011f\u00fc e\u011fitimi ile teorik lojistik ve end\u00fcstriyel ekipmanlar e\u011fitimini tamamlayan gen\u00e7lere sertifikalar\u0131 t\u00f6renle verildi. \u00c7ukurova Kalk\u0131nma Ajans\u0131 (\u00c7KA) Sosyal Geli\u015fmeyi Destekleme &hellip; <a href=\"https:\/\/akdenizolaygazetesi.com\/?p=21625\" class=\"more-link\">Devam\u0131n\u0131 Oku&#8230;<\/a><\/p>\n","protected":false},"author":2,"featured_media":21626,"comment_status":"open","ping_status":"open","sticky":false,"template":"","format":"standard","meta":[],"categories":[3],"tags":[],"_links":{"self":[{"href":"https:\/\/akdenizolaygazetesi.com\/index.php?rest_route=\/wp\/v2\/posts\/21625"}],"collection":[{"href":"https:\/\/akdenizolaygazetesi.com\/index.php?rest_route=\/wp\/v2\/posts"}],"about":[{"href":"https:\/\/akdenizolaygazetesi.com\/index.php?rest_route=\/wp\/v2\/types\/post"}],"author":[{"embeddable":true,"href":"https:\/\/akdenizolaygazetesi.com\/index.php?rest_route=\/wp\/v2\/users\/2"}],"replies":[{"embeddable":true,"href":"https:\/\/akdenizolaygazetesi.com\/index.php?rest_route=%2Fwp%2Fv2%2Fcomments&post=21625"}],"version-history":[{"count":1,"href":"https:\/\/akdenizolaygazetesi.com\/index.php?rest_route=\/wp\/v2\/posts\/21625\/revisions"}],"predecessor-version":[{"id":21627,"href":"https:\/\/akdenizolaygazetesi.com\/index.php?rest_route=\/wp\/v2\/posts\/21625\/revisions\/21627"}],"wp:featuredmedia":[{"embeddable":true,"href":"https:\/\/akdenizolaygazetesi.com\/index.php?rest_route=\/wp\/v2\/media\/21626"}],"wp:attachment":[{"href":"https:\/\/akdenizolaygazetesi.com\/index.php?rest_route=%2Fwp%2Fv2%2Fmedia&parent=21625"}],"wp:term":[{"taxonomy":"category","embeddable":true,"href":"https:\/\/akdenizolaygazetesi.com\/index.php?rest_route=%2Fwp%2Fv2%2Fcategories&post=21625"},{"taxonomy":"post_tag","embeddable":true,"href":"https:\/\/akdenizolaygazetesi.com\/index.php?rest_route=%2Fwp%2Fv2%2Ftags&post=21625"}],"curies":[{"name":"wp","href":"https:\/\/api.w.org\/{rel}","templated":true}]}}