{"id":21628,"date":"2022-10-14T13:39:04","date_gmt":"2022-10-14T10:39:04","guid":{"rendered":"http:\/\/akdenizolaygazetesi.com\/?p=21628"},"modified":"2022-10-14T13:39:04","modified_gmt":"2022-10-14T10:39:04","slug":"kirmizi-seytanlar-elazig-deplasmaninda","status":"publish","type":"post","link":"https:\/\/akdenizolaygazetesi.com\/?p=21628","title":{"rendered":"KIRMIZI \u015eEYTANLAR, ELAZI\u011e DEPLASMANINDA"},"content":{"rendered":"<p>Yeni Mersin \u0130dman Yurdu, TFF 3. Lig 1. Grup&#8217;un 7. haftas\u0131nda Entegre Solar Elaz\u0131\u011fspor&#8217;a konuk olacak. Do\u011fukent H\u0131d\u0131r Bilek Stadyumu&#8217;nda oynanacak m\u00fccadele yar\u0131n saat 14.00&#8217;ta ba\u015flayacak.<br \/>\nSezona iyi bir ba\u015flang\u0131\u00e7 yapan K\u0131rm\u0131z\u0131 \u015eeytanlar, oynad\u0131\u011f\u0131 6 ma\u00e7ta toplad\u0131\u011f\u0131 15 puan ile ligde 1&#8217;inci s\u0131rada yer al\u0131rken; ev sahibi Elaz\u0131\u011fspor ise 10 puan ile 6&#8217;nc\u0131 basamakta bulunuyor.<br \/>\nTeknik Direkt\u00f6r Ersin Aka y\u00f6netiminde haz\u0131rl\u0131klar\u0131n\u0131 tamamlayan ve d\u00fcn Elaz\u0131\u011f&#8217;a hareket eden K\u0131rm\u0131z\u0131 Lacivertliler, ma\u00e7tan \u00f6nceki son antrenman\u0131n\u0131 bug\u00fcn ger\u00e7ekle\u015ftirerek ma\u00e7 saatini beklemeye ge\u00e7ecek.<br \/>\nOynad\u0131\u011f\u0131 son 4 ma\u00e7tan da galibiyetle ayr\u0131lan Yeni Mersin \u0130dman Yurdu, zorlu deplasmanda 3 puan alarak galibiyet serisini s\u00fcrd\u00fcrmek istiyor.<br \/>\nK\u0131rm\u0131z\u0131 Lacivertlilerde, sakatl\u0131\u011f \u0131 devam eden Mu\u011fdat \u00c7elik ve sar\u0131 kart cezal\u0131s\u0131 Aslan G\u00f6k forma giyemeyecek. <\/p>\n<p>&#8220;L\u0130GDEK\u0130 EN ZOR DEPLASMANLARDAN B\u0130R\u0130NE G\u0130D\u0130YORUZ&#8221;<\/p>\n<p>Ma\u00e7 \u00f6ncesi a\u00e7\u0131klamalarda bulunan Teknik Direkt\u00f6r Ersin Aka, &#8220;Ligdeki en zor deplasmanlardan birine gidiyoruz. Elaz\u0131\u011fspor ge\u00e7en seneden kurulu olan ve birbiri ile oynamaya al\u0131\u015fm\u0131\u015f bir tak\u0131m. Sezona da iyi ba\u015flad\u0131lar. Biz de hafta boyunca rakibimizi iyi analiz ettik ve \u00e7al\u0131\u015fmalar\u0131m\u0131z\u0131 buna g\u00f6re ger\u00e7ekle\u015ftirdik. Haftaya lider giriyoruz. \u0130n\u015fallah Elaz\u0131\u011f deplasman\u0131ndan da galibiyetle ayr\u0131larak lider gitti\u011fimiz deplasmandan lider d\u00f6neriz&#8221; diye konu\u015ftu.<\/p>\n","protected":false},"excerpt":{"rendered":"<p>Yeni Mersin \u0130dman Yurdu, TFF 3. Lig 1. Grup&#8217;un 7. haftas\u0131nda Entegre Solar Elaz\u0131\u011fspor&#8217;a konuk olacak. Do\u011fukent H\u0131d\u0131r Bilek Stadyumu&#8217;nda oynanacak m\u00fccadele yar\u0131n saat 14.00&#8217;ta ba\u015flayacak. Sezona iyi bir ba\u015flang\u0131\u00e7 &hellip; <a href=\"https:\/\/akdenizolaygazetesi.com\/?p=21628\" class=\"more-link\">Devam\u0131n\u0131 Oku&#8230;<\/a><\/p>\n","protected":false},"author":2,"featured_media":21629,"comment_status":"open","ping_status":"open","sticky":false,"template":"","format":"standard","meta":[],"categories":[3,10],"tags":[],"_links":{"self":[{"href":"https:\/\/akdenizolaygazetesi.com\/index.php?rest_route=\/wp\/v2\/posts\/21628"}],"collection":[{"href":"https:\/\/akdenizolaygazetesi.com\/index.php?rest_route=\/wp\/v2\/posts"}],"about":[{"href":"https:\/\/akdenizolaygazetesi.com\/index.php?rest_route=\/wp\/v2\/types\/post"}],"author":[{"embeddable":true,"href":"https:\/\/akdenizolaygazetesi.com\/index.php?rest_route=\/wp\/v2\/users\/2"}],"replies":[{"embeddable":true,"href":"https:\/\/akdenizolaygazetesi.com\/index.php?rest_route=%2Fwp%2Fv2%2Fcomments&post=21628"}],"version-history":[{"count":1,"href":"https:\/\/akdenizolaygazetesi.com\/index.php?rest_route=\/wp\/v2\/posts\/21628\/revisions"}],"predecessor-version":[{"id":21630,"href":"https:\/\/akdenizolaygazetesi.com\/index.php?rest_route=\/wp\/v2\/posts\/21628\/revisions\/21630"}],"wp:featuredmedia":[{"embeddable":true,"href":"https:\/\/akdenizolaygazetesi.com\/index.php?rest_route=\/wp\/v2\/media\/21629"}],"wp:attachment":[{"href":"https:\/\/akdenizolaygazetesi.com\/index.php?rest_route=%2Fwp%2Fv2%2Fmedia&parent=21628"}],"wp:term":[{"taxonomy":"category","embeddable":true,"href":"https:\/\/akdenizolaygazetesi.com\/index.php?rest_route=%2Fwp%2Fv2%2Fcategories&post=21628"},{"taxonomy":"post_tag","embeddable":true,"href":"https:\/\/akdenizolaygazetesi.com\/index.php?rest_route=%2Fwp%2Fv2%2Ftags&post=21628"}],"curies":[{"name":"wp","href":"https:\/\/api.w.org\/{rel}","templated":true}]}}