{"id":21631,"date":"2022-10-14T13:40:49","date_gmt":"2022-10-14T10:40:49","guid":{"rendered":"http:\/\/akdenizolaygazetesi.com\/?p=21631"},"modified":"2022-10-14T13:40:49","modified_gmt":"2022-10-14T10:40:49","slug":"yataga-bagimliydi-mersin-buyuksehirin-hizmeti-ile-yurumeye-basladi","status":"publish","type":"post","link":"https:\/\/akdenizolaygazetesi.com\/?p=21631","title":{"rendered":"YATA\u011eA BA\u011eIMLIYDI, MERS\u0130N B\u00dcY\u00dcK\u015eEH\u0130R&#8217;\u0130N H\u0130ZMET\u0130 \u0130LE Y\u00dcR\u00dcMEYE BA\u015eLADI"},"content":{"rendered":"<p>Mersin B\u00fcy\u00fck\u015fehir Belediyesi&#8217;nin Sa\u011fl\u0131k \u0130\u015fleri Dairesi b\u00fcnyesinde hizmet veren Evde Sa\u011fl\u0131k Birimi ekipleri, 37 ya\u015f\u0131ndaki diren\u00e7li epilepsi hastas\u0131 Servet Soncu&#8217;nun ya\u015fam\u0131nda bir mucize ye\u015fertti.<br \/>\nHastal\u0131\u011f\u0131ndan dolay\u0131 girdi\u011fi ameliyatlar\u0131n ard\u0131ndan, yakla\u015f\u0131k 9 y\u0131l boyunca yata\u011fa ba\u011f\u0131ml\u0131 hale gelen Servet Soncu, B\u00fcy\u00fck\u015fehir Belediyesi&#8217;nin evde uygulanan fizik tedavi hizmeti ile tan\u0131\u015ft\u0131ktan sonra, 6 ay i\u00e7erisinde tam ba\u011f\u0131ms\u0131z bir \u015fekilde y\u00fcr\u00fcmeye ve t\u00fcm ihtiya\u00e7lar\u0131n\u0131 kar\u015f\u0131lamaya ba\u015flad\u0131. Fizik tedavi hizmetine ba\u015flamadan \u00f6ncesine kadar, annesinden sadece su isteyip ve &#8220;ac\u0131kt\u0131m&#8221; demek d\u0131\u015f\u0131nda hi\u00e7bir harekette bulunamayan Servet Soncu; art\u0131k kendi ba\u015f\u0131na yemek yiyor, kitap okuyor, merdiven \u00e7\u0131k\u0131yor, hatta Engelsiz Ya\u015fam Park\u0131&#8217;nda arkada\u015flar\u0131yla aktivitelere kat\u0131l\u0131yor.<br \/>\nAslan: &#8220;Tedaviye ba\u015flad\u0131\u011f\u0131m\u0131zda tamamen yata\u011fa ba\u011f\u0131ml\u0131yd\u0131&#8221;<br \/>\nB\u00fcy\u00fck\u015fehir Belediyesi Sa\u011fl\u0131k \u0130\u015fleri Dairesi Evde Sa\u011fl\u0131k Birimi&#8217;nde g\u00f6revli Fizyoterapist Zeynep Aslan, &#8220;Bu 6 ayl\u0131k s\u00fcre\u00e7te tedavimizi ba\u015flatt\u0131k. Servet Bey&#8217;le tedaviye ba\u015flad\u0131\u011f\u0131m\u0131zda, tamamen yata\u011fa ba\u011f\u0131ml\u0131 haldeydi. Hi\u00e7bir ihtiyac\u0131n\u0131 kendi ba\u015f\u0131na kar\u015f\u0131layam\u0131yordu. \u0130lk \u00f6nce pasif hareketlerle ba\u015flad\u0131k. Kas g\u00fcc\u00fcm\u00fcz gelmeye ba\u015flad\u0131k\u00e7a, bunlara ufak diren\u00e7ler ekledik. Yatak i\u00e7inde kuvvetini kazand\u0131ktan sonra, a\u011f\u0131rl\u0131klarla \u00e7al\u0131\u015fmaya ba\u015flad\u0131k. Bundan sonraki s\u00fcre\u00e7te bacak kaslar\u0131n\u0131 kuvvetlendirmesi i\u00e7in, g\u00f6vde dengesi \u00e7al\u0131\u015ft\u0131k. Ayakta durmaya ba\u015flay\u0131nca da y\u00fcr\u00fcme egzersizleri ile devam ettik. \u015eu an Servet Bey hem evin i\u00e7inde, hem de evin d\u0131\u015f\u0131nda tam ba\u011f\u0131ms\u0131z olarak y\u00fcr\u00fcyebiliyor ve t\u00fcm ihtiya\u00e7lar\u0131n\u0131 kendisi g\u00f6rebiliyor&#8221; dedi.<br \/>\nSoncu: &#8220;Y\u00fcr\u00fcmek harika bir \u015fey&#8221;<br \/>\nTedavi s\u00fcresince g\u00f6sterdi\u011fi azimle b\u00fcy\u00fck bir yol kat eden Servet Soncu, &#8220;Hizmet \u00e7ok g\u00fczel. Ailemize katt\u0131k arkada\u015flar\u0131. Kap\u0131da kar\u015f\u0131l\u0131yoruz onlar\u0131. \u00c7ok i\u00e7ten davran\u0131yorum. Y\u00fcr\u00fcyemiyordum, annem vard\u0131 yan\u0131mda. Y\u00fcr\u00fcmek harika bir \u015fey&#8221; dedi.<br \/>\nAnne Soncu: &#8220;9 y\u0131ld\u0131r kendi ihtiya\u00e7lar\u0131n\u0131 gideremiyordu&#8221;<br \/>\nO\u011flu Servet&#8217;in hastal\u0131k s\u00fcreci hakk\u0131nda bilgi veren anne Arzu Soncu, &#8220;8 ya\u015f\u0131nda ba\u015f ve kar\u0131n a\u011fr\u0131lar\u0131ndan doktora ba\u015fvurduk. Beyinde 3 apse oldu\u011fu ortaya \u00e7\u0131kt\u0131. Hemen beyin ameliyat\u0131na ald\u0131lar. Bir s\u00fcre sonra tekrar beyin ameliyat\u0131na ald\u0131lar. \u00c7\u00fcnk\u00fc \u00e7ok zay\u0131f d\u00fc\u015fm\u00fc\u015ft\u00fc.  Bu iki ameliyattan sonra \u00e7ok diren\u00e7li n\u00f6betler ba\u015flad\u0131. N\u00f6betleri durdurmaya \u00e7al\u0131\u015ft\u0131lar, fakat n\u00f6betler \u00e7ok diren\u00e7li oldu\u011fu i\u00e7in durmuyordu. 26-27 ya\u015flar\u0131nda, v\u00fccudunu art\u0131k ta\u015f\u0131yamaz duruma geldi. Hareketsizlikten kilo da almaya ba\u015flad\u0131. Bu s\u00fcre\u00e7 i\u00e7erisinde bak\u0131ma muhta\u00e7 duruma d\u00fc\u015ft\u00fc. N\u00f6betlerden dolay\u0131 beyin biraz zay\u0131flamaya ba\u015flad\u0131. 9 y\u0131ld\u0131r da kendi ihtiya\u00e7lar\u0131n\u0131 gideremez durumdayd\u0131&#8221; dedi.<br \/>\n&#8220;Sevincimi ve mutlulu\u011fumu tarif edemiyorum&#8221;<br \/>\n\u0130zmir&#8217;de ya\u015fayan o\u011flunun Mersin B\u00fcy\u00fck\u015fehir Belediyesi&#8217;nin fizik tedavi hizmetinden haberdar oldu\u011funu ve ileti\u015fim kurarak ba\u015fvuruda bulundu\u011funu s\u00f6yleyen Soncu, &#8220;Ba\u015fkan\u0131m\u0131z Vahap Se\u00e7er&#8217;in b\u00f6yle bir hizmet verdi\u011fini duyunca oraya ba\u015fvurduk ve bize fizik tedavi i\u00e7in uygun oldu\u011fu s\u00f6ylendi. B\u00f6ylece Servet&#8217;in fizik tedavisi ba\u015flad\u0131. G\u00fcn g\u00fcn ilerledi ve 6 ayd\u0131r devam ediyor. \u015eu anda Allah&#8217;\u0131ma binlerce \u015f\u00fck\u00fcr, y\u00fcr\u00fcr durumda. T\u00fcm ihtiya\u00e7lar\u0131n\u0131 kendisi giderebiliyor. Ba\u015fkan\u0131m\u0131za \u00e7ok \u00e7ok te\u015fekk\u00fcr ederiz. Evimizde de a\u011f\u0131rlamak isteriz. G\u00f6rmek isteriz. \u00c7ok mutluyum, \u00e7ok sevin\u00e7liyim. Tarif edemiyorum sevincimi&#8221; diye konu\u015ftu.<br \/>\n&#8220;Engelsiz Ya\u015fam Park\u0131, bize engelsiz bir ya\u015fam verdi&#8221;<br \/>\nEngelsiz Ya\u015fam Park\u0131&#8217;ndaki etkinliklerden hem o\u011flunun, hem de kendisinin faydaland\u0131\u011f\u0131n\u0131 da s\u00f6zlerine ekleyen Arzu Soncu, &#8220;Engelsiz Ya\u015fam Park\u0131&#8217;na da ba\u015fvurduk. Orada da \u00e7ok g\u00fczel faaliyetler var. Benim i\u00e7in de, o\u011flum i\u00e7in de&#8230; Kendimiz i\u00e7in zaman ay\u0131rm\u0131\u015f oluyoruz. Hep eve kapanm\u0131\u015ft\u0131k. Oras\u0131 bize ger\u00e7ekten engelsiz bir ya\u015fam verdi. \u015eimdi oraya devam ediyoruz. \u0130nsana dokunan bir proje ger\u00e7ekten&#8221; dedi.<\/p>\n","protected":false},"excerpt":{"rendered":"<p>Mersin B\u00fcy\u00fck\u015fehir Belediyesi&#8217;nin Sa\u011fl\u0131k \u0130\u015fleri Dairesi b\u00fcnyesinde hizmet veren Evde Sa\u011fl\u0131k Birimi ekipleri, 37 ya\u015f\u0131ndaki diren\u00e7li epilepsi hastas\u0131 Servet Soncu&#8217;nun ya\u015fam\u0131nda bir mucize ye\u015fertti. Hastal\u0131\u011f\u0131ndan dolay\u0131 girdi\u011fi ameliyatlar\u0131n ard\u0131ndan, yakla\u015f\u0131k &hellip; <a href=\"https:\/\/akdenizolaygazetesi.com\/?p=21631\" class=\"more-link\">Devam\u0131n\u0131 Oku&#8230;<\/a><\/p>\n","protected":false},"author":2,"featured_media":21632,"comment_status":"open","ping_status":"open","sticky":false,"template":"","format":"standard","meta":[],"categories":[3,9],"tags":[],"_links":{"self":[{"href":"https:\/\/akdenizolaygazetesi.com\/index.php?rest_route=\/wp\/v2\/posts\/21631"}],"collection":[{"href":"https:\/\/akdenizolaygazetesi.com\/index.php?rest_route=\/wp\/v2\/posts"}],"about":[{"href":"https:\/\/akdenizolaygazetesi.com\/index.php?rest_route=\/wp\/v2\/types\/post"}],"author":[{"embeddable":true,"href":"https:\/\/akdenizolaygazetesi.com\/index.php?rest_route=\/wp\/v2\/users\/2"}],"replies":[{"embeddable":true,"href":"https:\/\/akdenizolaygazetesi.com\/index.php?rest_route=%2Fwp%2Fv2%2Fcomments&post=21631"}],"version-history":[{"count":1,"href":"https:\/\/akdenizolaygazetesi.com\/index.php?rest_route=\/wp\/v2\/posts\/21631\/revisions"}],"predecessor-version":[{"id":21633,"href":"https:\/\/akdenizolaygazetesi.com\/index.php?rest_route=\/wp\/v2\/posts\/21631\/revisions\/21633"}],"wp:featuredmedia":[{"embeddable":true,"href":"https:\/\/akdenizolaygazetesi.com\/index.php?rest_route=\/wp\/v2\/media\/21632"}],"wp:attachment":[{"href":"https:\/\/akdenizolaygazetesi.com\/index.php?rest_route=%2Fwp%2Fv2%2Fmedia&parent=21631"}],"wp:term":[{"taxonomy":"category","embeddable":true,"href":"https:\/\/akdenizolaygazetesi.com\/index.php?rest_route=%2Fwp%2Fv2%2Fcategories&post=21631"},{"taxonomy":"post_tag","embeddable":true,"href":"https:\/\/akdenizolaygazetesi.com\/index.php?rest_route=%2Fwp%2Fv2%2Ftags&post=21631"}],"curies":[{"name":"wp","href":"https:\/\/api.w.org\/{rel}","templated":true}]}}