{"id":21634,"date":"2022-10-14T13:42:11","date_gmt":"2022-10-14T10:42:11","guid":{"rendered":"http:\/\/akdenizolaygazetesi.com\/?p=21634"},"modified":"2022-10-14T13:42:11","modified_gmt":"2022-10-14T10:42:11","slug":"minikbus-projesiyle-ogrenciler-geziyor-goruyor-bilgileniyor","status":"publish","type":"post","link":"https:\/\/akdenizolaygazetesi.com\/?p=21634","title":{"rendered":"&#8216;M\u0130N\u0130KB\u00dcS&#8217; PROJES\u0130YLE \u00d6\u011eRENC\u0130LER GEZ\u0130YOR, G\u00d6R\u00dcYOR, B\u0130LG\u0130LEN\u0130YOR"},"content":{"rendered":"<p>Mersin B\u00fcy\u00fck\u015fehir Belediyesi&#8217;nin, Sosyal Hizmetler Dairesi koordinesinde, ge\u00e7ti\u011fimiz y\u0131l \u00f6\u011frencilerin gezip g\u00f6rerek farkl\u0131 konularda bilgi sahibi olmalar\u0131 ad\u0131na ba\u015flatt\u0131\u011f\u0131 projeye, bu y\u0131l &#8216;Minikb\u00fcs&#8217; ad\u0131yla start verildi. Mersin ve il\u00e7elerinde belirlenen okullardaki \u00f6\u011frencileri kapsayan projeye, 9 daire ba\u015fkanl\u0131\u011f\u0131 katk\u0131 sunuyor. 10 Ekim&#8217;de ba\u015flayan ve 2023 y\u0131l\u0131 May\u0131s ay\u0131nda sonland\u0131r\u0131lacak proje kapsam\u0131nda, 16 okulda 2650 \u00f6\u011frenciye ula\u015f\u0131lmas\u0131 hedefleniyor.<br \/>\nProjenin ilk misafirleri, Akdeniz il\u00e7esinde bulunan Mimar Sinan Ortaokulu \u00f6\u011frencileri oldu. G\u00fcn boyu Arkeoloji M\u00fczesi ve MESK\u0130 Su M\u00fczesi gezdirilerek bilgilendirilen \u00f6\u011frenciler, ayr\u0131ca sinemaya da g\u00f6t\u00fcr\u00fclerek g\u00fczel bir g\u00fcn ge\u00e7irmeleri sa\u011fland\u0131.<br \/>\nDin\u00e7er: &#8220;16 okulda 2650 \u00f6\u011frencimize ula\u015fmay\u0131 hedefliyoruz&#8221;<br \/>\nMersin B\u00fcy\u00fck\u015fehir Belediyesi Sosyal Hizmetler Dairesi&#8217;nde Sosyal Hizmet Uzman\u0131 olarak g\u00f6rev yapan Ceyda Din\u00e7er, &#8220;Bu projemiz, 9 daire ba\u015fkanl\u0131\u011f\u0131m\u0131z\u0131n katk\u0131lar\u0131yla haz\u0131rland\u0131. Ge\u00e7ti\u011fimiz d\u00f6nem &#8216;Kent Turu&#8217; projesi ad\u0131 alt\u0131nda 11 gezi d\u00fczenleyerek, 321 \u00f6\u011frencimize ula\u015ft\u0131k. &#8216;Minikb\u00fcs&#8217; projemizde, i\u00e7erik ve kapsam\u0131 biraz daha geni\u015flettik. Bu y\u0131l, belirlenen 16 okulda e\u011fitim ve \u00f6\u011fretim g\u00f6ren 2650 \u00f6\u011frencimize ula\u015fmay\u0131 hedefliyoruz&#8221; dedi. Programa sadece dezavantajl\u0131 \u00f6\u011frencileri de\u011fil, il ve il\u00e7elerde e\u011fitim g\u00f6rmekte olan t\u00fcm \u00f6\u011frencileri dahil ettiklerini de vurgulayan Din\u00e7er, &#8220;Program\u0131m\u0131z kapsam\u0131nda hafta i\u00e7i 5 g\u00fcn, 5 farkl\u0131 lokasyona, 9 daire ba\u015fkanl\u0131\u011f\u0131m\u0131z\u0131n belirlemi\u015f oldu\u011fu programlar \u00e7er\u00e7evesinde geziler d\u00fczenlemeyi hedefliyoruz. Bizler Sosyal Hizmetler Dairesi olarak, m\u00fcze ve sinema etkinli\u011fini ger\u00e7ekle\u015ftirirken, projemizde yer alan di\u011fer daireler kendi planlar\u0131 do\u011frultusunda etkinliklerini ve gezilerini ger\u00e7ekle\u015ftirecekler. 10 Ekim itibariyle Mimar Sinan Ortaokulu&#8217;muzla gezilerimizi d\u00fczenlemeye ba\u015flad\u0131k ve ilk etab\u0131m\u0131z\u0131 ger\u00e7ekle\u015ftirdik&#8221; ifadesini kulland\u0131.<br \/>\nKeyifli vakit ge\u00e7iren \u00f6\u011frenciler, duygular\u0131n\u0131 dile getirdi<br \/>\nEtkinli\u011fe kat\u0131lan Mimar Sinan Ortaokulu \u00f6\u011frencilerinden Ya\u011fmur \u00d6m\u00fcr Naz, &#8220;M\u00fczeye geldik ve tarihi eserleri inceliyoruz. Daha \u00e7ok k\u0131yafetler ve k\u0131l\u0131\u00e7lar ilgimi \u00e7ekti. \u0130lk defa geliyorum ve \u00e7ok g\u00fczel bir yer. Gezdik, dola\u015ft\u0131k ve bilgi kazand\u0131k. \u00c7ok g\u00fczel heykeller var. Arkada\u015flar\u0131mla, hocamla birlikte gelmek g\u00fczeldi&#8221; dedi.<br \/>\nRamazan Berat S\u00f6nmez, &#8220;Arkada\u015flar\u0131m\u0131zla m\u00fczeyi ziyarete geldik. \u00c7ok be\u011fendim ve herkesin gelmesini isterim. Daha \u00f6nce gelmemi\u015ftim. K\u0131l\u0131\u00e7lar, silahlar, elbiseler, sanat eserleri ve tabaklar\u0131 be\u011fendim&#8221; diye konu\u015ftu.<br \/>\nEmir Sart\u0131k, &#8220;Buraya ilk defa geliyorum ve \u00e7ok g\u00fczel buldum. Arkada\u015flar\u0131mla birlikte geldik. \u00c7ok \u015feyler \u00f6\u011frendik. K\u0131l\u0131\u00e7lar\u0131, elle dikilen ayakkab\u0131lar\u0131 g\u00f6rd\u00fcm. Hepsi eski d\u00f6neme ait&#8221; ifadelerini kulland\u0131.<br \/>\nTarsuslu \u00f6\u011frenciler, Tarsus Do\u011fa Park\u0131&#8217;na g\u00f6t\u00fcr\u00fcld\u00fc<br \/>\n\u00d6te yandan ayn\u0131 proje kapsam\u0131nda Tarsus Fevzi \u00c7akmak Ortaokulu \u00f6\u011frencileri, B\u00fcy\u00fck\u015fehir Belediyesi Tar\u0131msal Hizmetler Dairesi Ba\u015fkanl\u0131\u011f\u0131&#8217;na ba\u011fl\u0131 Tarsus Do\u011fa Park\u0131&#8217;na g\u00f6t\u00fcr\u00fcld\u00fcler. Dezavantajl\u0131 b\u00f6lgeler aras\u0131nda yer alan Fevzi \u00c7akmak Mahallesi&#8217;nde bulunan Fevzi \u00c7akmak Ortaokulu&#8217;nda okuyan \u00f6\u011frenciler park\u0131 gezerek, farkl\u0131 t\u00fcrlerdeki hayvanlar\u0131 yak\u0131ndan g\u00f6rme imkan\u0131 buldular. Tarsus Do\u011fa Park\u0131&#8217;nda g\u00f6revli veteriner sa\u011fl\u0131k teknikeri \u00dcmit G\u00fcng\u00f6r&#8217;\u00fcn de sunum yapt\u0131\u011f\u0131 gezi program\u0131nda, \u00e7ocuklara de\u011fi\u015fik ikramlarda bulunuldu.<\/p>\n","protected":false},"excerpt":{"rendered":"<p>Mersin B\u00fcy\u00fck\u015fehir Belediyesi&#8217;nin, Sosyal Hizmetler Dairesi koordinesinde, ge\u00e7ti\u011fimiz y\u0131l \u00f6\u011frencilerin gezip g\u00f6rerek farkl\u0131 konularda bilgi sahibi olmalar\u0131 ad\u0131na ba\u015flatt\u0131\u011f\u0131 projeye, bu y\u0131l &#8216;Minikb\u00fcs&#8217; ad\u0131yla start verildi. Mersin ve il\u00e7elerinde belirlenen &hellip; <a href=\"https:\/\/akdenizolaygazetesi.com\/?p=21634\" class=\"more-link\">Devam\u0131n\u0131 Oku&#8230;<\/a><\/p>\n","protected":false},"author":2,"featured_media":21635,"comment_status":"open","ping_status":"open","sticky":false,"template":"","format":"standard","meta":[],"categories":[3],"tags":[],"_links":{"self":[{"href":"https:\/\/akdenizolaygazetesi.com\/index.php?rest_route=\/wp\/v2\/posts\/21634"}],"collection":[{"href":"https:\/\/akdenizolaygazetesi.com\/index.php?rest_route=\/wp\/v2\/posts"}],"about":[{"href":"https:\/\/akdenizolaygazetesi.com\/index.php?rest_route=\/wp\/v2\/types\/post"}],"author":[{"embeddable":true,"href":"https:\/\/akdenizolaygazetesi.com\/index.php?rest_route=\/wp\/v2\/users\/2"}],"replies":[{"embeddable":true,"href":"https:\/\/akdenizolaygazetesi.com\/index.php?rest_route=%2Fwp%2Fv2%2Fcomments&post=21634"}],"version-history":[{"count":1,"href":"https:\/\/akdenizolaygazetesi.com\/index.php?rest_route=\/wp\/v2\/posts\/21634\/revisions"}],"predecessor-version":[{"id":21636,"href":"https:\/\/akdenizolaygazetesi.com\/index.php?rest_route=\/wp\/v2\/posts\/21634\/revisions\/21636"}],"wp:featuredmedia":[{"embeddable":true,"href":"https:\/\/akdenizolaygazetesi.com\/index.php?rest_route=\/wp\/v2\/media\/21635"}],"wp:attachment":[{"href":"https:\/\/akdenizolaygazetesi.com\/index.php?rest_route=%2Fwp%2Fv2%2Fmedia&parent=21634"}],"wp:term":[{"taxonomy":"category","embeddable":true,"href":"https:\/\/akdenizolaygazetesi.com\/index.php?rest_route=%2Fwp%2Fv2%2Fcategories&post=21634"},{"taxonomy":"post_tag","embeddable":true,"href":"https:\/\/akdenizolaygazetesi.com\/index.php?rest_route=%2Fwp%2Fv2%2Ftags&post=21634"}],"curies":[{"name":"wp","href":"https:\/\/api.w.org\/{rel}","templated":true}]}}