{"id":21637,"date":"2022-10-14T13:44:19","date_gmt":"2022-10-14T10:44:19","guid":{"rendered":"http:\/\/akdenizolaygazetesi.com\/?p=21637"},"modified":"2022-10-14T13:44:19","modified_gmt":"2022-10-14T10:44:19","slug":"mersin-valisi-ali-hamza-pehlivan-anamurda-incelemelerde-bulundu","status":"publish","type":"post","link":"https:\/\/akdenizolaygazetesi.com\/?p=21637","title":{"rendered":"Mersin Valisi Ali Hamza Pehlivan Anamur\u2019da incelemelerde bulundu"},"content":{"rendered":"<p>\tMersin Orman B\u00f6lge M\u00fcd\u00fcr\u00fc Mustafa Yal\u00e7\u0131n, Akdeniz Sahil Yolu Melle\u00e7-Kaledran (Anamur) etab\u0131 ile ilgili koordinasyon i\u00e7in; Mersin Valimiz Say\u0131n Ali Hamza Pehlivan \u00f6nc\u00fcl\u00fc\u011f\u00fcnde, Karayollar\u0131 B\u00f6lge M\u00fcd\u00fcr\u00fc Mehmet Fidan, \u00c7evre \u015eehircilik ve \u0130klim De\u011fi\u015fikli\u011fi \u0130l M\u00fcd\u00fcr\u00fc H\u00fcseyin \u00d6zg\u00fcr Yal\u00e7\u0131n ile birlikte yap\u0131lan de\u011ferlendirme faaliyetlerine kat\u0131ld\u0131.<br \/>\nDaha sonra, Say\u0131n Valimiz Ali Hamza Pehlivan e\u015fli\u011finde Mersin Orman B\u00f6lge M\u00fcd\u00fcrl\u00fc\u011f\u00fc, Anamur Orman \u0130\u015fletme M\u00fcd\u00fcrl\u00fc\u011f\u00fc, Anamur Orman \u0130\u015fletme \u015eefli\u011fi s\u0131n\u0131rlar\u0131 i\u00e7inde bulunan, Milli Savunma Bakanl\u0131\u011f\u0131, Hava  Radar Komutanl\u0131\u011f\u0131 eski radar yerle\u015fkesinde incelemelerde bulundu.<br \/>\nYap\u0131lan incelemeler sonras\u0131nda, Mersin Valisi Say\u0131n Ali Hamza Pehlivan, Mersin Orman B\u00f6lge M\u00fcd\u00fcr\u00fc Mustafa Yal\u00e7\u0131n, Anamur ve Bozyaz\u0131 Orman \u0130\u015fletme M\u00fcd\u00fcrleri ile birlikte, Bozyaz\u0131 Kaymakaml\u0131\u011f\u0131 ve Bozyaz\u0131 Belediye Ba\u015fkanl\u0131\u011f\u0131na ziyarette bulunuldu. <\/p>\n","protected":false},"excerpt":{"rendered":"<p>Mersin Orman B\u00f6lge M\u00fcd\u00fcr\u00fc Mustafa Yal\u00e7\u0131n, Akdeniz Sahil Yolu Melle\u00e7-Kaledran (Anamur) etab\u0131 ile ilgili koordinasyon i\u00e7in; Mersin Valimiz Say\u0131n Ali Hamza Pehlivan \u00f6nc\u00fcl\u00fc\u011f\u00fcnde, Karayollar\u0131 B\u00f6lge M\u00fcd\u00fcr\u00fc Mehmet Fidan, \u00c7evre \u015eehircilik &hellip; <a href=\"https:\/\/akdenizolaygazetesi.com\/?p=21637\" class=\"more-link\">Devam\u0131n\u0131 Oku&#8230;<\/a><\/p>\n","protected":false},"author":2,"featured_media":21638,"comment_status":"open","ping_status":"open","sticky":false,"template":"","format":"standard","meta":[],"categories":[3,5],"tags":[],"_links":{"self":[{"href":"https:\/\/akdenizolaygazetesi.com\/index.php?rest_route=\/wp\/v2\/posts\/21637"}],"collection":[{"href":"https:\/\/akdenizolaygazetesi.com\/index.php?rest_route=\/wp\/v2\/posts"}],"about":[{"href":"https:\/\/akdenizolaygazetesi.com\/index.php?rest_route=\/wp\/v2\/types\/post"}],"author":[{"embeddable":true,"href":"https:\/\/akdenizolaygazetesi.com\/index.php?rest_route=\/wp\/v2\/users\/2"}],"replies":[{"embeddable":true,"href":"https:\/\/akdenizolaygazetesi.com\/index.php?rest_route=%2Fwp%2Fv2%2Fcomments&post=21637"}],"version-history":[{"count":1,"href":"https:\/\/akdenizolaygazetesi.com\/index.php?rest_route=\/wp\/v2\/posts\/21637\/revisions"}],"predecessor-version":[{"id":21639,"href":"https:\/\/akdenizolaygazetesi.com\/index.php?rest_route=\/wp\/v2\/posts\/21637\/revisions\/21639"}],"wp:featuredmedia":[{"embeddable":true,"href":"https:\/\/akdenizolaygazetesi.com\/index.php?rest_route=\/wp\/v2\/media\/21638"}],"wp:attachment":[{"href":"https:\/\/akdenizolaygazetesi.com\/index.php?rest_route=%2Fwp%2Fv2%2Fmedia&parent=21637"}],"wp:term":[{"taxonomy":"category","embeddable":true,"href":"https:\/\/akdenizolaygazetesi.com\/index.php?rest_route=%2Fwp%2Fv2%2Fcategories&post=21637"},{"taxonomy":"post_tag","embeddable":true,"href":"https:\/\/akdenizolaygazetesi.com\/index.php?rest_route=%2Fwp%2Fv2%2Ftags&post=21637"}],"curies":[{"name":"wp","href":"https:\/\/api.w.org\/{rel}","templated":true}]}}