{"id":21643,"date":"2022-10-14T13:48:10","date_gmt":"2022-10-14T10:48:10","guid":{"rendered":"http:\/\/akdenizolaygazetesi.com\/?p=21643"},"modified":"2022-10-14T13:48:10","modified_gmt":"2022-10-14T10:48:10","slug":"meryadtan-surdurulebilir-verimlilik-gunleri-semineri","status":"publish","type":"post","link":"https:\/\/akdenizolaygazetesi.com\/?p=21643","title":{"rendered":"MERYAD\u2019tan \u201c\u201cS\u00fcrd\u00fcr\u00fclebilir Verimlilik G\u00fcnleri\u201d Semineri"},"content":{"rendered":"<p>Uluslararas\u0131 \u00c7al\u0131\u015fma \u00d6rg\u00fct\u00fc (ILO), Tarsus \u00dcniversitesi ve Mersin Yat\u0131r\u0131mc\u0131 \u0130\u015f \u0130nsanlar\u0131 Derne\u011fi (MERYAD) i\u015fbirli\u011finde \u201cS\u00fcrd\u00fcr\u00fclebilir Verimlilik G\u00fcnleri\u201d program\u0131 d\u00fczenlendi.<br \/>\nDivan Otel\u2019de yap\u0131lan programa, Kuzey K\u0131br\u0131s T\u00fcrk Cumhuriyeti Mersin Ba\u015fkonsolosu Zalihe Mendeli, Tarsus \u00dcniversitesi Rekt\u00f6r\u00fc Prof. Dr. Orhan Ayd\u0131n, Mersin Yat\u0131r\u0131mc\u0131 \u0130\u015f \u0130nsanlar\u0131 Derne\u011fi Y\u00f6netim Kurulu Ba\u015fkan\u0131 Co\u015fkun Do\u011fmu\u015f, sivil toplum kurulu\u015fu temsilcileri, \u00fcniversite temsilcileri ile i\u015f d\u00fcnyas\u0131ndan \u00e7ok say\u0131da ki\u015fi kat\u0131ld\u0131.<br \/>\n\u201cS\u00fcrd\u00fcr\u00fclebilir Verimlilik G\u00fcnleri\u201d program\u0131n\u0131n a\u00e7\u0131l\u0131\u015f konu\u015fmas\u0131n\u0131 yapan Mersin Yat\u0131r\u0131mc\u0131 \u0130\u015f \u0130nsanlar\u0131 Derne\u011fi Y\u00f6netim Kurulu Ba\u015fkan\u0131 Co\u015fkun Do\u011fmu\u015f, proje gurubunun ba\u015f\u0131nda ILO Score E\u011fitmeni ve Ardent Plastik Genel M\u00fcd\u00fcr\u00fc Hatice \u0130\u011fde\u2019nin bulundu\u011funu belirtti. Projeye destek veren kurum ve kurulu\u015flara te\u015fekk\u00fcr eden Ba\u015fkan Do\u011fmu\u015f, projenin Uluslararas\u0131 \u00c7al\u0131\u015fma \u00d6rg\u00fct\u00fc (ILO) ve Tarsus \u00dcniversitesi i\u015fbirli\u011finde firmalar\u0131n da kat\u0131l\u0131m\u0131 ile 2-2,5 ay s\u00fcrece\u011fini kaydetti.<br \/>\nTarsus \u00dcniversitesi hakk\u0131nda bilgi vererek konu\u015fmas\u0131na ba\u015flayan Tarsus \u00dcniversitesi Rekt\u00f6r\u00fc Prof. Dr. Orhan Ayd\u0131n, \u00fcniversiteyi her ge\u00e7en g\u00fcn daha da geli\u015ftirme azminde olduklar\u0131na vurgu yaparak, bu t\u00fcr etkinliklerde i\u015fbirli\u011fi i\u00e7erisinde bulunmaktan duydu\u011fu memnuniyeti dile getirdi. Prof. Dr. Orhan Ayd\u0131n, Tarsus \u00dcniversitesi\u2019nin b\u00f6lgedeki t\u00fcm dinamiklerle yak\u0131n i\u015fbirli\u011fi i\u00e7erisinde olaca\u011f\u0131 ortamlar\u0131n devam edece\u011fine inand\u0131\u011f\u0131n\u0131 kaydetti.<br \/>\n\u201cDe\u011fi\u015fen teknoloji, giderek \u00e7e\u015fitlenerek artan ihtiya\u00e7lar, artan pazar talebi ve bunun beraberinde getirdi\u011fi rekabet; zaman\u0131, insan kayna\u011f\u0131n\u0131 ve maliyeti do\u011fru bir \u015fekilde y\u00f6netmemimizi gerektiriyor.\u201ddiyen Prof. Dr. Ayd\u0131n, insan kaynaklar\u0131n\u0131, maliyeti, altyap\u0131y\u0131; de\u011fi\u015fen ortamda, de\u011fi\u015fen teknolojide, dinamik bir \u015fekilde uyumlanarak \u00fcretmek ad\u0131na gayret g\u00f6sterilmesi gerekti\u011fini belirtti. \u00dcniversite olarak de\u011fi\u015fen ihtiya\u00e7lar\u0131 iyi analiz ederek hareket ettiklerini s\u00f6yledi.<br \/>\nBu i\u015fbirliklerinin artarak devam etmesini umduklar\u0131n\u0131 belirten Prof. Dr. Orhan Ayd\u0131n, \u201cD\u00f6nem dinamik olma d\u00f6nemi\u2026 \u00d6yle bir sistem ki, bug\u00fcn bir m\u00fchendislik problemi olsa, \u00e7ok kompleks bir problem. Herkes gelece\u011fe y\u00f6nelik stratejiler belirliyor ama sizin gelecek olarak adland\u0131rd\u0131\u011f\u0131n\u0131z \u015fey, zaman\u0131n \u00f6nemli bir fonksiyonu. Gelecek \u00e7ok de\u011fi\u015fken. \u0130\u015fte bu da hepimizin dinamik olmas\u0131n\u0131 gerektiriyor, yal\u0131n \u00fcretim gibi, verimlilik gibi kavramlar\u0131 i\u00e7selle\u015ftirerek a\u015fina olmam\u0131z\u0131 gerektiriyor.. Bu da \u00fc\u00e7l\u00fc sac aya\u011f\u0131n\u0131, kamunun, \u00f6zel sekt\u00f6r\u00fcn ve \u00fcnivetsitenin her zaman iyi etkile\u015fim i\u00e7erisinde olmas\u0131n\u0131 gerektiriyor.\u201ddedi.<\/p>\n","protected":false},"excerpt":{"rendered":"<p>Uluslararas\u0131 \u00c7al\u0131\u015fma \u00d6rg\u00fct\u00fc (ILO), Tarsus \u00dcniversitesi ve Mersin Yat\u0131r\u0131mc\u0131 \u0130\u015f \u0130nsanlar\u0131 Derne\u011fi (MERYAD) i\u015fbirli\u011finde \u201cS\u00fcrd\u00fcr\u00fclebilir Verimlilik G\u00fcnleri\u201d program\u0131 d\u00fczenlendi. Divan Otel\u2019de yap\u0131lan programa, Kuzey K\u0131br\u0131s T\u00fcrk Cumhuriyeti Mersin Ba\u015fkonsolosu Zalihe &hellip; <a href=\"https:\/\/akdenizolaygazetesi.com\/?p=21643\" class=\"more-link\">Devam\u0131n\u0131 Oku&#8230;<\/a><\/p>\n","protected":false},"author":2,"featured_media":21644,"comment_status":"open","ping_status":"open","sticky":false,"template":"","format":"standard","meta":[],"categories":[8,1,3,5],"tags":[],"_links":{"self":[{"href":"https:\/\/akdenizolaygazetesi.com\/index.php?rest_route=\/wp\/v2\/posts\/21643"}],"collection":[{"href":"https:\/\/akdenizolaygazetesi.com\/index.php?rest_route=\/wp\/v2\/posts"}],"about":[{"href":"https:\/\/akdenizolaygazetesi.com\/index.php?rest_route=\/wp\/v2\/types\/post"}],"author":[{"embeddable":true,"href":"https:\/\/akdenizolaygazetesi.com\/index.php?rest_route=\/wp\/v2\/users\/2"}],"replies":[{"embeddable":true,"href":"https:\/\/akdenizolaygazetesi.com\/index.php?rest_route=%2Fwp%2Fv2%2Fcomments&post=21643"}],"version-history":[{"count":1,"href":"https:\/\/akdenizolaygazetesi.com\/index.php?rest_route=\/wp\/v2\/posts\/21643\/revisions"}],"predecessor-version":[{"id":21645,"href":"https:\/\/akdenizolaygazetesi.com\/index.php?rest_route=\/wp\/v2\/posts\/21643\/revisions\/21645"}],"wp:featuredmedia":[{"embeddable":true,"href":"https:\/\/akdenizolaygazetesi.com\/index.php?rest_route=\/wp\/v2\/media\/21644"}],"wp:attachment":[{"href":"https:\/\/akdenizolaygazetesi.com\/index.php?rest_route=%2Fwp%2Fv2%2Fmedia&parent=21643"}],"wp:term":[{"taxonomy":"category","embeddable":true,"href":"https:\/\/akdenizolaygazetesi.com\/index.php?rest_route=%2Fwp%2Fv2%2Fcategories&post=21643"},{"taxonomy":"post_tag","embeddable":true,"href":"https:\/\/akdenizolaygazetesi.com\/index.php?rest_route=%2Fwp%2Fv2%2Ftags&post=21643"}],"curies":[{"name":"wp","href":"https:\/\/api.w.org\/{rel}","templated":true}]}}