{"id":2165,"date":"2020-11-04T18:22:41","date_gmt":"2020-11-04T15:22:41","guid":{"rendered":"http:\/\/mersinekonomipolitikagazetesi.com\/?p=2165"},"modified":"2020-11-04T18:22:41","modified_gmt":"2020-11-04T15:22:41","slug":"mersin-chp-il-baskanligindan-soyluya-tepki","status":"publish","type":"post","link":"https:\/\/akdenizolaygazetesi.com\/?p=2165","title":{"rendered":"MERS\u0130N CHP \u0130L BA\u015eKANLI\u011eI\u2019NDAN SOYLU\u2019YA TEPK\u0130"},"content":{"rendered":"<p>CHP Merkez Y\u00f6netim Kurulu, \u0130\u00e7i\u015fleri Bakan\u0131 S\u00fcleyman Soylu&#8217;nun &#8216;CHP \u0130l ba\u015fkanlar\u0131n\u0131 bundan sonra \u015fehit cenazelerinde protokole kabul etmeyin&#8217; talimat\u0131 \u00fczerine 81 ilde ortak bas\u0131n a\u00e7\u0131klamas\u0131 yapma karar\u0131 ald\u0131. Bu do\u011frultuda Mersin CHP \u0130l Ba\u015fkanl\u0131\u011f\u0131\u2019nda da bir a\u00e7\u0131klama yap\u0131ld\u0131.<\/p>\n<p>Yap\u0131lan a\u00e7\u0131klamada; &#8216;\u015eehitlerimiz aras\u0131nda ayr\u0131m yapan anlay\u0131\u015f, \u015fimdi de \u015fehit cenazeleri \u00fczerinden milleti b\u00f6lmek pe\u015findedir&#8217; ifadelerine yer verildi.<\/p>\n<p>Cumhuriyet Halk Partisi (CHP) \u0130\u00e7i\u015fleri Bakan\u0131 S\u00fcleyman Soylu\u2019nun \u201cValilere m\u00fcste\u015far\u0131m \u00fczerinden talimat g\u00f6nderdim &#8216;CHP \u0130l ba\u015fkanlar\u0131n\u0131 bundan sonra \u015fehit cenazelerinde protokole kabul etmeyin&#8217; diye&#8221; \u015feklinde a\u00e7\u0131klamas\u0131na 81 ilde e\u015f zamanl\u0131 d\u00fczenledi\u011fi bas\u0131n a\u00e7\u0131klamas\u0131yla tepki g\u00f6sterdi. CHP Mersin \u0130l Ba\u015fkanl\u0131\u011f\u0131 Sekreteri Necla Bugay da konu ile ilgili il binas\u0131nda bas\u0131n a\u00e7\u0131klamas\u0131 yapt\u0131.<br \/>\n\u00a0<br \/>\nA\u00e7\u0131klamada \u015fu g\u00f6r\u00fc\u015fler yer ald\u0131:<\/p>\n<p>\u2019\u2019\u0130\u00e7i\u015fleri Bakan\u0131 S\u00fcleyman Soylu \u201cValilere, CHP il ba\u015fkanlar\u0131n\u0131 bundan sonra \u015fehit cenazelerinde protokole almay\u0131n talimat\u0131 verdim\u201d s\u00f6zleriyle toplumsal \u00e7at\u0131\u015fma ve kaos \u00e7a\u011fr\u0131s\u0131 yapm\u0131\u015ft\u0131r. Bu sorumsuz ve hadsiz tutum a\u00e7\u0131k\u00e7a ate\u015fle oynamakt\u0131r. \u015eehitlerimiz aras\u0131nda ayr\u0131m yapan anlay\u0131\u015f, \u015fimdi de \u015fehit cenazeleri \u00fczerinden milleti b\u00f6lmek pe\u015findedir. \u015eehitlerimiz siyasi partilerin de\u011fil milletimizin evlatlar\u0131d\u0131r. AK Parti Genel Ba\u015fkan\u0131 Erdo\u011fan bu a\u00e7\u0131klaman\u0131n neresindedir? E\u011fer bu a\u00e7\u0131klamay\u0131 reddedip derhal \u0130\u00e7i\u015fleri Bakan\u0131 hakk\u0131nda gere\u011fini yapmazlarsa, bilinmelidir ki bu m\u00fcnferit birinin densiz bir a\u00e7\u0131klamas\u0131 olmaktan \u00e7\u0131kar, derin mahfillerde haz\u0131rlanm\u0131\u015f soysuz bir kaos plan\u0131 oldu\u011funu g\u00f6sterir. Daha yeni tamamlanan se\u00e7imlerin toplumda gerilimleri yok edip s\u00fckunet ve huzuru tesis etmesi beklenirken, toplumu ter\u00f6rize eden bu a\u00e7\u0131klama e\u011fer densiz bir \u00e7\u0131k\u0131\u015f de\u011filse, o zaman yeni d\u00f6nemin \u00e7at\u0131\u015fma ve kaos \u00fczerinden kurguland\u0131\u011f\u0131n\u0131n delilidir.Ter\u00f6r\u00fcn k\u00f6k\u00fcn\u00fcn kaz\u0131nmas\u0131 ve bir daha \u015fehitlerimizin gelmemesi en b\u00fcy\u00fck arzumuzdur. Ancak \u015fehit cenazeleri olmas\u0131 durumunda bug\u00fcne kadar oldu\u011fu gibi bundan sonra da b\u00fct\u00fcn y\u00f6neticilerimiz, milletvekillerimiz, \u00a0il ba\u015fkanlar\u0131m\u0131z ve \u00f6rg\u00fctlerimiz tam kadro halinde orada \u015fehitlerimizin huzurunda olacaklard\u0131r. Hi\u00e7 kimsenin bunu engellemeye g\u00fcc\u00fc yetmeyecektir. \u00a0Ortaya \u00e7\u0131kabilecek olaylar\u0131n tek sorumlusu S\u00fcleyman Soylu ve ona imk\u00e2n veren iktidard\u0131r. Kamuoyuna sayg\u0131yla duyurulur.\u2019\u2019<\/p>\n","protected":false},"excerpt":{"rendered":"<p>CHP Merkez Y\u00f6netim Kurulu, \u0130\u00e7i\u015fleri Bakan\u0131 S\u00fcleyman Soylu&#8217;nun &#8216;CHP \u0130l ba\u015fkanlar\u0131n\u0131 bundan sonra \u015fehit cenazelerinde protokole kabul etmeyin&#8217; talimat\u0131 \u00fczerine 81 ilde ortak bas\u0131n a\u00e7\u0131klamas\u0131 yapma karar\u0131 ald\u0131. Bu do\u011frultuda &hellip; <a href=\"https:\/\/akdenizolaygazetesi.com\/?p=2165\" class=\"more-link\">Devam\u0131n\u0131 Oku&#8230;<\/a><\/p>\n","protected":false},"author":1,"featured_media":0,"comment_status":"open","ping_status":"open","sticky":false,"template":"","format":"standard","meta":[],"categories":[],"tags":[],"_links":{"self":[{"href":"https:\/\/akdenizolaygazetesi.com\/index.php?rest_route=\/wp\/v2\/posts\/2165"}],"collection":[{"href":"https:\/\/akdenizolaygazetesi.com\/index.php?rest_route=\/wp\/v2\/posts"}],"about":[{"href":"https:\/\/akdenizolaygazetesi.com\/index.php?rest_route=\/wp\/v2\/types\/post"}],"author":[{"embeddable":true,"href":"https:\/\/akdenizolaygazetesi.com\/index.php?rest_route=\/wp\/v2\/users\/1"}],"replies":[{"embeddable":true,"href":"https:\/\/akdenizolaygazetesi.com\/index.php?rest_route=%2Fwp%2Fv2%2Fcomments&post=2165"}],"version-history":[{"count":0,"href":"https:\/\/akdenizolaygazetesi.com\/index.php?rest_route=\/wp\/v2\/posts\/2165\/revisions"}],"wp:attachment":[{"href":"https:\/\/akdenizolaygazetesi.com\/index.php?rest_route=%2Fwp%2Fv2%2Fmedia&parent=2165"}],"wp:term":[{"taxonomy":"category","embeddable":true,"href":"https:\/\/akdenizolaygazetesi.com\/index.php?rest_route=%2Fwp%2Fv2%2Fcategories&post=2165"},{"taxonomy":"post_tag","embeddable":true,"href":"https:\/\/akdenizolaygazetesi.com\/index.php?rest_route=%2Fwp%2Fv2%2Ftags&post=2165"}],"curies":[{"name":"wp","href":"https:\/\/api.w.org\/{rel}","templated":true}]}}