{"id":21668,"date":"2022-10-17T12:37:25","date_gmt":"2022-10-17T09:37:25","guid":{"rendered":"http:\/\/akdenizolaygazetesi.com\/?p=21668"},"modified":"2022-10-17T12:37:25","modified_gmt":"2022-10-17T09:37:25","slug":"akdeniz-belediye-baskani-gultak-mahalle-muhtarlarini-agirladi","status":"publish","type":"post","link":"https:\/\/akdenizolaygazetesi.com\/?p=21668","title":{"rendered":"AKDEN\u0130Z BELED\u0130YE BA\u015eKANI G\u00dcLTAK, MAHALLE MUHTARLARINI A\u011eIRLADI"},"content":{"rendered":"<p>Ba\u015fkan G\u00fcltak, \u201c19 Ekim Muhtarlar G\u00fcn\u00fc\u201d dolay\u0131s\u0131yla Akdeniz\u2019e ba\u011fl\u0131 mahalle muhtarlar\u0131n\u0131, hafta sonu Silifke\u2019de deniz kenar\u0131nda bulunan bir otelde a\u011f\u0131rlad\u0131. Muhtarl\u0131k \u0130\u015fleri M\u00fcd\u00fcrl\u00fc\u011f\u00fc organizesinde ger\u00e7ekle\u015fen programda muhtarlar, aileleri ile birlikte 2 g\u00fcn s\u00fcren tatilin keyfini ya\u015fad\u0131.<br \/>\n\u0130stiklal Mar\u015f\u0131 ve Sayg\u0131 Duru\u015fu ile ba\u015flayan bulu\u015fmada s\u00f6z alan Ye\u015filova Mahalle Muhtar\u0131 Erg\u00fcn \u00dcnl\u00fc, 19 Ekim tarihini Muhtarlar G\u00fcn\u00fc ilan eden Cumhurba\u015fkan\u0131 Recep Tayyip Erdo\u011fan\u2019a te\u015fekk\u00fcr etti. Erg\u00fcn, \u201cAkdeniz Belediye Ba\u015fkan\u0131m\u0131z Say\u0131n G\u00fcltak\u2019a da b\u00f6ylesi bir organizasyon d\u00fczenleyip bizleri bir araya getirdi\u011fi i\u00e7in sonsuz te\u015fekk\u00fcr eder, muhtarlar g\u00fcn\u00fcm\u00fcz\u00fc kutlar\u0131m\u201d dedi.<br \/>\nKiremithane Mahallesi Muhtar\u0131 ve Mersin Muhtarlar Derne\u011fi Ba\u015fkan\u0131 Ali G\u00fclgen ise; \u201cMuhtarl\u0131k kurumunun kurulu\u015funun 193\u2019\u00fcnc\u00fc y\u0131l\u0131nday\u0131z. Bizleri bu anlaml\u0131 g\u00fcn\u00fcm\u00fczde bir araya getiren Akdeniz Belediye Ba\u015fkan\u0131m\u0131z Say\u0131n Mustafa G\u00fcltak ve ekibine \u00e7ok te\u015fekk\u00fcr ediyorum. Muhtarlar g\u00fcn\u00fcn\u00fcz\u00fc kutluyor, hep birlikte daha nice mutlu ve sa\u011fl\u0131kl\u0131 y\u0131llar diliyorum\u201d diye konu\u015ftu.<br \/>\n\u201cEski borcu azaltt\u0131m, fazla bor\u00e7 yapmad\u0131m\u201d<br \/>\nMahalle muhtarl\u0131\u011f\u0131n\u0131n b\u00fcy\u00fck \u00f6zveri ve fedak\u00e2rl\u0131k gerektiren bir g\u00f6rev oldu\u011funun alt\u0131n\u0131 \u00e7izen Ba\u015fkan G\u00fcltak da muhtarlarla her f\u0131rsatta bir araya gelerek sorunlar\u0131n\u0131 dinledi\u011fini s\u00f6yledi. Ba\u015fkan G\u00fcltak, 2019 y\u0131l\u0131 se\u00e7imlerinden sonra g\u00f6reve geldi\u011finde Akdeniz\u2019i 232 milyon TL bor\u00e7la devrald\u0131\u011f\u0131n\u0131, bu d\u00f6nemde belediyenin b\u00fct\u00e7esinin ise 130 milyon TL oldu\u011funu belirterek; \u201cBug\u00fcn Akdeniz Belediyesi\u2019nin yeni b\u00fct\u00e7esi 770-800 milyon TL civar\u0131nda. Peki, borcu ne kadar? 280 milyon TL\u2026 Ben, eski borcu kapatt\u0131m, yeni bor\u00e7 da fazla yapmad\u0131m. B\u00fct\u00e7enin neredeyse 3\u2019te 1\u2019i bor\u00e7 var. Y\u00f6netimi devrald\u0131\u011f\u0131mda ise belediye b\u00fct\u00e7esinin 2 kat\u0131 kadar bor\u00e7 vard\u0131\u201d \u015feklinde konu\u015ftu.<br \/>\n\u201cYeniden se\u00e7ilirsem kentsel d\u00f6n\u00fc\u015f\u00fcm\u00fc h\u0131zland\u0131raca\u011f\u0131z\u201d<br \/>\n\u201cAkdeniz\u2019de art\u0131k bar\u0131\u015f, karde\u015flik sevgi var\u201d diyen Ba\u015fkan G\u00fcltak, \u201cAkdeniz, ayr\u0131ca y\u00fckselme trendinde, \u00e7\u00fcnk\u00fc y\u00fckselmek zorunda. \u0130n\u015fallah 2024\u2019te Akdeniz\u2019e yeniden aday aday\u0131 olaca\u011f\u0131m. Partim beni aday g\u00f6sterir ve halk\u0131m\u0131z\u0131n tevecc\u00fch\u00fc ile yeniden se\u00e7ilip g\u00f6reve gelirsem, kentsel d\u00f6n\u00fc\u015f\u00fcm projesini 6-7 kanattan devam ettirece\u011fiz\u201d dedi.<br \/>\nMersin\u2019de, personeline en y\u00fcksek maa\u015f promosyon \u00fccretini veren belediye ba\u015fkan\u0131 oldu\u011funun da alt\u0131n\u0131 \u00e7izen Ba\u015fkan G\u00fcltak \u015f\u00f6yle konu\u015ftu; \u201c\u0130\u015f\u00e7ilerimiz 16 bin lira promosyon ald\u0131. \u0130\u015f\u00e7ilerin kendisi gelip bana s\u00f6yl\u00fcyorlar; \u2018Bundan 5 y\u0131l \u00f6nce biz promosyon nedir hi\u00e7 g\u00f6rmedik. Maa\u015flar\u0131 da 3-4 ayda bir al\u0131rd\u0131k\u2019 diyorlar. Yani belediye nereden nereye geldi, takdiri halk\u0131m\u0131za, i\u015f\u00e7ilerimize ve muhtarlar\u0131m\u0131za b\u0131rak\u0131yorum.<br \/>\nMuhtarlar G\u00fcn\u00fc dolay\u0131s\u0131yla, hem Akdeniz hem de di\u011fer merkez il\u00e7elere ba\u011fl\u0131 muhtarlar\u0131m\u0131z\u0131 burada a\u011f\u0131rlamaktan onur ve mutluluk duyuyorum. Kat\u0131l\u0131mlar\u0131 i\u00e7in de\u011ferli muhtarlar\u0131m\u0131za te\u015fekk\u00fcr ediyor, sizler i\u00e7in elimizden gelenin en iyisini yapmaya devam edece\u011fimizin bilinmesini istiyorum\u201d ifadelerini kulland\u0131.<br \/>\nKonu\u015fmalar\u0131n ard\u0131ndan Mersin Muhtarlar Derne\u011fi Ba\u015fkan\u0131 Ali G\u00fclgen, Akdeniz Belediye Ba\u015fkan\u0131 Mustafa G\u00fcltak\u2019a plaket takdim etti. Ba\u015fkan G\u00fcltak da g\u00fcn dolay\u0131s\u0131yla programa kat\u0131lan muhtarlara hediyelerini takdim etti. <\/p>\n","protected":false},"excerpt":{"rendered":"<p>Ba\u015fkan G\u00fcltak, \u201c19 Ekim Muhtarlar G\u00fcn\u00fc\u201d dolay\u0131s\u0131yla Akdeniz\u2019e ba\u011fl\u0131 mahalle muhtarlar\u0131n\u0131, hafta sonu Silifke\u2019de deniz kenar\u0131nda bulunan bir otelde a\u011f\u0131rlad\u0131. Muhtarl\u0131k \u0130\u015fleri M\u00fcd\u00fcrl\u00fc\u011f\u00fc organizesinde ger\u00e7ekle\u015fen programda muhtarlar, aileleri ile birlikte &hellip; <a href=\"https:\/\/akdenizolaygazetesi.com\/?p=21668\" class=\"more-link\">Devam\u0131n\u0131 Oku&#8230;<\/a><\/p>\n","protected":false},"author":2,"featured_media":21669,"comment_status":"open","ping_status":"open","sticky":false,"template":"","format":"standard","meta":[],"categories":[2,3,5],"tags":[],"_links":{"self":[{"href":"https:\/\/akdenizolaygazetesi.com\/index.php?rest_route=\/wp\/v2\/posts\/21668"}],"collection":[{"href":"https:\/\/akdenizolaygazetesi.com\/index.php?rest_route=\/wp\/v2\/posts"}],"about":[{"href":"https:\/\/akdenizolaygazetesi.com\/index.php?rest_route=\/wp\/v2\/types\/post"}],"author":[{"embeddable":true,"href":"https:\/\/akdenizolaygazetesi.com\/index.php?rest_route=\/wp\/v2\/users\/2"}],"replies":[{"embeddable":true,"href":"https:\/\/akdenizolaygazetesi.com\/index.php?rest_route=%2Fwp%2Fv2%2Fcomments&post=21668"}],"version-history":[{"count":1,"href":"https:\/\/akdenizolaygazetesi.com\/index.php?rest_route=\/wp\/v2\/posts\/21668\/revisions"}],"predecessor-version":[{"id":21670,"href":"https:\/\/akdenizolaygazetesi.com\/index.php?rest_route=\/wp\/v2\/posts\/21668\/revisions\/21670"}],"wp:featuredmedia":[{"embeddable":true,"href":"https:\/\/akdenizolaygazetesi.com\/index.php?rest_route=\/wp\/v2\/media\/21669"}],"wp:attachment":[{"href":"https:\/\/akdenizolaygazetesi.com\/index.php?rest_route=%2Fwp%2Fv2%2Fmedia&parent=21668"}],"wp:term":[{"taxonomy":"category","embeddable":true,"href":"https:\/\/akdenizolaygazetesi.com\/index.php?rest_route=%2Fwp%2Fv2%2Fcategories&post=21668"},{"taxonomy":"post_tag","embeddable":true,"href":"https:\/\/akdenizolaygazetesi.com\/index.php?rest_route=%2Fwp%2Fv2%2Ftags&post=21668"}],"curies":[{"name":"wp","href":"https:\/\/api.w.org\/{rel}","templated":true}]}}