{"id":21674,"date":"2022-10-17T12:40:02","date_gmt":"2022-10-17T09:40:02","guid":{"rendered":"http:\/\/akdenizolaygazetesi.com\/?p=21674"},"modified":"2022-10-17T12:40:02","modified_gmt":"2022-10-17T09:40:02","slug":"mola-evi-velilerine-okuma-yazma-ogretiliyor","status":"publish","type":"post","link":"https:\/\/akdenizolaygazetesi.com\/?p=21674","title":{"rendered":"MOLA EV\u0130 VEL\u0130LER\u0130NE OKUMA-YAZMA \u00d6\u011eRET\u0130L\u0130YOR"},"content":{"rendered":"<p>Mersin B\u00fcy\u00fck\u015fehir Belediyesi Engelsiz Ya\u015fam Merkezi Mola Evi&#8217;nden faydalanan engelli bireylerin velileri i\u00e7in, okuma-yazma geli\u015ftirme kursu ba\u015flad\u0131. Okuma-yazmay\u0131 \u00f6\u011frenmi\u015f, ancak sonras\u0131nda bu e\u011fitimini ilerletememi\u015f veliler i\u00e7in ba\u015flat\u0131lan kursta kursiyerlere hem okuma-yazma bilgisi yeniden hat\u0131rlat\u0131l\u0131yor, hem de matematiksel becerilerinin geli\u015ftirilmesi sa\u011flan\u0131yor.<\/p>\n<p>\u00d6zdal: &#8220;Akademik y\u00f6nden ilerleme sa\u011flam\u0131\u015f durumday\u0131z&#8221;<\/p>\n<p>\u00c7al\u0131\u015fma hakk\u0131nda bilgi veren Engelsiz Ya\u015fam Merkezi Mola Evi \u00d6zel E\u011fitim \u00d6\u011fretmenlerinden Fatma Esra \u00d6zdal, s\u00f6z konusu kursa ili\u015fkin talebin velilerden geldi\u011fini ve kurum olarak yap\u0131lan de\u011ferlendirme neticesinde de e\u011fitimlere ba\u015flad\u0131klar\u0131n\u0131 s\u00f6yledi.<br \/>\nAileleri daha \u00e7ok tan\u0131man\u0131n, engelli bireylere verilen hizmeti daha da kaliteli hale getirdi\u011fini dile getiren \u00d6zdal, &#8220;\u015eu an okuma-yazmay\u0131 bilen, ama heceleyerek okuyan, anlamland\u0131ramayan, okudu\u011funu anlayamayan velilerle ba\u015flad\u0131k. Matematiksel becerilerde olduk\u00e7a zay\u0131flard\u0131. \u015eu an 3. haftada olmam\u0131za ra\u011fmen, akademik y\u00f6nden ilerleme sa\u011flam\u0131\u015f durumday\u0131z. Daha sonras\u0131nda onlar\u0131 g\u00fcnl\u00fck hayatla ili\u015fkilendirece\u011fiz&#8221; dedi.<\/p>\n<p>&#8220;Kendim de \u00f6\u011freneyim ki, \u00e7ocu\u011fuma daha faydal\u0131 olay\u0131m&#8221;<\/p>\n<p>Engelli \u00e7ocu\u011funa daha fazla yard\u0131mc\u0131 olabilmek ad\u0131na kursa kat\u0131ld\u0131\u011f\u0131n\u0131 belirten Fadile Kendir isimli vatanda\u015f, okuma-yazmay\u0131 bildi\u011fini, ancak kendini daha fazla geli\u015ftirmek istedi\u011fini s\u00f6yledi. Kendir, &#8220;Ben, engelli \u00e7ocu\u011fuma faydal\u0131 olmak i\u00e7in tekrar okula ba\u015flad\u0131m. 3 haftad\u0131r okumam\u0131zda, yazmam\u0131zda, matematikte baya\u011f\u0131 bir geli\u015fmemiz var. Bize daha \u00e7ok, psikolojik destek de veriyorlar asl\u0131nda. Konu\u015fuyoruz, sohbet ediyoruz, evdeki s\u0131k\u0131nt\u0131lar\u0131m\u0131z\u0131 gelip anlat\u0131yoruz&#8221; diye konu\u015ftu. Okuma-yazman\u0131n ya\u015f\u0131 olmad\u0131\u011f\u0131n\u0131 da s\u00f6zlerine ekleyen Fadile Kendir, &#8220;\u00c7ocu\u011fuma ders \u00e7al\u0131\u015ft\u0131r\u0131rken zorluk ya\u015f\u0131yordum. Kendim de \u00f6\u011freneyim ki, en az\u0131ndan \u00e7ocu\u011fuma daha faydal\u0131 olay\u0131m dedim ve bu kursa ba\u015flad\u0131m&#8221; dedi.<\/p>\n<p>&#8220;Bir \u015feyleri ba\u015farmak istiyorsan\u0131z, bir yerden ba\u015flamak gerekiyor&#8221;<\/p>\n<p>Kendisinin 10 ya\u015f\u0131na kadar kimli\u011finin olmad\u0131\u011f\u0131n\u0131 ve kimli\u011fi \u00e7\u0131kar\u0131ld\u0131ktan sonra da okula gitmeye utand\u0131\u011f\u0131n\u0131 s\u00f6yleyen Ma\u015fallah Alp ise, &#8220;Daha sonra kendi imk\u00e2n\u0131mla harfleri \u00f6\u011frendim, ama birle\u015ftiremiyordum. O\u011flum Yusuf Alp, Mola Evi&#8217;ne geliyordu. &#8216;Kursumuz var. Okuman\u0131 geli\u015ftirmek istersen sen de gelebilirsin&#8217; dediler. Geldim ve okumam\u0131 geli\u015ftiriyoruz&#8221; diye konu\u015ftu. Art\u0131k konu\u015furken kelimeleri daha \u00f6zenerek se\u00e7ti\u011fini ifade eden Ma\u015fallah Alp, &#8220;O\u011flum daha okumaya ge\u00e7emedi. \u015eimdi beraber ders \u00e7al\u0131\u015f\u0131yoruz. Onun bildi\u011fini ben bilmiyorum, benim bildi\u011fimi o bilmiyor, birbirimize destek oluyoruz. \u015eimdi kendimi daha g\u00fc\u00e7l\u00fc hissediyor ve kendime daha \u00e7ok g\u00fcveniyorum&#8221; ifadelerini kulland\u0131.<br \/>\n&#8220;Bir \u015fey bilmedi\u011fim i\u00e7in \u00f6\u011frenmek istedim&#8221;<\/p>\n<p>Zaman\u0131n\u0131n b\u00fcy\u00fck k\u0131sm\u0131n\u0131 down sendromlu k\u0131z\u0131yla ge\u00e7irdi\u011fini ve g\u00fcnl\u00fck hayatta okuma yazma bilmemenin yaratt\u0131\u011f\u0131 bir\u00e7ok s\u0131k\u0131nt\u0131yla kar\u015f\u0131la\u015ft\u0131\u011f\u0131n\u0131 kaydeden Kader Karaca ise, &#8220;Bir \u015fey bilmedi\u011fim i\u00e7in \u00f6\u011frenmek istedim. Hastaneye gidiyorum, bir telefon numaras\u0131 alaca\u011f\u0131m ama alam\u0131yorum. Onun i\u00e7in \u00e7ok \u00fcz\u00fcl\u00fcyordum. &#8216;Ben bir an \u00f6nce ba\u015fvuray\u0131m, elimden ne geliyorsa yapar\u0131m \u00e7ocu\u011fum i\u00e7in&#8217; dedim ve ba\u015flad\u0131m&#8221; \u015feklinde konu\u015ftu.<\/p>\n","protected":false},"excerpt":{"rendered":"<p>Mersin B\u00fcy\u00fck\u015fehir Belediyesi Engelsiz Ya\u015fam Merkezi Mola Evi&#8217;nden faydalanan engelli bireylerin velileri i\u00e7in, okuma-yazma geli\u015ftirme kursu ba\u015flad\u0131. Okuma-yazmay\u0131 \u00f6\u011frenmi\u015f, ancak sonras\u0131nda bu e\u011fitimini ilerletememi\u015f veliler i\u00e7in ba\u015flat\u0131lan kursta kursiyerlere hem &hellip; <a href=\"https:\/\/akdenizolaygazetesi.com\/?p=21674\" class=\"more-link\">Devam\u0131n\u0131 Oku&#8230;<\/a><\/p>\n","protected":false},"author":2,"featured_media":21675,"comment_status":"open","ping_status":"open","sticky":false,"template":"","format":"standard","meta":[],"categories":[1,2,3,5],"tags":[],"_links":{"self":[{"href":"https:\/\/akdenizolaygazetesi.com\/index.php?rest_route=\/wp\/v2\/posts\/21674"}],"collection":[{"href":"https:\/\/akdenizolaygazetesi.com\/index.php?rest_route=\/wp\/v2\/posts"}],"about":[{"href":"https:\/\/akdenizolaygazetesi.com\/index.php?rest_route=\/wp\/v2\/types\/post"}],"author":[{"embeddable":true,"href":"https:\/\/akdenizolaygazetesi.com\/index.php?rest_route=\/wp\/v2\/users\/2"}],"replies":[{"embeddable":true,"href":"https:\/\/akdenizolaygazetesi.com\/index.php?rest_route=%2Fwp%2Fv2%2Fcomments&post=21674"}],"version-history":[{"count":1,"href":"https:\/\/akdenizolaygazetesi.com\/index.php?rest_route=\/wp\/v2\/posts\/21674\/revisions"}],"predecessor-version":[{"id":21676,"href":"https:\/\/akdenizolaygazetesi.com\/index.php?rest_route=\/wp\/v2\/posts\/21674\/revisions\/21676"}],"wp:featuredmedia":[{"embeddable":true,"href":"https:\/\/akdenizolaygazetesi.com\/index.php?rest_route=\/wp\/v2\/media\/21675"}],"wp:attachment":[{"href":"https:\/\/akdenizolaygazetesi.com\/index.php?rest_route=%2Fwp%2Fv2%2Fmedia&parent=21674"}],"wp:term":[{"taxonomy":"category","embeddable":true,"href":"https:\/\/akdenizolaygazetesi.com\/index.php?rest_route=%2Fwp%2Fv2%2Fcategories&post=21674"},{"taxonomy":"post_tag","embeddable":true,"href":"https:\/\/akdenizolaygazetesi.com\/index.php?rest_route=%2Fwp%2Fv2%2Ftags&post=21674"}],"curies":[{"name":"wp","href":"https:\/\/api.w.org\/{rel}","templated":true}]}}