{"id":21677,"date":"2022-10-17T12:42:26","date_gmt":"2022-10-17T09:42:26","guid":{"rendered":"http:\/\/akdenizolaygazetesi.com\/?p=21677"},"modified":"2022-10-17T12:42:26","modified_gmt":"2022-10-17T09:42:26","slug":"yenisehirliler-maden-sehitlerinin-ailelerine-destek-icin-festivale-akin-etti","status":"publish","type":"post","link":"https:\/\/akdenizolaygazetesi.com\/?p=21677","title":{"rendered":"Yeni\u015fehirliler maden \u015fehitlerinin ailelerine destek i\u00e7in festivale ak\u0131n etti"},"content":{"rendered":"<p>Mersin Yeni\u015fehir Belediyesi ve Mersin Rotary Kul\u00fcb\u00fc taraf\u0131ndan d\u00fczenlenen 4.Mersin Kushimoto Sokak Sanat\u00e7\u0131lar\u0131 Festivali, Bart\u0131n Amasra\u2019daki maden oca\u011f\u0131nda meydana gelen patlamada hayat\u0131n\u0131 kaybeden i\u015f\u00e7ilerin aileleri i\u00e7in kampanyaya d\u00f6n\u00fc\u015ft\u00fc. Festival kapsam\u0131ndaki m\u00fczik, e\u011flence ve konser gibi t\u00fcm etkinlikler iptal edilirken vatanda\u015flar maden \u015fehitlerinin ailelerine destek i\u00e7in Kushimoto Soka\u011f\u0131\u2019ndaki kermes stantlar\u0131na ak\u0131n etti. Yeni\u015fehir Belediye Ba\u015fkan\u0131 Abdullah \u00d6zyi\u011fit, Yeni\u015fehirlilere duyarl\u0131l\u0131klar\u0131ndan dolay\u0131 te\u015fekk\u00fcr etti.<br \/>\nKushimoto Sokak Sanat\u00e7\u0131lar\u0131 Festivali\u2019nde bu y\u0131l Bart\u0131n Amasra\u2019daki maden oca\u011f\u0131nda ya\u015fanan patlama sonucu vefat eden madencilerin aileleri i\u00e7in \u00f6rnek bir davran\u0131\u015fa imza at\u0131ld\u0131.Vatanda\u015flar\u0131n yo\u011fun ilgi g\u00f6sterdi\u011fi festival kapsam\u0131nda Kushimoto Soka\u011f\u0131\u2019nda g\u00fcn boyu a\u00e7\u0131k olan kermes stantlar\u0131nda sat\u0131lan \u00fcr\u00fcnlerin t\u00fcm geliri maden \u015fehitlerinin ailelerine ba\u011f\u0131\u015flanma karar\u0131 al\u0131nd\u0131.<br \/>\nMersin Yeni\u015fehir Belediye Ba\u015fkan\u0131 Abdullah \u00d6zyi\u011fit a\u00e7\u0131l\u0131\u015f t\u00f6reninde yapt\u0131\u011f\u0131 konu\u015fmada hayat\u0131n\u0131 kaybeden maden i\u015f\u00e7ilerine Allah\u2019tan rahmet dileyerek dayan\u0131\u015fma vurgusu yapt\u0131. Ba\u015fkan \u00d6zyi\u011fit \u201cUlusumuz i\u00e7in \u00e7ok ac\u0131 bir g\u00fcn. Toprak alt\u0131nda, yerin 300 metre derinli\u011finde hayat\u0131n\u0131 kaybeden emek\u00e7i dostlar\u0131m\u0131za Allah\u2019tan rahmet yaral\u0131lar\u0131m\u0131za acil \u015fifalar diliyorum. Bug\u00fcn ya\u015fam\u0131n zor ko\u015fullar\u0131 i\u00e7erisinde ya\u015fanan bu ac\u0131 olaylar, bizi bir kere daha \u00fcz\u00fcnt\u00fcye bo\u011fuyor.Bu \u00fclkede bu olaylar\u0131n, ter\u00f6r\u00fcn, i\u015f\u00e7i \u00f6l\u00fcmlerinin ve i\u015f kazalar\u0131n\u0131n s\u0131f\u0131ra inmesi art\u0131k ka\u00e7\u0131n\u0131lmaz bir s\u00fcre\u00e7. Bunlar\u0131n ortadan kalkmas\u0131, toplumun sa\u011fl\u0131kl\u0131 ya\u015fam ko\u015fullar\u0131nda hayat\u0131n\u0131 devam ettirebilmesi hepimizin dile\u011fi. \u00c7aresi var m\u0131? Elbette var. Gere\u011fini yapmak gerekiyor. D\u00fcnyada on y\u0131lda bir duydu\u011fumuz olaylar, bizde birka\u00e7 y\u0131lda bir duyuluyor ve ger\u00e7ekle\u015fiyor. Toplum olarak bu b\u00fcy\u00fck ac\u0131lar\u0131 payla\u015fmaya y\u00f6neliyoruz.\u201ddedi.<br \/>\nMersin Yeni\u015fehir Belediye Ba\u015fkan\u0131 Abdullah \u00d6zyi\u011fit, 4.Mersin Sokak Sanat\u00e7\u0131lar\u0131 Festivali\u2019nin Bart\u0131n Amasra\u2019daki maden oca\u011f\u0131 kazas\u0131nda hayat\u0131n\u0131 kaybeden i\u015f\u00e7iler i\u00e7in kampanya haline getirdiklerini s\u00f6yledi. \u00d6zyi\u011fit \u201c Mersin Rotary Kul\u00fcb\u00fcm\u00fcz ve b\u00fct\u00fcn Yeni\u015fehirli hem\u015fehrilerime g\u00f6sterdikleri duyarl\u0131l\u0131k i\u00e7in te\u015fekk\u00fcr ediyorum. M\u00fczik, e\u011flence noktas\u0131nda yap\u0131lacak aktivite yer almadan sadece bir panay\u0131r \u015feklinde ger\u00e7ekle\u015fiyor. Elde edilen gelirler bu ac\u0131 olayda kaybetti\u011fimiz insanlar\u0131m\u0131z\u0131n ailelerine, kar\u0131nca karar\u0131nca destek olacak. Belki bunu farkl\u0131 bir kampanyaya d\u00f6n\u00fc\u015ft\u00fcr\u00fcp, i\u015f insanlar\u0131ndan da katk\u0131 almaya y\u00f6nelip yine o ailelere ula\u015ft\u0131r\u0131r\u0131z. Bu ba\u015flang\u0131\u00e7 olur diye d\u00fc\u015f\u00fcn\u00fcyorum. Kat\u0131l\u0131mlar\u0131n\u0131z i\u00e7in her birinize ayr\u0131 ayr\u0131 te\u015fekk\u00fcr ediyorum.\u201d \u015feklinde a\u00e7\u0131klamada bulundu.<br \/>\nMersin Rotary Kul\u00fcb\u00fc Ba\u015fkan\u0131 Berdan Do\u011fan ise vefat eden maden i\u015f\u00e7ilerine Allah\u2019tan rahmet dileyerek, festival gelirlerinin maden i\u015f\u00e7ilerinin ailelerine ba\u011f\u0131\u015flanaca\u011f\u0131n\u0131 vurgulad\u0131. Mersin Yeni\u015fehir Belediye Ba\u015fkan\u0131 Abdullah \u00d6zyi\u011fit\u2019e duyarl\u0131l\u0131\u011f\u0131 i\u00e7in de te\u015fekk\u00fcr eden Do\u011fan, 4.Mersin Sokak Sanat\u00e7\u0131lar\u0131 Festivali\u2019nin gelecek y\u0131llara damga vuraca\u011f\u0131n\u0131 s\u00f6zlerine ekledi.<br \/>\nUluslararas\u0131 Rotary 2430 B\u00f6lge Federasyonu Ba\u015fkan\u0131 Emre \u00d6zt\u00fcrk de \u015fair Orhan Veli Kan\u0131k\u2019\u0131n \u201cY\u00fcz karas\u0131 de\u011fil k\u00f6m\u00fcr karas\u0131, b\u00f6yle kazan\u0131l\u0131r ekmek paras\u0131.\u201d dizeleriyle maden \u015fehitlerini and\u0131. Ba\u015fkan \u00d6zt\u00fcrk \u201c\u0130ptal edilmesi bile konu\u015fuldu ama d\u00fc\u015f\u00fcnd\u00fck ki biz bu tarz durumlarda duyars\u0131z kalam\u0131yoruz. Mersin Yeni\u015fehir Belediye Ba\u015fkan\u0131m\u0131z Abdullah \u00d6zyi\u011fit de onay verdi. Buradan elde edilecek gelir ile hayat\u0131n\u0131 kaybeden madenci yak\u0131nlar\u0131na, ailelerine destek olabilirsek ne mutlu.\u201ddiye konu\u015ftu. <\/p>\n","protected":false},"excerpt":{"rendered":"<p>Mersin Yeni\u015fehir Belediyesi ve Mersin Rotary Kul\u00fcb\u00fc taraf\u0131ndan d\u00fczenlenen 4.Mersin Kushimoto Sokak Sanat\u00e7\u0131lar\u0131 Festivali, Bart\u0131n Amasra\u2019daki maden oca\u011f\u0131nda meydana gelen patlamada hayat\u0131n\u0131 kaybeden i\u015f\u00e7ilerin aileleri i\u00e7in kampanyaya d\u00f6n\u00fc\u015ft\u00fc. Festival kapsam\u0131ndaki &hellip; <a href=\"https:\/\/akdenizolaygazetesi.com\/?p=21677\" class=\"more-link\">Devam\u0131n\u0131 Oku&#8230;<\/a><\/p>\n","protected":false},"author":2,"featured_media":21678,"comment_status":"open","ping_status":"open","sticky":false,"template":"","format":"standard","meta":[],"categories":[34,1,2,3],"tags":[],"_links":{"self":[{"href":"https:\/\/akdenizolaygazetesi.com\/index.php?rest_route=\/wp\/v2\/posts\/21677"}],"collection":[{"href":"https:\/\/akdenizolaygazetesi.com\/index.php?rest_route=\/wp\/v2\/posts"}],"about":[{"href":"https:\/\/akdenizolaygazetesi.com\/index.php?rest_route=\/wp\/v2\/types\/post"}],"author":[{"embeddable":true,"href":"https:\/\/akdenizolaygazetesi.com\/index.php?rest_route=\/wp\/v2\/users\/2"}],"replies":[{"embeddable":true,"href":"https:\/\/akdenizolaygazetesi.com\/index.php?rest_route=%2Fwp%2Fv2%2Fcomments&post=21677"}],"version-history":[{"count":1,"href":"https:\/\/akdenizolaygazetesi.com\/index.php?rest_route=\/wp\/v2\/posts\/21677\/revisions"}],"predecessor-version":[{"id":21679,"href":"https:\/\/akdenizolaygazetesi.com\/index.php?rest_route=\/wp\/v2\/posts\/21677\/revisions\/21679"}],"wp:featuredmedia":[{"embeddable":true,"href":"https:\/\/akdenizolaygazetesi.com\/index.php?rest_route=\/wp\/v2\/media\/21678"}],"wp:attachment":[{"href":"https:\/\/akdenizolaygazetesi.com\/index.php?rest_route=%2Fwp%2Fv2%2Fmedia&parent=21677"}],"wp:term":[{"taxonomy":"category","embeddable":true,"href":"https:\/\/akdenizolaygazetesi.com\/index.php?rest_route=%2Fwp%2Fv2%2Fcategories&post=21677"},{"taxonomy":"post_tag","embeddable":true,"href":"https:\/\/akdenizolaygazetesi.com\/index.php?rest_route=%2Fwp%2Fv2%2Ftags&post=21677"}],"curies":[{"name":"wp","href":"https:\/\/api.w.org\/{rel}","templated":true}]}}