{"id":21689,"date":"2022-10-18T12:39:21","date_gmt":"2022-10-18T09:39:21","guid":{"rendered":"http:\/\/akdenizolaygazetesi.com\/?p=21689"},"modified":"2022-10-18T12:39:21","modified_gmt":"2022-10-18T09:39:21","slug":"baskan-secerden-muhtarlar-gunu-mesaji","status":"publish","type":"post","link":"https:\/\/akdenizolaygazetesi.com\/?p=21689","title":{"rendered":"BA\u015eKAN SE\u00c7ER&#8217;DEN &#8216;MUHTARLAR G\u00dcN\u00dc&#8217; MESAJI"},"content":{"rendered":"<p>Mersin B\u00fcy\u00fck\u015fehir Belediye Ba\u015fkan\u0131 Vahap Se\u00e7er, &#8220;19 Ekim Muhtarlar G\u00fcn\u00fc&#8221; dolay\u0131s\u0131yla bir mesaj yay\u0131nlad\u0131.<br \/>\nBa\u015fkan Se\u00e7er, mesaj\u0131nda \u015fu ifadelere yer verdi:<br \/>\n&#8220;Muhtarlar\u0131m\u0131z, bir yandan bulundu\u011fu mahallede devletimizin t\u00fcm kurumlar\u0131n\u0131 temsil edip vatanda\u015flar\u0131m\u0131z\u0131n kamu kurumlar\u0131yla ili\u015fkilerinde arac\u0131 rol oynarken, bir yandan da se\u00e7ilmi\u015f birer y\u00f6netici olarak demokrasi zincirinin ilk halkas\u0131n\u0131 olu\u015fturmaktad\u0131r.<br \/>\nVatanda\u015flar\u0131m\u0131za hizmet yolunda belediyemizin g\u00f6ren g\u00f6z\u00fc, vatanda\u015fa uzanan hizmet eli olan muhtarlar\u0131m\u0131z, vatanda\u015fa en yak\u0131n hizmeti veren, onlar\u0131n sorunlar\u0131n\u0131 dile getirmelerine yard\u0131mc\u0131 olan, \u00e7\u00f6z\u00fcmler bulan ve yol g\u00f6steren bir makam\u0131 da temsil etmektedir.<br \/>\n\u00c7al\u0131\u015fma ve hizmetlerimizde en \u00f6nemli payda\u015flar\u0131m olan t\u00fcm muhtarlar\u0131m\u0131za, Belediyemiz&#8217;in kap\u0131lar\u0131 daima a\u00e7\u0131kt\u0131r.<br \/>\nYine TEKS\u0130N Mersin ileti\u015fim koordinasyon ve analiz merkezimiz b\u00fcnyesindeki &#8220;Muhtar Platformu&#8221; \u00fczerinden, t\u00fcm muhtarlar\u0131m\u0131z s\u0131ra beklemeden 7 g\u00fcn 24 saat talep ve \u00f6nerilerini iletebilirler.<br \/>\nG\u00fczel kentimiz Mersin&#8217;de, 16 bin kilometrekare alana yay\u0131lan t\u00fcm \u00e7al\u0131\u015fma ve hizmetlerimizi daha h\u0131zl\u0131 ve etkin bir \u015fekilde y\u00fcr\u00fctmek amac\u0131yla, muhtarlar\u0131m\u0131z ile her zaman i\u015f birli\u011fi ve dayan\u0131\u015fma i\u00e7inde olmay\u0131 s\u00fcrd\u00fcrecek, kentimizin gelece\u011fi i\u00e7in \u00e7ok daha g\u00fczel hizmetlere imza ataca\u011f\u0131z.<br \/>\nAnamur&#8217;dan Tarsus&#8217;a 13 il\u00e7emizin 806 mahallesinde bug\u00fcne kadar hizmet eden t\u00fcm muhtarlar\u0131m\u0131za te\u015fekk\u00fcr ediyor, aram\u0131zdan ayr\u0131lm\u0131\u015f olanlara Allah&#8217;tan rahmet diliyor, kentimizin refah\u0131, geli\u015fimi ve de\u011fi\u015fimi konusunda \u00e7\u00f6z\u00fcm orta\u011f\u0131m\u0131z olan t\u00fcm muhtarlar\u0131m\u0131z\u0131n Muhtarlar G\u00fcn\u00fc&#8217;n\u00fc i\u00e7tenlikle kutluyorum.&#8221;<\/p>\n","protected":false},"excerpt":{"rendered":"<p>Mersin B\u00fcy\u00fck\u015fehir Belediye Ba\u015fkan\u0131 Vahap Se\u00e7er, &#8220;19 Ekim Muhtarlar G\u00fcn\u00fc&#8221; dolay\u0131s\u0131yla bir mesaj yay\u0131nlad\u0131. Ba\u015fkan Se\u00e7er, mesaj\u0131nda \u015fu ifadelere yer verdi: &#8220;Muhtarlar\u0131m\u0131z, bir yandan bulundu\u011fu mahallede devletimizin t\u00fcm kurumlar\u0131n\u0131 temsil &hellip; <a href=\"https:\/\/akdenizolaygazetesi.com\/?p=21689\" class=\"more-link\">Devam\u0131n\u0131 Oku&#8230;<\/a><\/p>\n","protected":false},"author":2,"featured_media":21690,"comment_status":"open","ping_status":"open","sticky":false,"template":"","format":"standard","meta":[],"categories":[3],"tags":[],"_links":{"self":[{"href":"https:\/\/akdenizolaygazetesi.com\/index.php?rest_route=\/wp\/v2\/posts\/21689"}],"collection":[{"href":"https:\/\/akdenizolaygazetesi.com\/index.php?rest_route=\/wp\/v2\/posts"}],"about":[{"href":"https:\/\/akdenizolaygazetesi.com\/index.php?rest_route=\/wp\/v2\/types\/post"}],"author":[{"embeddable":true,"href":"https:\/\/akdenizolaygazetesi.com\/index.php?rest_route=\/wp\/v2\/users\/2"}],"replies":[{"embeddable":true,"href":"https:\/\/akdenizolaygazetesi.com\/index.php?rest_route=%2Fwp%2Fv2%2Fcomments&post=21689"}],"version-history":[{"count":1,"href":"https:\/\/akdenizolaygazetesi.com\/index.php?rest_route=\/wp\/v2\/posts\/21689\/revisions"}],"predecessor-version":[{"id":21691,"href":"https:\/\/akdenizolaygazetesi.com\/index.php?rest_route=\/wp\/v2\/posts\/21689\/revisions\/21691"}],"wp:featuredmedia":[{"embeddable":true,"href":"https:\/\/akdenizolaygazetesi.com\/index.php?rest_route=\/wp\/v2\/media\/21690"}],"wp:attachment":[{"href":"https:\/\/akdenizolaygazetesi.com\/index.php?rest_route=%2Fwp%2Fv2%2Fmedia&parent=21689"}],"wp:term":[{"taxonomy":"category","embeddable":true,"href":"https:\/\/akdenizolaygazetesi.com\/index.php?rest_route=%2Fwp%2Fv2%2Fcategories&post=21689"},{"taxonomy":"post_tag","embeddable":true,"href":"https:\/\/akdenizolaygazetesi.com\/index.php?rest_route=%2Fwp%2Fv2%2Ftags&post=21689"}],"curies":[{"name":"wp","href":"https:\/\/api.w.org\/{rel}","templated":true}]}}