{"id":21695,"date":"2022-10-18T12:42:45","date_gmt":"2022-10-18T09:42:45","guid":{"rendered":"http:\/\/akdenizolaygazetesi.com\/?p=21695"},"modified":"2022-10-18T12:42:45","modified_gmt":"2022-10-18T09:42:45","slug":"murat-atak-turkiyenin-en-prestijli-tiyatro-odullerinden-ismet-kuntay-tiyatro-odulunun-sahibi-oldu","status":"publish","type":"post","link":"https:\/\/akdenizolaygazetesi.com\/?p=21695","title":{"rendered":"MURAT ATAK, T\u00dcRK\u0130YE&#8217;N\u0130N EN PREST\u0130JL\u0130 T\u0130YATRO \u00d6D\u00dcLLER\u0130NDEN &#8216;\u0130SMET K\u00dcNTAY T\u0130YATRO \u00d6D\u00dcL\u00dc&#8217;N\u00dcN SAH\u0130B\u0130 OLDU"},"content":{"rendered":"<p>T\u00fcrkiye&#8217;nin en prestijli ve uzun soluklu tiyatro \u00f6d\u00fcl\u00fc olan &#8216;\u0130smet K\u00fcntay Tiyatro \u00d6d\u00fclleri&#8217;nin sahipleri belli oldu. Mersin B\u00fcy\u00fck\u015fehir Belediyesi \u015eehir Tiyatrosu Genel Sanat Y\u00f6netmeni ve Rejis\u00f6r Murat Atak, 2021-2022 sanat sezonu dahilinde, Mersin B\u00fcy\u00fck\u015fehir Belediyesi \u015eehir Tiyatrosu taraf\u0131ndan sahnelenen &#8216;Buzlar \u00c7\u00f6z\u00fclmeden&#8217; oyunu ile T\u00fcrkiye&#8217;de &#8216;Y\u0131l\u0131n En \u0130yi Y\u00f6netmeni \u00d6d\u00fcl\u00fc&#8217;n\u00fcn sahibi oldu. Atak \u00f6d\u00fcl\u00fcn\u00fc, 4 Kas\u0131m 2022&#8217;de \u0130stanbul B\u00fcy\u00fck Kul\u00fcp&#8217;te d\u00fczenlenecek t\u00f6rende alacak.<br \/>\nAtak: &#8220;Bu \u00f6d\u00fcl, bug\u00fcne kadar \u00f6yle b\u00fcy\u00fck ustalara verildi ki&#8230;&#8221;<br \/>\nMersin B\u00fcy\u00fck\u015fehir Belediyesi \u015eehir Tiyatrosu Genel Sanat Y\u00f6netmeni Murat Atak, &#8220;Mersin B\u00fcy\u00fck\u015fehir Belediyesi \u015eehir Tiyatromuz i\u00e7in \u00e7ok mutluluk verici bir haber. T\u00fcrkiye&#8217;nin en prestijli tiyatro \u00f6d\u00fcllerinden &#8216;\u0130smet K\u00fcntay Tiyatro \u00d6d\u00fcl\u00fc&#8217;n\u00fcn sahibi oldum. 47 y\u0131ld\u0131r aral\u0131ks\u0131z verilen bir \u00f6d\u00fcl. T\u00fcrkiye \u00e7ap\u0131nda verilen bir \u00f6d\u00fcl bu. Ancak \u015f\u00f6yle bir \u00f6zelli\u011fi var bu \u00f6d\u00fcl\u00fcn; T\u00fcrkiye \u00e7ap\u0131nda diyorum ama, asl\u0131nda \u0130stanbul merkezli bir \u00f6d\u00fcl. Bu \u00f6d\u00fcl, bug\u00fcne kadar \u00f6yle b\u00fcy\u00fck ustalara verildi ki&#8230;&#8221; diye konu\u015ftu.<br \/>\n&#8220;\u00d6d\u00fcl\u00fcn, Anadolu&#8217;dan bir tiyatro insan\u0131na verilmesi beni \u00e7ok gururland\u0131r\u0131yor&#8221;<br \/>\n15 y\u0131l \u00f6nce ayn\u0131 \u00f6d\u00fcl\u00fcn yine kendisine verildi\u011fini belirten Atak, y\u0131llar sonra ayn\u0131 \u00f6d\u00fcle tekrar sahip olman\u0131n sevindirici oldu\u011funu kaydetti. Bu \u00f6d\u00fcle lay\u0131k g\u00f6r\u00fclen sanat\u00e7\u0131lar\u0131n hepsinin \u0130stanbul&#8217;da tiyatro yapan ve Anadolu&#8217;ya turnelerle gelen sanat\u00e7\u0131lar oldu\u011funu vurgulayan Atak, &#8220;Bakt\u0131\u011f\u0131m\u0131z zaman, Anadolu&#8217;da bizzat tiyatro yapan hi\u00e7bir isim yok i\u00e7lerinde. Bir tek sevgili Ay\u015fe Emel Mes\u00e7i, daha \u00f6nce bu \u00f6d\u00fcl\u00fc ald\u0131. \u0130stanbul d\u0131\u015f\u0131nda bu \u00f6d\u00fcl 2. defa bana veriliyor galiba. Bu \u00f6d\u00fcl\u00fcn Anadolu&#8217;dan bir tiyatro insan\u0131na verilmesi beni \u00e7ok gururland\u0131r\u0131yor. T\u00fcrkiye&#8217;nin en prestijli \u00f6d\u00fcllerinden biri&#8221; diye konu\u015ftu.<br \/>\n&#8220;Bu \u00f6d\u00fcl\u00fc Mersin B\u00fcy\u00fck\u015fehir Belediyesi ad\u0131na alaca\u011f\u0131m&#8221;<br \/>\nBu \u00f6d\u00fcl\u00fc birlikte \u00e7al\u0131\u015ft\u0131\u011f\u0131, birlikte i\u015f yapt\u0131\u011f\u0131 ve Mersin \u015eehir Tiyatrosu&#8217;nu destekleyen t\u00fcm belediye personeli ad\u0131na alaca\u011f\u0131n\u0131 s\u00f6zlerine ekleyen Atak, &#8220;Elbette ki bize bu imkanlar\u0131 sa\u011flay\u0131p, &#8216;Buzlar \u00c7\u00f6z\u00fclmeden&#8217; gibi b\u00fcy\u00fck bir klasi\u011fi sahneye ta\u015f\u0131mam\u0131zda da her t\u00fcrl\u00fc deste\u011fi veren Belediye Ba\u015fkan\u0131m\u0131z Say\u0131n Vahap Se\u00e7er&#8217;e, K\u00fclt\u00fcr ve Sosyal \u0130\u015fler Dairesi Koordinat\u00f6r\u00fcm\u00fcz Sevgili Bengi \u0130spir \u00d6zd\u00fclger&#8217;e, b\u00fct\u00fcn \u00e7al\u0131\u015fanlara, herkese \u00e7ok te\u015fekk\u00fcr ediyorum. Beni \u00e7ok umutland\u0131ran bir \u00f6d\u00fcl oldu bu&#8221; ifadelerini kulland\u0131.<\/p>\n","protected":false},"excerpt":{"rendered":"<p>T\u00fcrkiye&#8217;nin en prestijli ve uzun soluklu tiyatro \u00f6d\u00fcl\u00fc olan &#8216;\u0130smet K\u00fcntay Tiyatro \u00d6d\u00fclleri&#8217;nin sahipleri belli oldu. Mersin B\u00fcy\u00fck\u015fehir Belediyesi \u015eehir Tiyatrosu Genel Sanat Y\u00f6netmeni ve Rejis\u00f6r Murat Atak, 2021-2022 sanat &hellip; <a href=\"https:\/\/akdenizolaygazetesi.com\/?p=21695\" class=\"more-link\">Devam\u0131n\u0131 Oku&#8230;<\/a><\/p>\n","protected":false},"author":2,"featured_media":21696,"comment_status":"open","ping_status":"open","sticky":false,"template":"","format":"standard","meta":[],"categories":[2,3,5],"tags":[],"_links":{"self":[{"href":"https:\/\/akdenizolaygazetesi.com\/index.php?rest_route=\/wp\/v2\/posts\/21695"}],"collection":[{"href":"https:\/\/akdenizolaygazetesi.com\/index.php?rest_route=\/wp\/v2\/posts"}],"about":[{"href":"https:\/\/akdenizolaygazetesi.com\/index.php?rest_route=\/wp\/v2\/types\/post"}],"author":[{"embeddable":true,"href":"https:\/\/akdenizolaygazetesi.com\/index.php?rest_route=\/wp\/v2\/users\/2"}],"replies":[{"embeddable":true,"href":"https:\/\/akdenizolaygazetesi.com\/index.php?rest_route=%2Fwp%2Fv2%2Fcomments&post=21695"}],"version-history":[{"count":1,"href":"https:\/\/akdenizolaygazetesi.com\/index.php?rest_route=\/wp\/v2\/posts\/21695\/revisions"}],"predecessor-version":[{"id":21697,"href":"https:\/\/akdenizolaygazetesi.com\/index.php?rest_route=\/wp\/v2\/posts\/21695\/revisions\/21697"}],"wp:featuredmedia":[{"embeddable":true,"href":"https:\/\/akdenizolaygazetesi.com\/index.php?rest_route=\/wp\/v2\/media\/21696"}],"wp:attachment":[{"href":"https:\/\/akdenizolaygazetesi.com\/index.php?rest_route=%2Fwp%2Fv2%2Fmedia&parent=21695"}],"wp:term":[{"taxonomy":"category","embeddable":true,"href":"https:\/\/akdenizolaygazetesi.com\/index.php?rest_route=%2Fwp%2Fv2%2Fcategories&post=21695"},{"taxonomy":"post_tag","embeddable":true,"href":"https:\/\/akdenizolaygazetesi.com\/index.php?rest_route=%2Fwp%2Fv2%2Ftags&post=21695"}],"curies":[{"name":"wp","href":"https:\/\/api.w.org\/{rel}","templated":true}]}}