{"id":21698,"date":"2022-10-18T12:44:10","date_gmt":"2022-10-18T09:44:10","guid":{"rendered":"http:\/\/akdenizolaygazetesi.com\/?p=21698"},"modified":"2022-10-18T12:44:10","modified_gmt":"2022-10-18T09:44:10","slug":"sosyal-uyum-merkezinde-turkce-kurslari-basladi","status":"publish","type":"post","link":"https:\/\/akdenizolaygazetesi.com\/?p=21698","title":{"rendered":"SOSYAL UYUM MERKEZ\u0130&#8217;NDE T\u00dcRK\u00c7E KURSLARI BA\u015eLADI"},"content":{"rendered":"<p>Mersin B\u00fcy\u00fck\u015fehir Belediyesi ve Birle\u015fmi\u015f Milletler G\u00f6\u00e7 Kurulu\u015fu i\u015fbirli\u011fiyle, Sosyal Hizmetler Dairesi Ba\u015fkanl\u0131\u011f\u0131 b\u00fcnyesinde g\u00f6\u00e7men topluluklara y\u00f6nelik hizmet veren Sosyal Uyum Merkezi&#8217;nde, T\u00fcrk\u00e7e A1 ve A2 kurslar\u0131 ba\u015flad\u0131. Verilen T\u00fcrk\u00e7e e\u011fitimleri ile g\u00f6\u00e7men topluluktan ki\u015filerin, topluma adaptasyon s\u00fcre\u00e7lerine katk\u0131 sa\u011flan\u0131yor. 2,5 ay s\u00fcrecek olan kursta toplam 60 \u00f6\u011frenci, A1 ve A2 d\u00fczeyinde T\u00fcrk\u00e7e \u00f6\u011freniyor.<br \/>\n &#8220;60 \u00f6\u011frenci haftan\u0131n 5 g\u00fcn\u00fc 40 saat e\u011fitim al\u0131yor&#8221;<br \/>\nG\u00f6\u00e7men topluluktaki ki\u015filerle yerel halk\u0131n sosyal uyumunu sa\u011flamak; ili\u015fkilerini, hayatlar\u0131n\u0131 kolayla\u015ft\u0131rmak ad\u0131na T\u00fcrk\u00e7e e\u011fitimleri verildi\u011fini kaydeden Sosyal Uyum Merkezi&#8217;nde Psikolojik Dan\u0131\u015fman olarak g\u00f6rev yapan Ebru \u015eahin, &#8220;Sosyal Uyum Merkezimizde, Halk E\u011fitim&#8217;in bizlere g\u00f6nderdi\u011fi 2 \u00f6\u011fretmenle e\u011fitimimize devam etmekteyiz. Ge\u00e7en d\u00f6nem e\u011fitimimiz sadece A1 d\u00fczeyindeydi. Bu y\u0131l A2 kurslar\u0131m\u0131z\u0131 da a\u00e7t\u0131k. Ge\u00e7ti\u011fimiz y\u0131l A1 kursunda ba\u015far\u0131l\u0131 olan \u00f6\u011frenciler, bu y\u0131l A2&#8217;ye devam hakk\u0131 kazand\u0131. Toplamda \u015fu an 60 \u00f6\u011frencimiz, haftan\u0131n 5 g\u00fcn\u00fc, 40 saat e\u011fitim al\u0131yor&#8221; dedi.<br \/>\n&#8220;Verilen e\u011fitim sayesinde, g\u00fcnl\u00fck hayatta daha kolay ileti\u015fim kurabiliyorlar&#8221;<br \/>\nG\u00f6\u00e7men toplulukta yer alan ki\u015filerin, g\u00fcnl\u00fck hayatta daha kolay ileti\u015fim kurabilmeleri, hayata daha kolay uyum sa\u011flayabilmeleri ad\u0131na bu e\u011fitimi verdiklerini belirten T\u00fcrk\u00e7e \u00d6\u011fretmeni \u00d6zlem Zubaro\u011flu, &#8220;Verilen e\u011fitim sonunda, d\u0131\u015far\u0131da konu\u015fulan herhangi bir konu\u015fmaya kat\u0131lacak, ona cevap verebilecek d\u00fczeyde oluyorlar. B\u00f6ylelikle ileti\u015fimleri daha kuvvetleniyor ve d\u0131\u015far\u0131daki ihtiya\u00e7lar\u0131n\u0131 daha kolay kar\u015f\u0131layabiliyorlar. A1 kursunda ba\u015far\u0131l\u0131 olan kursiyerlerimiz, A2 kursuna girmeye hak kazan\u0131yor. B\u00f6ylelikle art\u0131k basit konu\u015fmalar\u0131 ge\u00e7ip, biraz daha zor seviyeye gelmi\u015f oluyorlar&#8221; diye konu\u015ftu.<br \/>\nKursiyerler kurstan olduk\u00e7a memnun<br \/>\n5 ay \u00f6nce A1 kursuna kat\u0131ld\u0131\u011f\u0131n\u0131, \u015fu an ise A2 kursuna devam etti\u011fini ifade eden Emel Albakar, ald\u0131\u011f\u0131 kurstan duydu\u011fu memnuniyeti dile getirerek, &#8220;\u015eu anda T\u00fcrk\u00e7e&#8217;yi daha iyi konu\u015fuyor ve anl\u0131yorum. K\u0131zlar\u0131m\u0131n okul \u00f6devlerini beraber yap\u0131yor, al\u0131\u015fveri\u015fte ne istedi\u011fimi daha iyi anlatabiliyorum&#8221; dedi. \u0130lk geldi\u011finde T\u00fcrk\u00e7e bilmedi\u011fi i\u00e7in \u00e7ok zorland\u0131\u011f\u0131n\u0131 s\u00f6yleyen Albakar, &#8220;Ge\u00e7en y\u0131l T\u00fcrk\u00e7e bilmiyordum. Sonra bu kurs a\u00e7\u0131ld\u0131, alfabeyi \u00f6\u011frendim. \u015eu anda yaz\u0131yorum ve her \u015feyi okuyorum&#8221; ifadelerini kulland\u0131.<br \/>\nKursiyerlerden Cihan Omer de, &#8220;Mersin&#8217;de 4 d\u00f6rt senedir ya\u015f\u0131yorum, ama 5 g\u00fcnd\u00fcr T\u00fcrk\u00e7e \u00f6\u011freniyorum. Ben k\u0131zlar\u0131m i\u00e7in T\u00fcrk\u00e7e \u00f6\u011freniyorum. Alfabeyi biliyorum, kurstan da \u00e7ok memnunum&#8221; diye konu\u015ftu.<br \/>\nBir di\u011fer kursiyer Halit Elbarek ise, &#8220;3 ay \u00f6nce A1 seviyesinde e\u011fitim ald\u0131m, \u015fimdi A2&#8217;ye geliyorum. \u0130yi ki \u00f6\u011frendim ve \u00e7ok memnunum&#8221; dedi.<\/p>\n","protected":false},"excerpt":{"rendered":"<p>Mersin B\u00fcy\u00fck\u015fehir Belediyesi ve Birle\u015fmi\u015f Milletler G\u00f6\u00e7 Kurulu\u015fu i\u015fbirli\u011fiyle, Sosyal Hizmetler Dairesi Ba\u015fkanl\u0131\u011f\u0131 b\u00fcnyesinde g\u00f6\u00e7men topluluklara y\u00f6nelik hizmet veren Sosyal Uyum Merkezi&#8217;nde, T\u00fcrk\u00e7e A1 ve A2 kurslar\u0131 ba\u015flad\u0131. Verilen T\u00fcrk\u00e7e &hellip; <a href=\"https:\/\/akdenizolaygazetesi.com\/?p=21698\" class=\"more-link\">Devam\u0131n\u0131 Oku&#8230;<\/a><\/p>\n","protected":false},"author":2,"featured_media":21699,"comment_status":"open","ping_status":"open","sticky":false,"template":"","format":"standard","meta":[],"categories":[1,2,3],"tags":[],"_links":{"self":[{"href":"https:\/\/akdenizolaygazetesi.com\/index.php?rest_route=\/wp\/v2\/posts\/21698"}],"collection":[{"href":"https:\/\/akdenizolaygazetesi.com\/index.php?rest_route=\/wp\/v2\/posts"}],"about":[{"href":"https:\/\/akdenizolaygazetesi.com\/index.php?rest_route=\/wp\/v2\/types\/post"}],"author":[{"embeddable":true,"href":"https:\/\/akdenizolaygazetesi.com\/index.php?rest_route=\/wp\/v2\/users\/2"}],"replies":[{"embeddable":true,"href":"https:\/\/akdenizolaygazetesi.com\/index.php?rest_route=%2Fwp%2Fv2%2Fcomments&post=21698"}],"version-history":[{"count":1,"href":"https:\/\/akdenizolaygazetesi.com\/index.php?rest_route=\/wp\/v2\/posts\/21698\/revisions"}],"predecessor-version":[{"id":21700,"href":"https:\/\/akdenizolaygazetesi.com\/index.php?rest_route=\/wp\/v2\/posts\/21698\/revisions\/21700"}],"wp:featuredmedia":[{"embeddable":true,"href":"https:\/\/akdenizolaygazetesi.com\/index.php?rest_route=\/wp\/v2\/media\/21699"}],"wp:attachment":[{"href":"https:\/\/akdenizolaygazetesi.com\/index.php?rest_route=%2Fwp%2Fv2%2Fmedia&parent=21698"}],"wp:term":[{"taxonomy":"category","embeddable":true,"href":"https:\/\/akdenizolaygazetesi.com\/index.php?rest_route=%2Fwp%2Fv2%2Fcategories&post=21698"},{"taxonomy":"post_tag","embeddable":true,"href":"https:\/\/akdenizolaygazetesi.com\/index.php?rest_route=%2Fwp%2Fv2%2Ftags&post=21698"}],"curies":[{"name":"wp","href":"https:\/\/api.w.org\/{rel}","templated":true}]}}