{"id":21717,"date":"2022-10-19T13:12:12","date_gmt":"2022-10-19T10:12:12","guid":{"rendered":"http:\/\/akdenizolaygazetesi.com\/?p=21717"},"modified":"2022-10-19T13:12:12","modified_gmt":"2022-10-19T10:12:12","slug":"baskan-secer-batidaki-ilcelerin-muhtarlariyla-bir-araya-geldi","status":"publish","type":"post","link":"https:\/\/akdenizolaygazetesi.com\/?p=21717","title":{"rendered":"BA\u015eKAN SE\u00c7ER, BATIDAK\u0130 \u0130L\u00c7ELER\u0130N MUHTARLARIYLA B\u0130R ARAYA GELD\u0130"},"content":{"rendered":"<p>Bat\u0131daki il\u00e7elerin muhtarlar\u0131yla yapt\u0131\u011f\u0131 toplant\u0131daki konu\u015fmas\u0131nda, bu tarz toplant\u0131lar\u0131n muhtarlar\u0131n kendilerini hat\u0131rlatmas\u0131, ya\u015fad\u0131klar\u0131 g\u00fc\u00e7l\u00fckleri, mahallelerindeki sorunlar\u0131 dile getirmeleri a\u00e7\u0131s\u0131ndan \u00e7ok \u00f6nemli oldu\u011funu ifade eden Ba\u015fkan Se\u00e7er, &#8220;Hepimizin ortak bir amac\u0131 var, o da Mersin halk\u0131na hizmet etmek. Allah hi\u00e7bir siyaset\u00e7iyi soka\u011fa \u00e7\u0131kamayacak duruma getirmesin. Biz de onurumuzla, \u015ferefimizle bu bayrak alt\u0131nda, liderimiz Atat\u00fcrk&#8217;\u00fcn \u00e7izdi\u011fi do\u011frultuda halk\u0131m\u0131za hizmet ediyoruz ve edece\u011fiz&#8221; dedi. Baz\u0131 kimselerin, kendilerine vatan sevgisi \u00fczerinden laf s\u00f6ylemesinin abesle i\u015ftigal oldu\u011funu ve vatan sevgilerini sorgulaman\u0131n kimsenin haddi olmad\u0131\u011f\u0131n\u0131 kaydeden Ba\u015fkan Se\u00e7er, &#8220;Bizi vatan sevgisi \u00fczerinden ele\u015ftirenlerin vatan sevgisi, bizim bu vatana kar\u015f\u0131 olan a\u015fk\u0131m\u0131z\u0131n zek\u00e2t\u0131 bile olamaz. Kimse bu \u00fclkeyi, bir ba\u015fkas\u0131ndan daha fazla sevmiyor. Biz \u00fclkemizi, vatan\u0131m\u0131z\u0131 \u00e7ok seviyoruz&#8221; diye konu\u015ftu.<br \/>\nSe\u00e7er: &#8220;Ayr\u0131mc\u0131l\u0131\u011f\u0131, bir insanl\u0131k su\u00e7u olarak g\u00f6r\u00fcyoruz&#8221;<br \/>\nHukukun olmad\u0131\u011f\u0131 yerde ne adaletten, ne e\u015fitlikten, ne de demokrasiden s\u00f6z edilemeyece\u011fini vurgulayan Ba\u015fkan Se\u00e7er, demokratik toplumlar\u0131n olmazsa olmazlar\u0131n\u0131n en ba\u015f\u0131nda hukukun geldi\u011fini ifade etti. Ayr\u0131mc\u0131l\u0131k hastal\u0131\u011f\u0131ndan da kendilerini uzak tuttuklar\u0131n\u0131 belirten Ba\u015fkan Se\u00e7er, &#8220;Biz belediyeden siyasi, mezhepsel, b\u00f6lgesel, sosyal ayr\u0131mc\u0131l\u0131\u011f\u0131 s\u00f6kt\u00fck att\u0131k. \u00c7\u00fcnk\u00fc biz ayr\u0131mc\u0131l\u0131\u011f\u0131; b\u0131rak\u0131n hukuki boyutunu, bir insanl\u0131k su\u00e7u olarak g\u00f6r\u00fcyoruz. Mesela belediyelere kar\u015f\u0131, h\u00fck\u00fcmetin baz\u0131 konularda yapt\u0131\u011f\u0131 ayr\u0131mc\u0131l\u0131\u011f\u0131 yanl\u0131\u015f buluyor ve her ortamda tenkit ediyorum&#8221; ifadelerini kulland\u0131. Eksik hizmetlerin tamamlanabilece\u011fini, maddi hatalar\u0131n d\u00fczeltilebilece\u011fini kaydeden Ba\u015fkan Se\u00e7er, &#8220;Ancak karde\u015fli\u011fimize halel gelirse, nifak sokulmas\u0131na m\u00fcsaade edersek, siyasi kayg\u0131larla, siyasi ikbal u\u011fruna, etraf\u0131n\u0131 d\u00fc\u015f\u00fcnen, cebini d\u00fc\u015f\u00fcnen insanlar\u0131n oyununa gelirsek, halk\u0131n dini duygular\u0131n\u0131, milliyetini, milli duygular\u0131n\u0131 ka\u015f\u0131yanlar\u0131n esiri olursak, biz yanl\u0131\u015f yola sapm\u0131\u015f oluruz&#8221; dedi.<br \/>\n&#8220;1 liral\u0131k i\u015fi 10 liraya yapt\u0131rmayan bir belediyeyiz&#8221;<br \/>\n3,5 y\u0131ll\u0131k s\u00fcre i\u00e7inde belediyede mali disiplini sa\u011flad\u0131klar\u0131n\u0131; projelerin ger\u00e7ekle\u015fme oran\u0131n\u0131n 2020 y\u0131l\u0131nda y\u00fczde 96, 2021&#8217;de y\u00fczde 94 oldu\u011funun alt\u0131n\u0131 \u00e7izen Ba\u015fkan Se\u00e7er, yine 2021 y\u0131l\u0131nda T\u00fcrkiye&#8217;de bir rekor k\u0131rarak b\u00fct\u00e7e harcamas\u0131n\u0131 y\u00fczde 99,7 olarak tutturduklar\u0131n\u0131 belirterek, &#8220;Bu sonu\u00e7, mali a\u00e7\u0131dan \u00e7ok disiplinli bir belediye oldu\u011fumuzun, 1 liral\u0131k i\u015fi 10 liraya yapt\u0131rmayan bir belediye oldu\u011fumuzun g\u00f6stergesidir&#8221; ifadesini kulland\u0131. G\u00f6revi devrald\u0131\u011f\u0131nda belediyenin 3 milyar lira borcu, 3 milyar lira da geliri oldu\u011funu hat\u0131rlatan Ba\u015fkan Se\u00e7er, &#8220;2023 y\u0131l\u0131 Ocak ay\u0131nda ise belediye b\u00fct\u00e7emiz 15 milyar lira, borcumuz ise 3,5 milyar lira olacak. Yani gelirimiz, borcumuzun 5 kat\u0131. Bu kadar g\u00fc\u00e7l\u00fc, ne yapt\u0131\u011f\u0131n\u0131 bilen, mali disiplini olan bir belediyeyiz&#8221; diye konu\u015ftu.<br \/>\nB\u00fct\u00e7ede \u00f6nemli bir pay\u0131 asfaltlama \u00e7al\u0131\u015fmalar\u0131n\u0131n ald\u0131\u011f\u0131n\u0131 s\u00f6yleyen Ba\u015fkan Se\u00e7er, kent genelinde her noktada kaliteli asfalt kulland\u0131klar\u0131n\u0131 ifade ederek, 5 y\u0131ll\u0131k s\u00fcreyi tamamlad\u0131klar\u0131nda 2 milyon 852 bin ton asfalt kullanmay\u0131 planlad\u0131klar\u0131n\u0131 belirtti.<br \/>\n&#8220;Bu belediyenin \u00f6n\u00fc t\u0131kanmazsa, i\u015fler t\u0131k\u0131r t\u0131k\u0131r y\u00fcr\u00fcr&#8221;<br \/>\nEn \u00e7ok tahsisler konusunda engellemelerle kar\u015f\u0131la\u015ft\u0131klar\u0131n\u0131 kaydeden Ba\u015fkan Se\u00e7er, \u00f6zellikle n\u00fckleer santral in\u015faat\u0131 ile birlikte artan n\u00fcfustan dolay\u0131, B\u00fcy\u00fckeceli b\u00f6lgesinde kanalizasyon ve at\u0131ksu konusunda kapasite sorunu ya\u015fand\u0131\u011f\u0131n\u0131n fark\u0131nda oldu\u011funu ve paket ar\u0131tma yapmak istediklerini, ancak bu projelerinin de halen imzada bekledi\u011fini belirtti.<br \/>\nKonu\u015fmas\u0131nda il\u00e7elerde yap\u0131lan ve yap\u0131lacak olan hizmetler hakk\u0131nda da bilgi veren Ba\u015fkan Se\u00e7er, Anamur Otogar\u0131&#8217;n\u0131n \u00e7ok gereksiz bir proje oldu\u011funu belirterek &#8220;G\u00fcnl\u00fck 8 araban\u0131n girdi\u011fi Anamur Otogar\u0131 en b\u00fcy\u00fck israf. Birimleri oraya topluyoruz. MESK\u0130&#8217;nin eski yerini \u00e7ok g\u00fczel bir k\u00fclt\u00fcr merkezi yapaca\u011f\u0131z&#8221; \u015feklinde konu\u015ftu. Erdemli il\u00e7esinde de otogar sorunu oldu\u011funu ve art\u0131k y\u0131lan hik\u00e2yesine d\u00f6nd\u00fc\u011f\u00fcn\u00fc kaydeden Ba\u015fkan Se\u00e7er, &#8220;Milli Emlak&#8217;\u0131n bir yeri var bizim arazinin \u00fczerinde, onun tahsisini bekliyoruz&#8221; dedi.<br \/>\nG\u00fclnar merkezde prestij caddesi i\u00e7in mimarlar\u0131n \u00e7al\u0131\u015ft\u0131\u011f\u0131n\u0131 dile getiren Ba\u015fkan Se\u00e7er, Silifke&#8217;de Kent Hayvanlar\u0131 Rehabilitasyon Merkezi&#8217;nin bitirilerek faaliyete ge\u00e7ti\u011fini hat\u0131rlatt\u0131. Mut&#8217;ta DS\u0130&#8217;ye ait derenin rekreasyon projesinin ve ihalesinin bitti\u011fini s\u00f6yleyen Ba\u015fkan Se\u00e7er, Bozyaz\u0131&#8217;da da Sosyal Ya\u015fam Merkezi, kre\u015flerin oldu\u011fu, d\u00fc\u011f\u00fcnlerin ya da toplant\u0131lar\u0131n yap\u0131ld\u0131\u011f\u0131 salonun olaca\u011f\u0131 m\u00fcjdesini verdi.<\/p>\n<p>&#8220;Belediyeler direkt insana dokunan g\u00f6revlerini unutmamal\u0131&#8221;<\/p>\n<p>Konu\u015fmas\u0131n\u0131n devam\u0131nda belediyelerin yol, su gibi temel kamu g\u00f6revlerinin yan\u0131 s\u0131ra, direkt insana dokunan g\u00f6revleri oldu\u011funu da ifade eden Ba\u015fkan Se\u00e7er muhtarlara, &#8220;Alo 185 ve TEKS\u0130N hizmetlerimizi mutlaka kullan\u0131n ve kulland\u0131r\u0131n. Dosthane, Halkkart, Kurs Merkezleri, \u00d6\u011frenci Yurt Binalar\u0131, Mahalle Mutfaklar\u0131, Evde Bak\u0131m gibi hizmetlerimizden faydalanmak isteyenlere de yol g\u00f6sterin&#8221; dedi.<br \/>\nB\u00f6lgenin \u00f6nemli konular\u0131ndan birisinin de vah\u015fi \u00e7\u00f6p depolama oldu\u011funu aktaran Ba\u015fkan Se\u00e7er \u015funlar\u0131 kaydetti: &#8220;Hi\u00e7bir \u00e7\u00f6p arabas\u0131n\u0131n \u00fczerinde B\u00fcy\u00fck\u015fehir yazd\u0131\u011f\u0131n\u0131 g\u00f6rd\u00fcn\u00fcz m\u00fc? \u0130l\u00e7e belediyesi toparlar, getirir bize teslim eder. Bak\u0131n Ayd\u0131nc\u0131k&#8217;\u0131n \u00e7\u00f6p\u00fc Gilindire Ma\u011faras\u0131 yolunda bir yere vah\u015fi depolan\u0131yordu. \u015eimdi i\u015fbirli\u011fi yapt\u0131k, oray\u0131 da rehabilite ettik. Dedim ki bu olmaz. Anamur&#8217;un \u00e7\u00f6p\u00fc ormanlara vah\u015fi depolan\u0131yordu \u00f6yle miydi? \u00d6yleydi. \u015eimdi bir kilo vah\u015fi depolama var m\u0131? &#8216;Bu olmaz&#8217; dedim, biz \u00e7evreyi katlediyoruz. Bunun paras\u0131n\u0131 belediye \u00f6d\u00fcyor, \u00e7evre kirlenmesin diye yap\u0131yoruz bunlar\u0131. Yani i\u015fbirli\u011fi olunca her \u015fey olur. Mersin temiz bir kent diye bilinsin diye biz u\u011fra\u015f\u0131yoruz. Bu \u00f6nemli bir konu oldu\u011fu i\u00e7in dikkatinize sunmak istedim. \u0130l\u00e7e belediyelerinin \u00e7\u00f6p konusunda \u00e7al\u0131\u015fmalar\u0131na destek oluyoruz. Vah\u015fi depolamay\u0131 Mersin genelinde bizim d\u00f6nemimizde bitirdik. Deniz kirlili\u011fi bir ba\u015fka \u00f6nemli konu. Siteler \u00c7evre Bakanl\u0131\u011f\u0131nca takip ediliyor. Anamur, Ayd\u0131nc\u0131k, Erdemli, Silifke; bu b\u00f6lgeler sahil il\u00e7elerimiz. Siteler kendi ar\u0131tmas\u0131n\u0131 kurmak zorunda. \u00c7evre Bakanl\u0131\u011f\u0131 online onlar\u0131 izler. \u00c7evre Bakanl\u0131\u011f\u0131 g\u00f6revinde ihmal mi yap\u0131yor, g\u00f6zden mi ka\u00e7\u0131r\u0131yor bilemem ama biliyoruz ki siteler at\u0131klar\u0131n\u0131 yani kanalizasyonlar\u0131n\u0131 ar\u0131tmadan denize de\u015farj yap\u0131yor, derelere de\u015farj yap\u0131yor. Ondan sonra insanlar, turistler, yerli turist, yabanc\u0131 turist, b\u00f6lge insan\u0131 denizden pislik ak\u0131yor diye koku geliyor diye bizlere \u015fikayet ediyor, muhtarlara \u015fikayet ediyor. Bunlar\u0131 siz de s\u0131k s\u0131k dile getirin. Kaymakaml\u0131k toplant\u0131lar\u0131nda, valilik toplant\u0131lar\u0131nda her kurum g\u00f6revini yaps\u0131n. Biz de yapal\u0131m biz eksik kalmayal\u0131m. Ama karde\u015fim akl\u0131na gelen B\u00fcy\u00fck\u015fehir, akl\u0131na gelen B\u00fcy\u00fck\u015fehir. Deniz kirlili\u011fi B\u00fcy\u00fck\u015fehir, sahil kirlili\u011fi B\u00fcy\u00fck\u015fehir, \u00e7\u00f6pler toplanmad\u0131 B\u00fcy\u00fck\u015fehir. Haks\u0131zl\u0131k, hukuksuzluk, ayn\u0131 zamanda hukukta b\u00f6yle bir \u015fey yok.<br \/>\nHer sorunun temelinde B\u00fcy\u00fck\u015fehiri aramak da yanl\u0131\u015f&#8221; diye konu\u015ftu.<\/p>\n<p>&#8220;Tar\u0131ma ve Hayvanc\u0131l\u0131\u011fa b\u00fcy\u00fck destek veriyoruz&#8221;<br \/>\nB\u00fcy\u00fck\u015fehir Belediyesi&#8217;nin tar\u0131ma ve hayvanc\u0131l\u0131\u011fa verdi\u011fi desteklerden de bahseden Ba\u015fkan Se\u00e7er, &#8220;\u00dcreticiye sa\u011flad\u0131\u011f\u0131m\u0131z ekip, ekipman, fide, fidan, sulama borular\u0131n\u0131n yan\u0131nda, son 3 y\u0131lda 75 milyon lira da direkt destek sa\u011flad\u0131k&#8221; ifadesini kulland\u0131. \u0130kinci b\u00f6lgenin maalesef orman yang\u0131nlar\u0131n\u0131n s\u0131k ya\u015fand\u0131\u011f\u0131 bir yer oldu\u011funu belirten Ba\u015fkan Se\u00e7er, &#8220;Orman yang\u0131nlar\u0131, Orman Bakanl\u0131\u011f\u0131&#8217;n\u0131n sorumlulu\u011funda olmas\u0131na ra\u011fmen, b\u00f6yle bir yang\u0131n meydana geldi\u011finde, t\u00fcm g\u00fcc\u00fcm\u00fczle b\u00f6lgeye biz de gidiyoruz. \u015eu anda bu b\u00f6lgeye, hareket kabiliyeti y\u00fcksek 20 adet itfaiye arac\u0131n\u0131 g\u00f6nderdik&#8221; diye konu\u015ftu.<br \/>\nMESK\u0130&#8217;nin 3,5 y\u0131lda kendini \u00e7ok geli\u015ftirdi\u011finden ve SCADA sistemine ba\u011fl\u0131 DMA noktalar\u0131 ile t\u00fcm kentin i\u00e7me suyunu kontrol edeceklerinden bahseden Ba\u015fkan Se\u00e7er, MESK\u0130&#8217;ye teknolojik anlamda \u00e7ok \u00f6nemli yat\u0131r\u0131mlar yapt\u0131klar\u0131n\u0131 kaydetti.<br \/>\nKonu\u015fmas\u0131n\u0131n sonunda, hamasetle siyaset d\u00f6neminin bitmesinin gerekti\u011fini vurgulayan Ba\u015fkan Se\u00e7er, &#8220;Mutlaka bu \u00fclkeye k\u00f6t\u00fcl\u00fck d\u00fc\u015f\u00fcnenler olabilir. Fakat bu \u00fclkenin b\u00fct\u00fcn insanlar\u0131na bunu \u015famil k\u0131lmak, bunun \u00fczerinden siyaset yapmak, \u00fclkeye selamet getirmez. Mustafa Kemal Atat\u00fcrk&#8217;\u00fcn kurdu\u011fu T\u00fcrkiye Cumhuriyeti&#8217;nde ya\u015f\u0131yoruz. Herkesin inanc\u0131na, hayat g\u00f6r\u00fc\u015f\u00fcne sayg\u0131l\u0131y\u0131z. Bizim i\u00e7in gerisi laf\u0131 g\u00fczaft\u0131r&#8221; diye konu\u015ftu.<br \/>\nFerat Aktan: &#8220;B\u00fcy\u00fck\u015fehir&#8217;le ortak ve uyumlu \u00e7al\u0131\u015f\u0131yoruz&#8221;<br \/>\nAyd\u0131nc\u0131k Belediye Ba\u015fkan\u0131 Ferat Aktan, B\u00fcy\u00fck\u015fehir Belediyesi ile uyumlu bir \u015fekilde \u00e7al\u0131\u015ft\u0131klar\u0131n\u0131 ifade etti. Ortak amac\u0131n hizmet oldu\u011funa vurgu yapan Aktan, &#8220;Gerek B\u00fcy\u00fck\u015fehir, gerek il\u00e7e belediyeleri koordineli bir \u015fekilde \u00e7al\u0131\u015f\u0131yoruz. Bunun partisi falan olmaz, ama\u00e7 hizmet \u00fcretmektir. Birlik ve beraberlik i\u00e7inde \u00e7al\u0131\u015ft\u0131\u011f\u0131m\u0131z s\u00fcrece, en g\u00fczel hizmetleri sunar\u0131z. Biz il\u00e7e belediyesi olarak B\u00fcy\u00fck\u015fehir Belediyemizle ortak ve uyumlu bir \u015fekilde \u00e7al\u0131\u015f\u0131yoruz&#8221; dedi.<br \/>\nMuhtarlardan Ba\u015fkan Se\u00e7er&#8217;e te\u015fekk\u00fcr<br \/>\nG\u00fclnar Muhtarlar Dernek Ba\u015fkan\u0131 Murat \u00c7al\u0131k, Erdemli Muhtarlar Dernek Ba\u015fkan\u0131 \u00d6mer Keklik, Silifke Muhtarlar Dernek Ba\u015fkan\u0131 Murat Temur ve Anamur Muhtarlar Dernek Ba\u015fkan\u0131 Mehmet Sar\u0131 da, Ba\u015fkan Se\u00e7er&#8217;e hizmetleri ve d\u00fczenlenen Muhtarlar G\u00fcn\u00fc program\u0131 dolay\u0131s\u0131yla te\u015fekk\u00fcrlerini ilettiler.<\/p>\n","protected":false},"excerpt":{"rendered":"<p>Bat\u0131daki il\u00e7elerin muhtarlar\u0131yla yapt\u0131\u011f\u0131 toplant\u0131daki konu\u015fmas\u0131nda, bu tarz toplant\u0131lar\u0131n muhtarlar\u0131n kendilerini hat\u0131rlatmas\u0131, ya\u015fad\u0131klar\u0131 g\u00fc\u00e7l\u00fckleri, mahallelerindeki sorunlar\u0131 dile getirmeleri a\u00e7\u0131s\u0131ndan \u00e7ok \u00f6nemli oldu\u011funu ifade eden Ba\u015fkan Se\u00e7er, &#8220;Hepimizin ortak bir amac\u0131 &hellip; <a href=\"https:\/\/akdenizolaygazetesi.com\/?p=21717\" class=\"more-link\">Devam\u0131n\u0131 Oku&#8230;<\/a><\/p>\n","protected":false},"author":2,"featured_media":21718,"comment_status":"open","ping_status":"open","sticky":false,"template":"","format":"standard","meta":[],"categories":[2,3,5],"tags":[],"_links":{"self":[{"href":"https:\/\/akdenizolaygazetesi.com\/index.php?rest_route=\/wp\/v2\/posts\/21717"}],"collection":[{"href":"https:\/\/akdenizolaygazetesi.com\/index.php?rest_route=\/wp\/v2\/posts"}],"about":[{"href":"https:\/\/akdenizolaygazetesi.com\/index.php?rest_route=\/wp\/v2\/types\/post"}],"author":[{"embeddable":true,"href":"https:\/\/akdenizolaygazetesi.com\/index.php?rest_route=\/wp\/v2\/users\/2"}],"replies":[{"embeddable":true,"href":"https:\/\/akdenizolaygazetesi.com\/index.php?rest_route=%2Fwp%2Fv2%2Fcomments&post=21717"}],"version-history":[{"count":1,"href":"https:\/\/akdenizolaygazetesi.com\/index.php?rest_route=\/wp\/v2\/posts\/21717\/revisions"}],"predecessor-version":[{"id":21719,"href":"https:\/\/akdenizolaygazetesi.com\/index.php?rest_route=\/wp\/v2\/posts\/21717\/revisions\/21719"}],"wp:featuredmedia":[{"embeddable":true,"href":"https:\/\/akdenizolaygazetesi.com\/index.php?rest_route=\/wp\/v2\/media\/21718"}],"wp:attachment":[{"href":"https:\/\/akdenizolaygazetesi.com\/index.php?rest_route=%2Fwp%2Fv2%2Fmedia&parent=21717"}],"wp:term":[{"taxonomy":"category","embeddable":true,"href":"https:\/\/akdenizolaygazetesi.com\/index.php?rest_route=%2Fwp%2Fv2%2Fcategories&post=21717"},{"taxonomy":"post_tag","embeddable":true,"href":"https:\/\/akdenizolaygazetesi.com\/index.php?rest_route=%2Fwp%2Fv2%2Ftags&post=21717"}],"curies":[{"name":"wp","href":"https:\/\/api.w.org\/{rel}","templated":true}]}}