{"id":21730,"date":"2022-10-20T12:14:59","date_gmt":"2022-10-20T09:14:59","guid":{"rendered":"http:\/\/akdenizolaygazetesi.com\/?p=21730"},"modified":"2022-10-20T12:14:59","modified_gmt":"2022-10-20T09:14:59","slug":"kadinlardan-bisiklet-kenti-mersinin-mimari-baskan-secere-tesekkur-ziyareti","status":"publish","type":"post","link":"https:\/\/akdenizolaygazetesi.com\/?p=21730","title":{"rendered":"KADINLARDAN &#8216;B\u0130S\u0130KLET KENT\u0130 MERS\u0130N&#8217;\u0130N M\u0130MARI BA\u015eKAN SE\u00c7ER&#8217;E TE\u015eEKK\u00dcR Z\u0130YARET\u0130"},"content":{"rendered":"<p>Mersin Bisikletli Kad\u0131nlar Toplulu\u011fu, B\u00fcy\u00fck\u015fehir Belediyesi&#8217;nin bisikletli bir ya\u015fam i\u00e7in toplulu\u011fa sundu\u011fu destekler ve modern \u00e7al\u0131\u015fmalarla kente kazand\u0131r\u0131lan bisikletli ula\u015f\u0131m altyap\u0131s\u0131 i\u00e7in, Ba\u015fkan Vahap Se\u00e7er&#8217;e te\u015fekk\u00fcr ziyaretinde bulundu.<br \/>\nTopluluk \u00fcyesi \u00e7ok say\u0131da kad\u0131n, bisikletleriyle Ta\u015f Bina \u00f6n\u00fcne kadar pedal \u00e7evirdi. Kad\u0131nlar\u0131 kap\u0131da kar\u015f\u0131layan Mersin B\u00fcy\u00fck\u015fehir Belediye Ba\u015fkan Vahap Se\u00e7er&#8217;e, Mersin Bisikletli Kad\u0131nlar Toplulu\u011fu kurucusu Ebru Petek Budur \u00e7i\u00e7ek takdim etti.<br \/>\nBudur: &#8220;Mersin&#8217;de bisiklet yollar\u0131 ile ilgili ciddi bir hareketlenme oldu&#8221;<br \/>\nMersin&#8217;in bisikletli ula\u015f\u0131m altyap\u0131 hizmetinde \u00e7ok b\u00fcy\u00fck bir ivme kazand\u0131\u011f\u0131n\u0131 ve \u00f6zellikle son 1,5 y\u0131ld\u0131r yeni a\u00e7\u0131lan cadde ve bulvarlarda bisiklet yollar\u0131na yer ayr\u0131lmas\u0131n\u0131 ilgiyle takip ettiklerini ifade eden Mersin Bisikletli Kad\u0131nlar Toplulu\u011fu Kurucusu Ebru Petek Budur, Mersin&#8217;in Amsterdam gibi bisiklet kullan\u0131m\u0131n\u0131n yayg\u0131n oldu\u011fu bir kent olmaya \u00e7ok m\u00fcsait oldu\u011funun alt\u0131n\u0131 \u00e7izdi. Mersinlilere 3,5 y\u0131l \u00f6nce \u00fccretsiz bisiklet e\u011fitimleri vermeye ba\u015flad\u0131\u011f\u0131n\u0131 ve KentBis bisikletlerinin kent geneline yay\u0131lmas\u0131n\u0131 \u00e7ok arzu etti\u011fini kaydeden Budur, &#8220;Bu \u015fehrin t\u00fcm sokaklar\u0131nda, mahallelerinde, pazara, al\u0131\u015fveri\u015fe, \u00e7ar\u015f\u0131ya, okula i\u015fe bisikletle giden kad\u0131nlar var, erkekler var, \u00e7ocuklar\u0131m\u0131z var. Mersin, bisikletli ula\u015f\u0131m konusunda, bir Hollanda \u015fehri kadar ba\u015far\u0131l\u0131 olacak&#8221; diye konu\u015ftu.<br \/>\nBa\u015fkan Se\u00e7er: &#8220;Sivil topluluklar\u0131n siyaseti y\u00f6nlendirme \u00f6zelli\u011fi de var&#8221;<br \/>\n&#8220;\u015eimdi bu motivasyon ile ben b\u00fct\u00fcn \u015fehri bisiklet yollar\u0131yla donatabilirim art\u0131k&#8221; diyen Ba\u015fkan Se\u00e7er, hayat bi\u00e7imleri bisiklet olan Bisikletli Kad\u0131nlar Toplulu\u011fu&#8217;nun, bunun fark\u0131ndal\u0131\u011f\u0131n\u0131 yaratmak i\u00e7in asl\u0131nda toplumsal bir g\u00f6rev yapt\u0131klar\u0131n\u0131 ifade etti. Zaten sivil topluluklar\u0131n demokrasilerde en \u00f6nemli \u00f6zelli\u011finin, siyaseti y\u00f6nlendirmek oldu\u011funu vurgulayan Ba\u015fkan Se\u00e7er, &#8220;Bir anlamda g\u00fczel i\u015fler yap\u0131yorlar. Bize yol g\u00f6sterici oluyorlar. A\u00e7\u0131k\u00e7as\u0131 ben memnunum. STK&#8217;lar\u0131 da \u00f6nemsiyorum, ama \u015fimdi bisiklet \u00e7ok \u00f6zel bir konu. Hem \u00e7evre ile ilgili, hem ekonomiyle ilgili, hem de insan sa\u011fl\u0131\u011f\u0131yla ilgili bir\u00e7ok fakt\u00f6r bar\u0131nd\u0131r\u0131yor&#8221; diye konu\u015ftu.<br \/>\n&#8220;Bisiklet yollar\u0131nda can g\u00fcvenli\u011fini \u00f6n planda tutuyoruz&#8221;<br \/>\nMersin&#8217;in topo\u011frafyas\u0131 \u00e7ok uygun oldu\u011fu i\u00e7in, bisiklet yollar\u0131na b\u00fcy\u00fck \u00f6nem verdiklerini ifade eden Ba\u015fkan Se\u00e7er, \u015fu anda 135 kilometrelik bisiklet yolu projesinin yakla\u015f\u0131k 100 kilometresini tamamlad\u0131klar\u0131n\u0131, 35 kilometre i\u00e7in de \u00e7al\u0131\u015fmalar\u0131n oldu\u011funu kaydederek, hedeflerinin kent genelinde bunu 400 kilometreye tamamlamak oldu\u011funu belirtti. Ba\u015fkan Se\u00e7er, &#8220;Yeni bulvarlar a\u00e7t\u0131\u011f\u0131m\u0131z zaman veya bulvarlar\u0131 yeniledi\u011fimiz zaman, trafik g\u00fcvenli\u011fi a\u00e7\u0131s\u0131ndan uygunluk varsa, hemen bisiklet yolu yap\u0131yoruz. Mesela 3. ve 4. \u00c7evre Yolu&#8217;ndaki delinat\u00f6rler asl\u0131nda bir\u00e7ok \u015fehirde kullan\u0131lm\u0131yor. \u00c7\u00fcnk\u00fc maliyetli, ama bizim i\u00e7in insan hayat\u0131 ve can g\u00fcvenli\u011fi paradan daha \u00f6nemli oldu\u011fu i\u00e7in, biz o g\u00fcvenli\u011fi de sa\u011fl\u0131yoruz&#8221; ifadelerini kulland\u0131.<br \/>\n&#8220;Yeni otoparklarda, bisiklet i\u00e7in de park yerleri olacak&#8221;<br \/>\nT\u00fcrkiye&#8217;de ilk k\u00f6pr\u00fcl\u00fc kav\u015fak bisiklet yoluna sahip olan G\u00f6\u00e7men Kav\u015fa\u011f\u0131 ve onun devam\u0131nda da 26. Cadde&#8217;den Stadyuma kadar yeni biten bulvar ve caddelerde bisiklet yollar\u0131n\u0131n oldu\u011funu vurgulayan Ba\u015fkan Se\u00e7er, &#8220;Biz bunu art\u0131k bir ya\u015fam bi\u00e7imi ve hizmet bi\u00e7imi haline getirmek zorunday\u0131z. Sa\u011fl\u0131kl\u0131 ya\u015fam i\u00e7in, daha ekonomik ya\u015fam i\u00e7in, k\u00fcresel \u0131s\u0131nma i\u00e7in&#8230;&#8221; dedi. Motorlu ara\u00e7lar\u0131n kullan\u0131m\u0131n\u0131n hava kirlili\u011finin yan\u0131 s\u0131ra, ekonomik olarak da olumsuz etkilerinin oldu\u011funa dikkat \u00e7eken Ba\u015fkan Se\u00e7er, bisikletin sa\u011fl\u0131k i\u00e7in \u00f6nemine de\u011finerek, &#8220;Bisiklet kullanmay\u0131 fiziksel ve ruhsal sa\u011fl\u0131k a\u00e7\u0131s\u0131ndan da destekliyorum. Ayr\u0131ca, ben de iyi bir bisiklet kullan\u0131c\u0131s\u0131y\u0131m ve herkese de tavsiye ediyorum&#8221; \u015feklinde konu\u015ftu.<br \/>\nYeni yap\u0131lan otoparklara da bisiklet kullan\u0131c\u0131lar\u0131 i\u00e7in yer ay\u0131rd\u0131klar\u0131n\u0131 s\u00f6zlerine ekleyen Ba\u015fkan Se\u00e7er, &#8220;\u00d6rne\u011fin k\u0131sa bir s\u00fcre sonra hizmete girecek olan 400 ara\u00e7l\u0131k Tevfik S\u0131rr\u0131 G\u00fcr Otopark\u0131&#8217;nda, bisiklet s\u00fcr\u00fcc\u00fclerine ait park yerleri mevcut. Bir\u00e7ok orijinal projelerimiz var&#8221; dedi.<\/p>\n","protected":false},"excerpt":{"rendered":"<p>Mersin Bisikletli Kad\u0131nlar Toplulu\u011fu, B\u00fcy\u00fck\u015fehir Belediyesi&#8217;nin bisikletli bir ya\u015fam i\u00e7in toplulu\u011fa sundu\u011fu destekler ve modern \u00e7al\u0131\u015fmalarla kente kazand\u0131r\u0131lan bisikletli ula\u015f\u0131m altyap\u0131s\u0131 i\u00e7in, Ba\u015fkan Vahap Se\u00e7er&#8217;e te\u015fekk\u00fcr ziyaretinde bulundu. Topluluk \u00fcyesi &hellip; <a href=\"https:\/\/akdenizolaygazetesi.com\/?p=21730\" class=\"more-link\">Devam\u0131n\u0131 Oku&#8230;<\/a><\/p>\n","protected":false},"author":2,"featured_media":21731,"comment_status":"open","ping_status":"open","sticky":false,"template":"","format":"standard","meta":[],"categories":[3,10],"tags":[],"_links":{"self":[{"href":"https:\/\/akdenizolaygazetesi.com\/index.php?rest_route=\/wp\/v2\/posts\/21730"}],"collection":[{"href":"https:\/\/akdenizolaygazetesi.com\/index.php?rest_route=\/wp\/v2\/posts"}],"about":[{"href":"https:\/\/akdenizolaygazetesi.com\/index.php?rest_route=\/wp\/v2\/types\/post"}],"author":[{"embeddable":true,"href":"https:\/\/akdenizolaygazetesi.com\/index.php?rest_route=\/wp\/v2\/users\/2"}],"replies":[{"embeddable":true,"href":"https:\/\/akdenizolaygazetesi.com\/index.php?rest_route=%2Fwp%2Fv2%2Fcomments&post=21730"}],"version-history":[{"count":1,"href":"https:\/\/akdenizolaygazetesi.com\/index.php?rest_route=\/wp\/v2\/posts\/21730\/revisions"}],"predecessor-version":[{"id":21732,"href":"https:\/\/akdenizolaygazetesi.com\/index.php?rest_route=\/wp\/v2\/posts\/21730\/revisions\/21732"}],"wp:featuredmedia":[{"embeddable":true,"href":"https:\/\/akdenizolaygazetesi.com\/index.php?rest_route=\/wp\/v2\/media\/21731"}],"wp:attachment":[{"href":"https:\/\/akdenizolaygazetesi.com\/index.php?rest_route=%2Fwp%2Fv2%2Fmedia&parent=21730"}],"wp:term":[{"taxonomy":"category","embeddable":true,"href":"https:\/\/akdenizolaygazetesi.com\/index.php?rest_route=%2Fwp%2Fv2%2Fcategories&post=21730"},{"taxonomy":"post_tag","embeddable":true,"href":"https:\/\/akdenizolaygazetesi.com\/index.php?rest_route=%2Fwp%2Fv2%2Ftags&post=21730"}],"curies":[{"name":"wp","href":"https:\/\/api.w.org\/{rel}","templated":true}]}}