{"id":21733,"date":"2022-10-20T12:17:06","date_gmt":"2022-10-20T09:17:06","guid":{"rendered":"http:\/\/akdenizolaygazetesi.com\/?p=21733"},"modified":"2022-10-20T12:17:06","modified_gmt":"2022-10-20T09:17:06","slug":"baskan-secer-tarsusta-hizmet-seferberligi-baslattik","status":"publish","type":"post","link":"https:\/\/akdenizolaygazetesi.com\/?p=21733","title":{"rendered":"BA\u015eKAN SE\u00c7ER: &#8220;TARSUS&#8217;TA H\u0130ZMET SEFERBERL\u0130\u011e\u0130 BA\u015eLATTIK&#8221;"},"content":{"rendered":"<p>Konu\u015fmas\u0131na, 3,5 y\u0131ld\u0131r gece g\u00fcnd\u00fcz, iyi niyetle, titizlikle, vatan a\u015fk\u0131yla ve insan sevgisiyle \u00e7al\u0131\u015ft\u0131klar\u0131n\u0131 belirterek ba\u015flayan Ba\u015fkan Se\u00e7er,  &#8220;Sizlerin tercihi ile sizlerin g\u00fcveni ile biz bu makamlara ula\u015ft\u0131k. Sizler istemedi\u011finiz noktada, biz o makamlar\u0131 demokratik bir \u015fekilde yeni se\u00e7ilen arkada\u015f\u0131m\u0131za devrederiz. Bizim demokrasi anlay\u0131\u015f\u0131m\u0131z bu. Fakat, bizim alt\u0131m\u0131zdan bu koltuklar\u0131 al\u0131p g\u00f6t\u00fcrmek \u00e7ok da kolay de\u011fil. Onun i\u00e7in se\u00e7imlerde rakiplerimizin i\u015fleri zor&#8221; ifadelerine yer verdi.<br \/>\nBa\u015fkan Se\u00e7er: &#8220;Bizim kalbimizde, geneti\u011fimizde asla haram yemek, yetim hakk\u0131na tenezz\u00fcl etmek yok&#8221;<br \/>\nMersin B\u00fcy\u00fck\u015fehir Belediyesi&#8217;ni \u00e7ok daha iyi noktalara getirdiklerini, canla ba\u015fla \u00e7al\u0131\u015ft\u0131klar\u0131n\u0131 ve bu konuda da tevazu g\u00f6stermeye gerek olmad\u0131\u011f\u0131n\u0131 ifade eden Ba\u015fkan Se\u00e7er, ilk olarak belediyenin mali disiplinini sa\u011flad\u0131klar\u0131n\u0131 vurgulad\u0131. Bir taraftan devrald\u0131klar\u0131 3 milyar liral\u0131k borcu \u00f6derken, di\u011fer taraftan da hizmet \u00fcrettiklerini s\u00f6yleyen Ba\u015fkan Se\u00e7er, &#8220;Bizler bu \u00fclkeyi y\u00f6netmeye talibiz. Onun i\u00e7in \u00f6nce belediyelere talip olduk. Bizlerin y\u00f6netiminde belediye \u00e7alm\u0131yor, \u00e7ald\u0131rm\u0131yor, israf etmiyor. Onun i\u00e7in, belediye hizmet yap\u0131yor. Onun i\u00e7in tarihinde g\u00f6rmedi\u011fi en g\u00fczel asfaltlar\u0131, Mersin halk\u0131na lay\u0131k g\u00f6r\u00fcyor. En iyi bulvarlar\u0131 a\u00e7\u0131yor, en g\u00fczel meydanlar\u0131 yap\u0131yor, en g\u00fczel parklar\u0131 yap\u0131yor&#8221; diye konu\u015ftu.<br \/>\nBelediye deyince insanlar\u0131n akl\u0131na bina, imar rant\u0131, beton, yanda\u015flar\u0131 doyurma, kay\u0131rma gibi kavramlar\u0131n geldi\u011fini, fakat bu kavramlar\u0131n kendilerinden uzak oldu\u011funu belirten Ba\u015fkan Se\u00e7er, &#8220;Bizde t\u00fcy\u00fc bitmemi\u015f yetimin hakk\u0131na tenezz\u00fcl etme yok. Say\u0131n Genel Ba\u015fkan\u0131m\u0131z Kemal K\u0131l\u0131\u00e7daro\u011flu da bizlere, &#8216;harama tenezz\u00fcl etmeyin, adaletsizlik yapmay\u0131n, ayr\u0131mc\u0131l\u0131k yapmay\u0131n&#8217; diyor. Elbette O&#8217;nun s\u00f6zleri bizim ba\u015f\u0131m\u0131z\u0131n tac\u0131, ama o s\u00f6ylemese de bizim kalbimizde, y\u00fcre\u011fimizde, geneti\u011fimizde asla haram yemek, yetim hakk\u0131na tenezz\u00fcl etmek yok&#8221; dedi.<br \/>\n&#8220;Sosyal belediyecilikte ilk 10 belediyeden biriyiz&#8221;<br \/>\nHi\u00e7bir kimsenin kendilerini ter\u00f6rle ili\u015fkilendirmeye veya vatan sevgilerini sorgulamaya haddi de hakk\u0131 da olmad\u0131\u011f\u0131n\u0131n alt\u0131n\u0131 \u00e7izen Ba\u015fkan Se\u00e7er, &#8220;Biz, Ulu \u00d6nder Mustafa Kemal&#8217;in izinden giden neferleriyiz. Bu vatana halel getirmeyiz. Ondan emanet ald\u0131k, namusumuzla bizden sonraki ku\u015faklara da devredece\u011fiz. Bundan da kimsenin endi\u015fesi olmas\u0131n. Kara \u00e7almalara, tezviratlara da sak\u0131n ola aldanmay\u0131n&#8221; ifadelerini kulland\u0131.<br \/>\nYap\u0131lan hizmetler konusunda bir ki\u015finin bile kalk\u0131p ele\u015ftiride bulunamad\u0131\u011f\u0131n\u0131 kaydeden Ba\u015fkan Se\u00e7er, &#8220;\u00c7\u00fcnk\u00fc herkes biliyor ki, biz \u00e7al\u0131\u015f\u0131yoruz. Belediyeniz ehil ellerde, sa\u011flam ellerde, \u015fefkatli y\u00fcreklerde. Biz sadece bina yapm\u0131yoruz. T\u00fcrkiye&#8217;nin tarihinde, sosyal belediyecilik konusunda bu kadar iddial\u0131 hizmetler sunan, sosyal politikalarda bu kadar etkin, s\u00fcrd\u00fcr\u00fclebilir sonu\u00e7 alan politikalar uygulayan 10 belediye varsa, son 3,5 y\u0131ll\u0131k d\u00f6nemde o s\u0131ralamaya Mersin B\u00fcy\u00fck\u015fehir Belediyesi de girmi\u015ftir&#8221; dedi.<br \/>\nSosyal hizmet anlam\u0131nda \u00e7ok \u00f6nemli projeleri hayata ge\u00e7irdiklerini vurgulayan Ba\u015fkan Se\u00e7er, Mahalle Mutfaklar\u0131, Evde Sa\u011fl\u0131k, \u00d6\u011frenci Yurtlar\u0131, Halk Kart, E\u011fitim ve \u00d6\u011fretim alan\u0131nda yap\u0131lan \u00e7al\u0131\u015fmalarla, vatanda\u015f\u0131n ruhuna dokunduklar\u0131n\u0131 kaydetti.<br \/>\n&#8220;Tarsus&#8217;u esteti\u011fi olan, tarihi doku ile uyumlu bir kent haline getirmek istiyoruz&#8221;<br \/>\nTemel belediyecilik hizmetlerinin yan\u0131 s\u0131ra, Tarsuslular\u0131n ihtiya\u00e7lar\u0131na cevap verecek \u00e7al\u0131\u015fmalar yapt\u0131klar\u0131n\u0131 da ifade eden Ba\u015fkan Se\u00e7er, &#8220;Zamanla Tarsus&#8217;umuza hizmetlerimiz artarak devam edecek. Kaliteli yollar yap\u0131l\u0131yor, yeni bulvarlar a\u00e7\u0131l\u0131yor, ye\u015fil alan d\u00fczenlemeleri ger\u00e7ekle\u015fiyor. Adana Caddesi, \u0130smet Pa\u015fa Bulvar\u0131, Ye\u015filyol, Kleopatra&#8217;ya kadar t\u00fcm caddeleri 2023 y\u0131l\u0131 program\u0131 i\u00e7erisinde Prestij Caddeleri yapaca\u011f\u0131z&#8221; ifadelerini kulland\u0131.<br \/>\nTarsus&#8217;u esteti\u011fi olan, tarihi doku ile uyumlu bir kent haline getirmek istediklerini belirten Ba\u015fkan Se\u00e7er, Tarsus&#8217;u aya\u011fa kald\u0131rmak i\u00e7in, burada yatan tarihi g\u00fcn y\u00fcz\u00fcne \u00e7\u0131karmak gerekti\u011fini s\u00f6yledi. Tarsus&#8217;un \u00fcst\u00fc kadar, alt\u0131nda da bir tarihin yatt\u0131\u011f\u0131n\u0131 dile getiren Ba\u015fkan Se\u00e7er, &#8220;Fakat bunu ne \u00fclkemize, ne de d\u00fcnyaya sunabilmi\u015f de\u011filiz. Y\u00f6netimde kald\u0131\u011f\u0131m\u0131z s\u00fcre i\u00e7erisinde, Tarsus&#8217;a her anlamda gerekli hizmeti yapaca\u011f\u0131z&#8221; dedi.<br \/>\n3,5 y\u0131ld\u0131r i\u015f ba\u015f\u0131nda olmalar\u0131na ra\u011fmen, 10 y\u0131ld\u0131r hizmetteymi\u015f gibi 24 saat \u00e7al\u0131\u015ft\u0131klar\u0131n\u0131 belirten Ba\u015fkan Se\u00e7er, hizmetleri \u00e7ok k\u0131sa s\u00fcrede ve h\u0131zl\u0131 bir \u015fekilde ger\u00e7ekle\u015ftirdiklerinden bahsetti.<br \/>\n&#8220;Belediye ba\u015fkan\u0131, belediyenin arsas\u0131n\u0131 halka a\u00e7acak, park yapacak, ye\u015fil alan yapacak, sosyal tesis yapacak. Bizim belediyecilik anlay\u0131\u015f\u0131m\u0131z bu&#8221;<br \/>\nMersin&#8217;de ula\u015f\u0131m alan\u0131nda trafi\u011fi rahatlatacak katl\u0131 kav\u015fak, yeni bulvar ve caddeler, t\u00fcp ge\u00e7i\u015f gibi bir\u00e7ok \u00f6nemli projeyi hayata ge\u00e7irdiklerini kaydeden Ba\u015fkan Se\u00e7er, ad\u0131 ge\u00e7en \u00e7al\u0131\u015fmalar\u0131n benzerlerini Tarsus&#8217;ta da yapt\u0131klar\u0131n\u0131 belirterek, daha da yapacaklar\u0131 m\u00fcjdesini verdi.<br \/>\nY\u0131k\u0131lan \u015eelale Oteli&#8217;nin yerine yap\u0131lacak sosyal tesisler hakk\u0131nda da bilgi veren Ba\u015fkan Se\u00e7er,  &#8220;\u015eimdi oray\u0131 s\u00fcratle y\u0131kt\u0131k ve halka a\u00e7t\u0131k. Ben t\u00fcccar kafal\u0131 bir belediye ba\u015fkan\u0131 olmad\u0131m. Belediye ba\u015fkan\u0131, belediyenin arsas\u0131n\u0131 halka a\u00e7acak, park yapacak, ye\u015fil alan yapacak, sosyal tesis yapacak. Bizim belediyecilik anlay\u0131\u015f\u0131m\u0131z bu&#8221; dedi.<br \/>\nAtat\u00fcrk Park\u0131&#8217;n\u0131n \u00e7ok g\u00fczel bir g\u00f6r\u00fcn\u00fcme kavu\u015ftu\u011funu ve gidenlerin de b\u00fcy\u00fck \u00f6vg\u00fcs\u00fcn\u00fc ald\u0131\u011f\u0131n\u0131 s\u00f6yleyen Ba\u015fkan Se\u00e7er &#8220;K\u00fclt\u00fcr Park&#8217;ta bir proje \u00fczerinde \u00e7al\u0131\u015f\u0131l\u0131yor. \u00d6t\u00fcken Park\u0131 da, yeni d\u00fczenlemelerle \u00e7ok daha g\u00fczel bir hal ald\u0131. Tarsus&#8217;un her noktas\u0131na dokunmak istiyoruz. Bu kadar zengin bir kent, bu kadar tarih ve k\u00fclt\u00fcr kokan bir kent olan Tarsus&#8217;un kaderini de\u011fi\u015ftirece\u011fiz&#8221; \u015feklinde konu\u015ftu.<\/p>\n<p>&#8220;Pazar g\u00fcn\u00fc halk ko\u015fusunda ben de olaca\u011f\u0131m, herkesi bekliyorum&#8221;<\/p>\n<p>Tarsus Yar\u0131 Maratonu hakk\u0131nda bilgi veren Ba\u015fkan Se\u00e7er, kendisinin de ge\u00e7en y\u0131l kat\u0131ld\u0131\u011f\u0131 3 kilometrelik halk ko\u015fusuna herkesi bekledi\u011fini s\u00f6yledi. Ba\u015fkan Se\u00e7er &#8220;Ben de Pazar g\u00fcn\u00fc halk ko\u015fusunda olaca\u011f\u0131m, hepinizi bekliyorum. 3 binden fazla kat\u0131l\u0131m olaca\u011f\u0131 s\u00f6ylendi. Burada uluslararas\u0131 platformda ko\u015fu yapan sporcular\u0131m\u0131z var. T\u00fcrkiye&#8217;den de\u011fi\u015fik illerden sporcular\u0131m\u0131z var&#8221; ifadelerini kulland\u0131.<\/p>\n<p>&#8220;As\u0131l vatana ihanet, b\u00f6lmek ve ay\u0131rmakt\u0131r&#8221;<\/p>\n<p>Tarsus Yar\u0131 Maratonu&#8217;nun kendisi i\u00e7in \u00f6nemli bir etkinlik oldu\u011funun alt\u0131n\u0131 \u00e7izen Ba\u015fkan Se\u00e7er, &#8220;\u0130nsanlar\u0131n bir arada olmas\u0131, belli bir s\u00fcreli\u011fine de olsa huzur bulmas\u0131; siyasi g\u00f6r\u00fc\u015f, mezhep, me\u015frep ayr\u0131m\u0131 olmadan bir arada olmas\u0131 benim i\u00e7in \u00f6nemli. Biz bir y\u00fcre\u011fiz, biz T\u00fcrkiye&#8217;yiz, do\u011fudan bat\u0131ya, kuzeyden g\u00fcneye&#8230; Herkesi kucaklayaca\u011f\u0131z. B\u00f6lmek, ay\u0131rmak, as\u0131l vatana ihanet bu. &#8216;Sen k\u0131rm\u0131z\u0131s\u0131n, sen mavisin, sen ye\u015filsin&#8217; demektir as\u0131l b\u00f6l\u00fcc\u00fcl\u00fck&#8221; dedi.<\/p>\n<p>Kat\u0131l\u0131mc\u0131lara 4-5-6 Kas\u0131m 2022 tarihlerinde yap\u0131lacak olan 1.Tarsus Uluslararas\u0131 Festivali&#8217;ni de \u00e7ok \u00f6nemsemeleri \u00e7a\u011fr\u0131s\u0131nda bulunan Ba\u015fkan Se\u00e7er, &#8220;Bu festivale yurdun her taraf\u0131ndan ve yurt d\u0131\u015f\u0131ndan \u00e7ok ola\u011fan\u00fcst\u00fc topluluklar gelecek. Halk danslar\u0131, sanat\u00e7\u0131lar, s\u00f6yle\u015filer, romanc\u0131lar, gazeteciler herkes burada olacak. Mersin&#8217;in yeti\u015ftirdi\u011fi Tarsus&#8217;un yeti\u015ftirdi\u011fi de\u011ferleri buraya \u00e7a\u011f\u0131raca\u011f\u0131z. \u00c7ok g\u00fczel konserler olacak&#8221; dedi.<\/p>\n<p>Konu\u015fman\u0131n ard\u0131ndan Pazar g\u00fcn\u00fc yap\u0131lacak halk ko\u015fusuna kayd\u0131n\u0131 yapt\u0131ran Ba\u015fkan Se\u00e7er&#8217;e,<br \/>\nmaraton ko\u015fusu i\u00e7in &#8220;33&#8221; numaral\u0131 forma hediye edildi. Ba\u015fkan Se\u00e7er, lansman bitiminde Tarsus esnaf\u0131n\u0131 da gezerek, kolayl\u0131klar diledi.<\/p>\n","protected":false},"excerpt":{"rendered":"<p>Konu\u015fmas\u0131na, 3,5 y\u0131ld\u0131r gece g\u00fcnd\u00fcz, iyi niyetle, titizlikle, vatan a\u015fk\u0131yla ve insan sevgisiyle \u00e7al\u0131\u015ft\u0131klar\u0131n\u0131 belirterek ba\u015flayan Ba\u015fkan Se\u00e7er, &#8220;Sizlerin tercihi ile sizlerin g\u00fcveni ile biz bu makamlara ula\u015ft\u0131k. Sizler istemedi\u011finiz &hellip; <a href=\"https:\/\/akdenizolaygazetesi.com\/?p=21733\" class=\"more-link\">Devam\u0131n\u0131 Oku&#8230;<\/a><\/p>\n","protected":false},"author":2,"featured_media":21734,"comment_status":"open","ping_status":"open","sticky":false,"template":"","format":"standard","meta":[],"categories":[7,3,10],"tags":[],"_links":{"self":[{"href":"https:\/\/akdenizolaygazetesi.com\/index.php?rest_route=\/wp\/v2\/posts\/21733"}],"collection":[{"href":"https:\/\/akdenizolaygazetesi.com\/index.php?rest_route=\/wp\/v2\/posts"}],"about":[{"href":"https:\/\/akdenizolaygazetesi.com\/index.php?rest_route=\/wp\/v2\/types\/post"}],"author":[{"embeddable":true,"href":"https:\/\/akdenizolaygazetesi.com\/index.php?rest_route=\/wp\/v2\/users\/2"}],"replies":[{"embeddable":true,"href":"https:\/\/akdenizolaygazetesi.com\/index.php?rest_route=%2Fwp%2Fv2%2Fcomments&post=21733"}],"version-history":[{"count":1,"href":"https:\/\/akdenizolaygazetesi.com\/index.php?rest_route=\/wp\/v2\/posts\/21733\/revisions"}],"predecessor-version":[{"id":21735,"href":"https:\/\/akdenizolaygazetesi.com\/index.php?rest_route=\/wp\/v2\/posts\/21733\/revisions\/21735"}],"wp:featuredmedia":[{"embeddable":true,"href":"https:\/\/akdenizolaygazetesi.com\/index.php?rest_route=\/wp\/v2\/media\/21734"}],"wp:attachment":[{"href":"https:\/\/akdenizolaygazetesi.com\/index.php?rest_route=%2Fwp%2Fv2%2Fmedia&parent=21733"}],"wp:term":[{"taxonomy":"category","embeddable":true,"href":"https:\/\/akdenizolaygazetesi.com\/index.php?rest_route=%2Fwp%2Fv2%2Fcategories&post=21733"},{"taxonomy":"post_tag","embeddable":true,"href":"https:\/\/akdenizolaygazetesi.com\/index.php?rest_route=%2Fwp%2Fv2%2Ftags&post=21733"}],"curies":[{"name":"wp","href":"https:\/\/api.w.org\/{rel}","templated":true}]}}