{"id":21736,"date":"2022-10-20T12:19:03","date_gmt":"2022-10-20T09:19:03","guid":{"rendered":"http:\/\/akdenizolaygazetesi.com\/?p=21736"},"modified":"2022-10-20T12:19:03","modified_gmt":"2022-10-20T09:19:03","slug":"cumhurbaskanligi-tarafindan-turkiye-genelinde-100-muhtarlik-binasinin-temel-atma-toreni-gerceklesti","status":"publish","type":"post","link":"https:\/\/akdenizolaygazetesi.com\/?p=21736","title":{"rendered":"Cumhurba\u015fkanl\u0131\u011f\u0131 taraf\u0131ndan T\u00fcrkiye genelinde 100 muhtarl\u0131k binas\u0131n\u0131n temel atma t\u00f6reni ger\u00e7ekle\u015fti"},"content":{"rendered":"<p>Cumhurba\u015fkanl\u0131\u011f\u0131 himayesinde; \u201819 Ekim Muhtarlar G\u00fcn\u00fc\u2019 dolay\u0131s\u0131yla d\u00fczenlenen \u201cMuhtarlar Evi A\u00e7\u0131l\u0131\u015f\u0131 ve 100 Muhtarl\u0131k Hizmet Binas\u0131 Temel Atma T\u00f6reni\u2019 kapsam\u0131nda, Akdeniz il\u00e7esine ba\u011fl\u0131 G\u00fcndo\u011fdu Mahallesi\u2019nde yap\u0131lacak muhtarl\u0131k binas\u0131 temel atma t\u00f6reni ger\u00e7ekle\u015fti. Cumhurba\u015fkan\u0131 Recep Tayyip Erdo\u011fan da telekonferans sistemiyle \u00fclke \u00e7ap\u0131nda d\u00fczenlenen t\u00f6renlerin bir b\u00f6l\u00fcm\u00fcne kat\u0131ld\u0131.<br \/>\nAkdeniz il\u00e7esine ba\u011fl\u0131 G\u00fcndo\u011fdu Mahallesi\u2019nde yap\u0131lacak muhtarl\u0131k binas\u0131 temel atma t\u00f6reni, Vali Ali Hamza Pehlivan, Akdeniz Kaymakam\u0131 Zeyit \u015eener, Akdeniz Belediye Ba\u015fkan\u0131 M. Mustafa G\u00fcltak, T\u00fcrkiye Muhtarlar Konfederasyonu Genel Ba\u015fkan Yard\u0131mc\u0131s\u0131 ve Mersin Muhtarlar Derne\u011fi Ba\u015fkan\u0131 Ali G\u00fclgen, askeri erk\u00e2n, b\u00fcrokratlar ve vatanda\u015flar\u0131n kat\u0131l\u0131m\u0131yla ger\u00e7ekle\u015fti. G\u00fcndo\u011fdu Mahallesi Muhtar\u0131 Abdurrahim Ulusal, uzun y\u0131llard\u0131r muhtarl\u0131k binalar\u0131 olmad\u0131\u011f\u0131n\u0131 belirterek, 19 Ekim Muhtarlar G\u00fcn\u00fc\u2019nde bu binay\u0131 kendilerine kazand\u0131ran Cumhurba\u015fkan\u0131 Recep Tayyip Erdo\u011fan\u2019a, Vali Pehlivan ile muhtarl\u0131k binas\u0131 i\u00e7in yer tahsisi yapan Ba\u015fkan G\u00fcltak\u2019a te\u015fekk\u00fcr etti.<br \/>\nMuhtarl\u0131k binas\u0131 arazisi Akdeniz Belediyesi\u2019nden\u2026<br \/>\nAkdeniz Belediye Ba\u015fkan\u0131 M. Mustafa G\u00fcltak da vatanda\u015flar ile devlet aras\u0131nda k\u00f6pr\u00fc vazifesi g\u00f6ren muhtarlar\u0131n \u00e7ok \u00f6nemli bir g\u00f6rev yapt\u0131\u011f\u0131n\u0131n alt\u0131n\u0131 \u00e7izdi. 19 Ekim Muhtarlar G\u00fcn\u00fc dolay\u0131s\u0131yla ge\u00e7en hafta sonu muhtarlar\u0131 Erdemli K\u0131zkalesi\u2019nde, bir otelde ger\u00e7ekle\u015fen kampta a\u011f\u0131rlad\u0131klar\u0131n\u0131 kaydeden Ba\u015fkan G\u00fcltak; \u201cCumhurba\u015fkanl\u0131\u011f\u0131m\u0131z taraf\u0131ndan ve Mersin Valili\u011fimiz himayesinde, belediyemize ait arazimizi, Valilik Yat\u0131r\u0131m ve \u0130zleme Koordinasyon Ba\u015fkanl\u0131\u011f\u0131 \u00fczerinden G\u00fcndo\u011fdu Mahalle Muhtarl\u0131\u011f\u0131 binas\u0131 yap\u0131lmak \u00fczere tahsis ettik ve bug\u00fcn de binam\u0131z\u0131n temelini atm\u0131\u015f olaca\u011f\u0131z\u201d dedi.<br \/>\n\u201cMersin\u2019de, muhtarlara ayni destek sunan ilk belediyeyiz\u201d<br \/>\nMuhtarlar\u0131n daima yan\u0131nda olduklar\u0131n\u0131n alt\u0131n\u0131 \u00e7izdi\u011fi konu\u015fmas\u0131nda Ba\u015fkan G\u00fcltak, muhtarl\u0131klar\u0131n su, elektrik, telefon, internet giderleri i\u00e7in Mersin\u2019de ilk kez ayni destek sunan belediye olduklar\u0131n\u0131 vurgulad\u0131. \u201cTabi biz ba\u015flay\u0131nca di\u011fer muhtarlar\u0131m\u0131z da talep etti ve di\u011fer belediyeler bu deste\u011fi sunmaya ba\u015flad\u0131\u201d diyen Ba\u015fkan Mustafa G\u00fcltak; \u201cBu ay i\u00e7inde de muhtarlar\u0131m\u0131z\u0131n \u00e7e\u015fitli giderleri i\u00e7in ayni deste\u011fimizi ger\u00e7ekle\u015ftirece\u011fiz. G\u00fcndo\u011fdu\u2019da muhtarl\u0131k binas\u0131 yan\u0131nda taziye evimiz var. Bu binam\u0131zda da Milli E\u011fitim M\u00fcd\u00fcrl\u00fc\u011f\u00fcm\u00fcz ile i\u015fbirli\u011finde, Mersin\u2019in ilk \u2018Bilim Merkezi\u2019ni kuraca\u011f\u0131z. Akdeniz\u2019de ya\u015fayan t\u00fcm \u00e7ocuklar\u0131m\u0131z bilim merkezinden faydalanabilecek\u201d ifadelerini kulland\u0131.<br \/>\nT\u00fcrkiye genelinde ayn\u0131 anda 100 muhtarl\u0131k binas\u0131n\u0131n temeli at\u0131ld\u0131<br \/>\nMersin Valisi Ali Hamza Pehlivan da t\u00f6rende yapt\u0131\u011f\u0131 konu\u015fmas\u0131nda, 19 Ekim Muhtarlar G\u00fcn\u00fc kapsam\u0131nda, Cumhurba\u015fkanl\u0131\u011f\u0131 himayesinde \u00fclke genelinde temel atma t\u00f6reni ger\u00e7ekle\u015fti\u011fini anlatt\u0131. Vali Pehlivan; \u201cB\u00fcy\u00fck\u015fehirlerimizde toplamda 100 muhtarl\u0131k binas\u0131n\u0131n temeli, Say\u0131n Cumhurba\u015fkan\u0131m\u0131z\u0131n himayelerinde bug\u00fcn at\u0131lacak.<br \/>\nAkdeniz\u2019de; G\u00fcndo\u011fdu Mahallesi\u2019nin yan\u0131 s\u0131ra, Mezitli ve Silifke il\u00e7elerimizde de birer muhtarl\u0131k binas\u0131n\u0131n temeli at\u0131lacak. Ayn\u0131 zamanda Ankara\u2019da ilk defa bir muhtarlar konuk evi tesis edildi ve binan\u0131n a\u00e7\u0131l\u0131\u015f\u0131 da Cumhurba\u015fkan\u0131m\u0131z taraf\u0131ndan yap\u0131lacak. Bu \u00e7al\u0131\u015fmalar\u0131 himaye eden Say\u0131n Cumhurba\u015fkan\u0131m\u0131za, ilimiz ad\u0131na \u015f\u00fckranlar\u0131m\u0131 sunuyorum.<br \/>\nMuhtarlar evi ve muhtarl\u0131k binas\u0131 say\u0131s\u0131n\u0131n artt\u0131r\u0131lmas\u0131 noktas\u0131nda desteklerinden dolay\u0131 da \u0130\u00e7i\u015fleri Bakanl\u0131\u011f\u0131m\u0131za ve Say\u0131n Bakan\u0131m\u0131za te\u015fekk\u00fcrlerimi sunuyorum. Hem muhtarl\u0131k binas\u0131n\u0131n yeri i\u00e7in yapt\u0131\u011f\u0131 tahsis, hem de muhtarlar\u0131m\u0131za sundu\u011fu hizmet ve desteklerden dolay\u0131 Akdeniz Belediye Ba\u015fkan\u0131m\u0131za da te\u015fekk\u00fcr ediyorum\u201d \u015feklinde konu\u015ftu.<\/p>\n","protected":false},"excerpt":{"rendered":"<p>Cumhurba\u015fkanl\u0131\u011f\u0131 himayesinde; \u201819 Ekim Muhtarlar G\u00fcn\u00fc\u2019 dolay\u0131s\u0131yla d\u00fczenlenen \u201cMuhtarlar Evi A\u00e7\u0131l\u0131\u015f\u0131 ve 100 Muhtarl\u0131k Hizmet Binas\u0131 Temel Atma T\u00f6reni\u2019 kapsam\u0131nda, Akdeniz il\u00e7esine ba\u011fl\u0131 G\u00fcndo\u011fdu Mahallesi\u2019nde yap\u0131lacak muhtarl\u0131k binas\u0131 temel atma &hellip; <a href=\"https:\/\/akdenizolaygazetesi.com\/?p=21736\" class=\"more-link\">Devam\u0131n\u0131 Oku&#8230;<\/a><\/p>\n","protected":false},"author":2,"featured_media":21737,"comment_status":"open","ping_status":"open","sticky":false,"template":"","format":"standard","meta":[],"categories":[2,3,5],"tags":[],"_links":{"self":[{"href":"https:\/\/akdenizolaygazetesi.com\/index.php?rest_route=\/wp\/v2\/posts\/21736"}],"collection":[{"href":"https:\/\/akdenizolaygazetesi.com\/index.php?rest_route=\/wp\/v2\/posts"}],"about":[{"href":"https:\/\/akdenizolaygazetesi.com\/index.php?rest_route=\/wp\/v2\/types\/post"}],"author":[{"embeddable":true,"href":"https:\/\/akdenizolaygazetesi.com\/index.php?rest_route=\/wp\/v2\/users\/2"}],"replies":[{"embeddable":true,"href":"https:\/\/akdenizolaygazetesi.com\/index.php?rest_route=%2Fwp%2Fv2%2Fcomments&post=21736"}],"version-history":[{"count":1,"href":"https:\/\/akdenizolaygazetesi.com\/index.php?rest_route=\/wp\/v2\/posts\/21736\/revisions"}],"predecessor-version":[{"id":21738,"href":"https:\/\/akdenizolaygazetesi.com\/index.php?rest_route=\/wp\/v2\/posts\/21736\/revisions\/21738"}],"wp:featuredmedia":[{"embeddable":true,"href":"https:\/\/akdenizolaygazetesi.com\/index.php?rest_route=\/wp\/v2\/media\/21737"}],"wp:attachment":[{"href":"https:\/\/akdenizolaygazetesi.com\/index.php?rest_route=%2Fwp%2Fv2%2Fmedia&parent=21736"}],"wp:term":[{"taxonomy":"category","embeddable":true,"href":"https:\/\/akdenizolaygazetesi.com\/index.php?rest_route=%2Fwp%2Fv2%2Fcategories&post=21736"},{"taxonomy":"post_tag","embeddable":true,"href":"https:\/\/akdenizolaygazetesi.com\/index.php?rest_route=%2Fwp%2Fv2%2Ftags&post=21736"}],"curies":[{"name":"wp","href":"https:\/\/api.w.org\/{rel}","templated":true}]}}