{"id":21745,"date":"2022-10-20T12:24:12","date_gmt":"2022-10-20T09:24:12","guid":{"rendered":"http:\/\/akdenizolaygazetesi.com\/?p=21745"},"modified":"2022-10-20T12:24:12","modified_gmt":"2022-10-20T09:24:12","slug":"kadin-her-zaman-uretimin-icindeydi-fakat-adi-yoktu","status":"publish","type":"post","link":"https:\/\/akdenizolaygazetesi.com\/?p=21745","title":{"rendered":"&#8220;KADIN HER ZAMAN \u00dcRET\u0130M\u0130N \u0130\u00c7\u0130NDEYD\u0130, FAKAT ADI YOKTU&#8221;"},"content":{"rendered":"<p>Mersin B\u00fcy\u00fck\u015fehir Belediyesi Kad\u0131n ve Aile Hizmetleri Dairesi Ba\u015fkanl\u0131\u011f\u0131&#8217;n\u0131n \u00fcretici kad\u0131nlara destek ama\u00e7l\u0131 olarak a\u00e7t\u0131\u011f\u0131 stantlardan faydalan kad\u0131nlar, emeklerinin kar\u015f\u0131l\u0131\u011f\u0131n\u0131 almaya devam ediyor. Kentin bir\u00e7ok noktas\u0131nda, \u00fcretici kad\u0131nlar\u0131n ve \u00fcr\u00fcnlerinin tan\u0131t\u0131m\u0131 konusunda verilen destek, Mersinli kad\u0131nlar\u0131n ba\u015far\u0131 hik\u00e2yelerini \u00f6ne \u00e7\u0131kar\u0131yor.<\/p>\n<p>25 y\u0131ld\u0131r ar\u0131c\u0131l\u0131k yapan 2 \u00e7ocuk annesi \u0130lknur \u00c7akmak da, \u00fcretici kad\u0131n stantlar\u0131ndan faydalanan y\u00fczlerce kad\u0131ndan sadece birisi. Tamamen do\u011fal olarak \u00fcretti\u011fi ar\u0131c\u0131l\u0131k \u00fcr\u00fcnlerini t\u00fcketiciye ula\u015ft\u0131rmakta g\u00fc\u00e7l\u00fck \u00e7ekti\u011fini s\u00f6yleyen \u00c7akmak, Mersin B\u00fcy\u00fck\u015fehir Belediyesi&#8217;nin deste\u011fi ile bu sorundan kurtuldu\u011funu ve art\u0131k sekt\u00f6r\u00fcnde tan\u0131nan bir isim oldu\u011funu s\u00f6yledi.<\/p>\n<p>&#8220;Benim tek ba\u015f\u0131ma ula\u015famayaca\u011f\u0131m insanlara ula\u015fmam\u0131 sa\u011flad\u0131lar&#8221;<\/p>\n<p>Ar\u0131c\u0131l\u0131k hayat\u0131n\u0131n son 5 y\u0131l\u0131nda kendi markas\u0131n\u0131 yaratt\u0131\u011f\u0131n\u0131, ancak sonras\u0131nda bu markay\u0131 duyurmakta b\u00fcy\u00fck zorluklar ya\u015fad\u0131\u011f\u0131n\u0131 belirten \u00c7akmak, &#8220;Markam\u0131 al\u0131nca, bunu tan\u0131tman\u0131n derdine d\u00fc\u015ft\u00fcm. Belediyemizin \u00fcreten kad\u0131nlara verdi\u011fi destekleri duymu\u015ftum. Ben de ba\u015fvurdum. AVM&#8217;ler de stantlar a\u00e7\u0131l\u0131yordu. Benim kendi ba\u015f\u0131ma bir AVM&#8217;ye girmem imk\u00e2ns\u0131zd\u0131. Fakat B\u00fcy\u00fck\u015fehir, bize AVM&#8217;de stant a\u00e7arak bu imkan\u0131 sa\u011flad\u0131 ve ula\u015famayaca\u011f\u0131m insanlara ula\u015ft\u0131m&#8221; dedi.<\/p>\n<p>K\u00fc\u00e7\u00fck \u00fcreticilerin, birilerinin deste\u011fi olmadan mevcut durumlar\u0131n\u0131 s\u00fcrd\u00fcrmesinin \u00e7ok zor oldu\u011funu ifade eden \u00c7akmak, kendisinin bu konuda belediyeden b\u00fcy\u00fck destek ald\u0131\u011f\u0131n\u0131 belirtti. Sadece d\u00fczg\u00fcn \u00fcretmek yetmedi\u011fini, kaliteli \u00fcretim yapman\u0131n da \u00f6nemli oldu\u011funu vurgulayan \u00c7akmak, &#8220;Bu konuda ben belediyemizin stantlar\u0131ndan ciddi fayda g\u00f6rd\u00fcm.<br \/>\nKad\u0131nlar\u0131m\u0131z iyi \u00fcr\u00fcn, kaliteli \u00fcr\u00fcn \u00fcretirlerse, belediyemiz zaten bize yol a\u00e7\u0131yor&#8221; \u015feklinde konu\u015ftu.<\/p>\n<p>&#8220;Belediyemizin stantlar\u0131yla, kad\u0131nlar\u0131m\u0131z\u0131n emekleri de\u011fere d\u00f6n\u00fc\u015f\u00fcyor&#8221;<\/p>\n<p>\u00dcretici kad\u0131nlar\u0131n eme\u011finin \u015fimdiye kadar g\u00f6rmezden gelindi\u011fini, ancak \u00fcretici kad\u0131n stantlar\u0131 ile bu durumun de\u011fi\u015fti\u011fini vurgulayan \u0130lknur \u00c7akmak, &#8220;Kad\u0131nlar\u0131m\u0131z her zaman \u00fcretimin i\u00e7inde vard\u0131, ama kad\u0131n\u0131n ad\u0131 yoktu. Kad\u0131n\u0131n eme\u011finin kar\u015f\u0131l\u0131\u011f\u0131, de\u011feri yoktu. Belediyemizin stantlar\u0131yla beraber, kad\u0131nlar\u0131m\u0131z\u0131n emekleri de\u011fere d\u00f6n\u00fc\u015f\u00fcyor. Kad\u0131nlar\u0131n emekleri geri d\u00f6n\u00fc\u015f sa\u011flad\u0131\u011f\u0131 zaman, insanlar\u0131n azmini de art\u0131r\u0131yor. \u0130\u00e7 Anadolu&#8217;da bunun imk\u00e2n\u0131n\u0131 bulam\u0131yorsunuz, ama buras\u0131 \u00f6yle de\u011fil. O y\u00fczden emek versinler, vazge\u00e7mesinler, belediyemize ba\u015fvurup stantlarda yer als\u0131nlar&#8221; diye konu\u015ftu.<\/p>\n","protected":false},"excerpt":{"rendered":"<p>Mersin B\u00fcy\u00fck\u015fehir Belediyesi Kad\u0131n ve Aile Hizmetleri Dairesi Ba\u015fkanl\u0131\u011f\u0131&#8217;n\u0131n \u00fcretici kad\u0131nlara destek ama\u00e7l\u0131 olarak a\u00e7t\u0131\u011f\u0131 stantlardan faydalan kad\u0131nlar, emeklerinin kar\u015f\u0131l\u0131\u011f\u0131n\u0131 almaya devam ediyor. Kentin bir\u00e7ok noktas\u0131nda, \u00fcretici kad\u0131nlar\u0131n ve \u00fcr\u00fcnlerinin &hellip; <a href=\"https:\/\/akdenizolaygazetesi.com\/?p=21745\" class=\"more-link\">Devam\u0131n\u0131 Oku&#8230;<\/a><\/p>\n","protected":false},"author":2,"featured_media":0,"comment_status":"open","ping_status":"open","sticky":false,"template":"","format":"standard","meta":[],"categories":[2,3,5],"tags":[],"_links":{"self":[{"href":"https:\/\/akdenizolaygazetesi.com\/index.php?rest_route=\/wp\/v2\/posts\/21745"}],"collection":[{"href":"https:\/\/akdenizolaygazetesi.com\/index.php?rest_route=\/wp\/v2\/posts"}],"about":[{"href":"https:\/\/akdenizolaygazetesi.com\/index.php?rest_route=\/wp\/v2\/types\/post"}],"author":[{"embeddable":true,"href":"https:\/\/akdenizolaygazetesi.com\/index.php?rest_route=\/wp\/v2\/users\/2"}],"replies":[{"embeddable":true,"href":"https:\/\/akdenizolaygazetesi.com\/index.php?rest_route=%2Fwp%2Fv2%2Fcomments&post=21745"}],"version-history":[{"count":1,"href":"https:\/\/akdenizolaygazetesi.com\/index.php?rest_route=\/wp\/v2\/posts\/21745\/revisions"}],"predecessor-version":[{"id":21747,"href":"https:\/\/akdenizolaygazetesi.com\/index.php?rest_route=\/wp\/v2\/posts\/21745\/revisions\/21747"}],"wp:attachment":[{"href":"https:\/\/akdenizolaygazetesi.com\/index.php?rest_route=%2Fwp%2Fv2%2Fmedia&parent=21745"}],"wp:term":[{"taxonomy":"category","embeddable":true,"href":"https:\/\/akdenizolaygazetesi.com\/index.php?rest_route=%2Fwp%2Fv2%2Fcategories&post=21745"},{"taxonomy":"post_tag","embeddable":true,"href":"https:\/\/akdenizolaygazetesi.com\/index.php?rest_route=%2Fwp%2Fv2%2Ftags&post=21745"}],"curies":[{"name":"wp","href":"https:\/\/api.w.org\/{rel}","templated":true}]}}