{"id":21748,"date":"2022-10-20T12:25:48","date_gmt":"2022-10-20T09:25:48","guid":{"rendered":"http:\/\/akdenizolaygazetesi.com\/?p=21748"},"modified":"2022-10-20T12:25:48","modified_gmt":"2022-10-20T09:25:48","slug":"mersinin-13-ilcesindeki-ortaokullardan-ogrencilerin-katilimiyla-duzenlendi","status":"publish","type":"post","link":"https:\/\/akdenizolaygazetesi.com\/?p=21748","title":{"rendered":"Mersin\u2019in 13 il\u00e7esindeki ortaokullardan \u00f6\u011frencilerin kat\u0131l\u0131m\u0131yla d\u00fczenlendi"},"content":{"rendered":"<p>\u201cDo\u011fadaki Ya\u015fam\u0131 Ke\u015ffet &#8211; Do\u011fa ile B\u00fct\u00fcnle\u015f\u201d projesi kapsam\u0131nda, endemik t\u00fcrlere ev sahipli\u011fi yapmas\u0131 nedeniyle Cumhurba\u015fkanl\u0131\u011f\u0131\u2019nca sit alan\u0131 ilan edilen; d\u00fcnyada nesli koruma alt\u0131ndaki Caretta Caretta Kaplumba\u011falar\u0131n\u0131n da \u00fcreme alan\u0131 Adanal\u0131o\u011flu sahilinde bir dizi etkinlik ger\u00e7ekle\u015ftirildi.<br \/>\nTUB\u0130TAK 4004 Do\u011fa E\u011fitimi ve Bilim Okullar\u0131, Tarsus \u0130l\u00e7e Milli E\u011fitim M\u00fcd\u00fcrl\u00fc\u011f\u00fc ve Akdeniz Belediyesi i\u015fbirli\u011finde organize edilen \u201cDo\u011fadaki Ya\u015fam\u0131 Ke\u015ffet &#8211; Do\u011fa ile B\u00fct\u00fcnle\u015f\u201d etkinli\u011fine, farkl\u0131 il\u00e7elerdeki okullardan \u00f6\u011frenciler, \u00f6\u011fretmenler ve g\u00f6n\u00fcll\u00fcler kat\u0131ld\u0131. Akdeniz Belediye Ba\u015fkan\u0131 M. Mustafa G\u00fcltak da \u00e7ocuklara do\u011fay\u0131 koruma bilincinin a\u015f\u0131lanmas\u0131n\u0131 ve \u00e7evreci ya\u015fama uygulamalar\u0131n\u0131n yayg\u0131nla\u015ft\u0131r\u0131lmas\u0131n\u0131 ama\u00e7layan etkinli\u011fe kat\u0131larak \u00e7ocuklar\u0131 ve proje ekibini yaln\u0131z b\u0131rakmad\u0131. T\u00fcm giderleri T\u00dcB\u0130TAK taraf\u0131ndan kar\u015f\u0131lanan etkinlikte \u00f6\u011frencilere; deniz canl\u0131lar\u0131n\u0131n korunmas\u0131, tar\u0131m arazilerine verilen tahribat\u0131 en aza indirmek amac\u0131yla verilen m\u00fccadele, iklim de\u011fi\u015fikli\u011fi, \u00e7evre ve do\u011fal kaynaklar\u0131n korunmas\u0131n\u0131n \u00f6nemini, biyo\/\u00e7e\u015fitlili\u011fin \u00f6nemi, a\u011fa\u00e7lar\u0131n odun ve odun d\u0131\u015f\u0131 \u00fcr\u00fcnleri, bitki t\u00fcrlerinin \u00e7e\u015fitlili\u011fini korumak i\u00e7in hangi \u00f6nlemlerin al\u0131naca\u011f\u0131 ve orman yang\u0131nlar\u0131yla m\u00fccadele y\u00f6ntemlerini anlatan etkinlikler organize edildi.<br \/>\nDo\u011fa ile uyumlu bir ya\u015fam i\u00e7in\u2026<br \/>\n\u201cDo\u011fadaki Ya\u015fam\u0131 Ke\u015ffet &#8211; Do\u011fa ile B\u00fct\u00fcnle\u015f\u201d projesi hakk\u0131nda bilgi veren Proje Y\u00fcr\u00fct\u00fcc\u00fcs\u00fc Meryem \u00dclk\u00fc Yozcu; \u201cProje ile amac\u0131m\u0131z; yery\u00fcz\u00fc \u00fczerindeki h\u0131zl\u0131 n\u00fcfus art\u0131\u015f\u0131, sanayile\u015fme, do\u011fal \u00e7evre \u00fczerinde olumsuz etkiler yaratmakta. Bizler de buradan yola \u00e7\u0131karak \u00f6\u011frencilerimizle do\u011fa ile uyumlu bir ya\u015fam bilinci olu\u015fturmak amac\u0131yla, bunu da erken ya\u015flarda olu\u015fturarak, gelece\u011fe ya\u015fanabilir bir d\u00fcnya b\u0131rakmak \u00fczere 7\u2019inci s\u0131n\u0131f \u00f6\u011frencilerimizi hedef kitle olarak belirledik. Mersin\u2019de \u00f6\u011frenim g\u00f6ren t\u00fcm \u00f6\u011frencilere a\u00e7\u0131k bir proje ve her il\u00e7emizden \u00f6\u011frencilerimiz projede yer al\u0131yor. Etkinliklerimizi 17-22 Ekim tarihleri aras\u0131nda ger\u00e7ekle\u015ftirece\u011fiz\u201d dedi.<br \/>\nG\u00fcltak; \u201cKoruma alt\u0131ndaki b\u00f6lgede s\u0131k s\u0131k \u00e7al\u0131\u015fmalar yap\u0131yoruz\u201d<br \/>\nAkdeniz Belediye Ba\u015fkan\u0131 M. Mustafa G\u00fcltak da konu\u015fmas\u0131nda, etkinli\u011fe Mersin\u2019in 13 il\u00e7esinde bulunan farkl\u0131 okullardan \u00e7ocuklar\u0131n kat\u0131ld\u0131\u011f\u0131n\u0131 belirterek; \u201c\u00c7ocuklar\u0131m\u0131z, burada deniz ve do\u011fa ile bir araya geldi. Adanal\u0131o\u011flu\u2019nda kesinlikle korunmas\u0131 gereken 1, 2 ve 3\u2019\u00fcnc\u00fc derece sit alanlar\u0131m\u0131z var. Say\u0131n Cumhurba\u015fkan\u0131m\u0131z ile 3 y\u0131l \u00f6nce g\u00f6r\u00fc\u015ft\u00fck ve bu b\u00f6lge sit alan\u0131 ilan edilmi\u015fti. G\u00f6reve geldi\u011fimizde sahilde b\u00f6lgenin 25 y\u0131ll\u0131k \u00e7\u00f6p\u00fc birikmi\u015fti. Biz bu \u00e7\u00f6p\u00fc kald\u0131rd\u0131k, do\u011fay\u0131 temizledik. Milli E\u011fitim M\u00fcd\u00fcrl\u00fc\u011f\u00fcm\u00fcz ile yapt\u0131\u011f\u0131m\u0131z projelerle de s\u0131k aral\u0131klarla gen\u00e7lerimiz ve \u00e7ocuklar\u0131m\u0131z\u0131n kat\u0131l\u0131m\u0131yla sahilimizde \u00e7evre bilinci e\u011fitimi ve temizlik \u00e7al\u0131\u015fmas\u0131 ger\u00e7ekle\u015ftiriyoruz. Bu e\u011fitimi al\u0131p bilin\u00e7 kazanan \u00e7ocuklar\u0131m\u0131z aile b\u00fcy\u00fcklerine, arkada\u015flar\u0131na ve \u00e7evresine de \u00f6rnek oluyor. Gelece\u011fimiz olan \u00e7ocuklar\u0131m\u0131za daha ya\u015fanabilir, temiz ve sa\u011fl\u0131kl\u0131 bir do\u011fa ve \u00e7evre b\u0131rakmak amac\u0131yla b\u00f6ylesi \u00f6nemli etkinliklerimize devam edece\u011fiz\u201d \u015feklinde konu\u015ftu.<\/p>\n","protected":false},"excerpt":{"rendered":"<p>\u201cDo\u011fadaki Ya\u015fam\u0131 Ke\u015ffet &#8211; Do\u011fa ile B\u00fct\u00fcnle\u015f\u201d projesi kapsam\u0131nda, endemik t\u00fcrlere ev sahipli\u011fi yapmas\u0131 nedeniyle Cumhurba\u015fkanl\u0131\u011f\u0131\u2019nca sit alan\u0131 ilan edilen; d\u00fcnyada nesli koruma alt\u0131ndaki Caretta Caretta Kaplumba\u011falar\u0131n\u0131n da \u00fcreme alan\u0131 &hellip; <a href=\"https:\/\/akdenizolaygazetesi.com\/?p=21748\" class=\"more-link\">Devam\u0131n\u0131 Oku&#8230;<\/a><\/p>\n","protected":false},"author":2,"featured_media":21749,"comment_status":"open","ping_status":"open","sticky":false,"template":"","format":"standard","meta":[],"categories":[2,3,5],"tags":[],"_links":{"self":[{"href":"https:\/\/akdenizolaygazetesi.com\/index.php?rest_route=\/wp\/v2\/posts\/21748"}],"collection":[{"href":"https:\/\/akdenizolaygazetesi.com\/index.php?rest_route=\/wp\/v2\/posts"}],"about":[{"href":"https:\/\/akdenizolaygazetesi.com\/index.php?rest_route=\/wp\/v2\/types\/post"}],"author":[{"embeddable":true,"href":"https:\/\/akdenizolaygazetesi.com\/index.php?rest_route=\/wp\/v2\/users\/2"}],"replies":[{"embeddable":true,"href":"https:\/\/akdenizolaygazetesi.com\/index.php?rest_route=%2Fwp%2Fv2%2Fcomments&post=21748"}],"version-history":[{"count":1,"href":"https:\/\/akdenizolaygazetesi.com\/index.php?rest_route=\/wp\/v2\/posts\/21748\/revisions"}],"predecessor-version":[{"id":21750,"href":"https:\/\/akdenizolaygazetesi.com\/index.php?rest_route=\/wp\/v2\/posts\/21748\/revisions\/21750"}],"wp:featuredmedia":[{"embeddable":true,"href":"https:\/\/akdenizolaygazetesi.com\/index.php?rest_route=\/wp\/v2\/media\/21749"}],"wp:attachment":[{"href":"https:\/\/akdenizolaygazetesi.com\/index.php?rest_route=%2Fwp%2Fv2%2Fmedia&parent=21748"}],"wp:term":[{"taxonomy":"category","embeddable":true,"href":"https:\/\/akdenizolaygazetesi.com\/index.php?rest_route=%2Fwp%2Fv2%2Fcategories&post=21748"},{"taxonomy":"post_tag","embeddable":true,"href":"https:\/\/akdenizolaygazetesi.com\/index.php?rest_route=%2Fwp%2Fv2%2Ftags&post=21748"}],"curies":[{"name":"wp","href":"https:\/\/api.w.org\/{rel}","templated":true}]}}