{"id":21760,"date":"2022-10-20T16:43:08","date_gmt":"2022-10-20T13:43:08","guid":{"rendered":"http:\/\/akdenizolaygazetesi.com\/?p=21760"},"modified":"2022-10-20T16:43:08","modified_gmt":"2022-10-20T13:43:08","slug":"yenisehir-belediyesinin-2023-yili-butcesi-oy-birligiyle-kabul-edildi","status":"publish","type":"post","link":"https:\/\/akdenizolaygazetesi.com\/?p=21760","title":{"rendered":"Yeni\u015fehir Belediyesinin 2023 y\u0131l\u0131 b\u00fct\u00e7esi oy birli\u011fiyle kabul edildi"},"content":{"rendered":"<p>Mersin Yeni\u015fehir Belediyesinin 2023 y\u0131l\u0131 mali b\u00fct\u00e7esi g\u00f6r\u00fc\u015f\u00fclerek, oy birli\u011fiyle kabul edildi. Yeni\u015fehir Belediyesinin 2023 y\u0131l\u0131 b\u00fct\u00e7esi 701 milyon TL olarak belirlenirken, Ba\u015fkan Abdullah \u00d6zyi\u011fit desteklerinden dolay\u0131 meclis \u00fcyelerine te\u015fekk\u00fcr etti ve b\u00fct\u00e7enin Yeni\u015fehir\u2019e hay\u0131rl\u0131 olmas\u0131n\u0131 diledi.<br \/>\nYeni\u015fehir Belediye Meclisinin 2022 Y\u0131l\u0131 Ekim Ay\u0131 Ola\u011fan Toplant\u0131s\u0131n\u0131n \u0130kinci Birle\u015fimi, Belediye Ba\u015fkan\u0131 Abdullah \u00d6zyi\u011fit ba\u015fkanl\u0131\u011f\u0131nda ger\u00e7ekle\u015fti. Mecliste 2023 y\u0131l\u0131n\u0131n y\u0131l\u0131 performans program\u0131,  gelir-gider b\u00fct\u00e7esi ile vergi, har\u00e7 ve \u00fccret tarifesi g\u00f6r\u00fc\u015f\u00fcld\u00fc.  T\u00fcm meclis \u00fcyelerinin deste\u011fini alan Yeni\u015fehir Belediyesinin 2023 y\u0131l\u0131 mali b\u00fct\u00e7esi oy birli\u011fi ile kabul edildi. 2022 y\u0131l\u0131 mali b\u00fct\u00e7esi ve m\u00fcd\u00fcrl\u00fcklere ayr\u0131lan b\u00fct\u00e7e miktarlar\u0131 mecliste tek tek okunarak oyland\u0131.<br \/>\nBa\u015fkan \u00d6zyi\u011fit, \u201cBu k\u0131s\u0131tl\u0131 ko\u015fullarda en iyisini yapmak i\u00e7in el birli\u011fiyle \u00e7al\u0131\u015faca\u011f\u0131z\u201d<br \/>\n2023 y\u0131l\u0131 b\u00fct\u00e7esinin Yeni\u015fehir halk\u0131na hay\u0131rl\u0131 olmas\u0131n\u0131 dileyen Yeni\u015fehir Belediye Ba\u015fkan\u0131 Abdullah \u00d6zyi\u011fit \u201cYeni\u015fehirli hem\u015fehrilerimizle ya\u015famaktan, birlikte olmaktan mutlu oldu\u011fumuz il\u00e7emizi, 2023\u2019te daha ya\u015fanabilir, daha temiz ve daha ye\u015fil; insanlar\u0131m\u0131z\u0131n k\u00fclt\u00fcre, sanata ve spora daha fazla ula\u015ft\u0131\u011f\u0131 bir il\u00e7e haline getirece\u011fiz. B\u00fct\u00fcn olumsuzluklara, d\u00fcnyada ya\u015fanan sava\u015flara, \u00fclkemizde ya\u015fanan ekonomik s\u0131k\u0131nt\u0131lara ra\u011fmen hem\u015fehrilerimizin ya\u015fam kalitelerini yukar\u0131ya \u00e7ekmeye hep birlikte gayret edece\u011fiz. Bu k\u0131s\u0131tl\u0131 ko\u015fullarda en iyisini yapmak i\u00e7in teknik kadromuzla, \u00e7al\u0131\u015fan emek\u00e7i dostlar\u0131m\u0131zla ve belediye meclis \u00fcyelerimizle bu gayreti el birli\u011fi ile verece\u011fiz. Umut ediyorum ki ba\u015far\u0131l\u0131 da olaca\u011f\u0131z. Bu s\u00fcrece emek veren t\u00fcm arkada\u015flar\u0131ma te\u015fekk\u00fcr ediyorum.\u201d \u0130fadelerini kulland\u0131.<br \/>\nBa\u015fkan Abdullah \u00d6zyi\u011fit, hayat\u0131n\u0131 kaybeden madencileri and\u0131<br \/>\nBa\u015fkan Abdullah \u00d6zyi\u011fit, Meclis Toplant\u0131s\u0131n\u0131n a\u00e7\u0131l\u0131\u015f\u0131nda yapt\u0131\u011f\u0131 konu\u015fmada Bart\u0131n Amasra\u2019da meydana gelen maden facias\u0131nda hayat\u0131n\u0131 kaybeden madencileri and\u0131.  Ba\u015fkan \u00d6zyi\u011fit, \u201c \u2018A\u015fa\u011f\u0131da \u00f6l\u00fcm var, yukar\u0131da a\u00e7l\u0131k. A\u015fa\u011f\u0131daki \u00f6l\u00fcm olas\u0131l\u0131k, yukar\u0131daki a\u00e7l\u0131k kesin\u2019 demi\u015fti Zonguldak&#8217;ta bir madenci. D\u00fcnya\u2019n\u0131n bir\u00e7ok \u00fclkesinde madenler var. Yeteri kadar bilimsel ger\u00e7eklikleri yans\u0131tmamak, prosed\u00fcrlere uymamak, i\u015f g\u00fcvenli\u011fini yeteri kadar temin etmemek maalesef bizi birka\u00e7 y\u0131lda bir bu kazalarla kar\u015f\u0131 kar\u015f\u0131ya getiriyor. Hayat\u0131n\u0131 kaybeden maden \u015fehitlerimize Allah\u2019tan rahmet, ailelerine ba\u015fsa\u011fl\u0131\u011f\u0131 ve sab\u0131r diliyorum. 4.Mersin Kushimoto Sokak Sanat\u00e7\u0131lar\u0131 Festivalimiz\u2019i ger\u00e7ekle\u015ftirdik ama t\u00fcm m\u00fczik, e\u011flence etkinliklerini iptal ettik. G\u00fcn boyu stantlar a\u00e7\u0131kt\u0131. Orda elde edilen gelirler Bart\u0131nl\u0131 maden \u015fehitlerimizin ailelerine ba\u011f\u0131\u015flanacak. Ben t\u00fcm hem\u015fehrilerime duyarl\u0131l\u0131\u011f\u0131 i\u00e7in te\u015fekk\u00fcr ederim.\u201ddedi.<br \/>\n\u201cHer ne olursa olsun Cumhuriyet\u2019e sahip \u00e7\u0131kaca\u011f\u0131z\u201d<br \/>\nT\u00fcrkiye Cumhuriyeti\u2019nin kurulu\u015funun 99\u2019uncu y\u0131l\u0131 nedeniyle a\u00e7\u0131klama yapan Ba\u015fkan Abdullah \u00d6zyi\u011fit, \u201cBu \u00fclkeyi kuran Mustafa Kemal Atat\u00fcrk ve yol arkada\u015flar\u0131n\u0131 rahmetle an\u0131yorum. Onlar bize bu Cumhuriyeti hediye etti. Cumhuriyet demokrasi olmad\u0131\u011f\u0131nda zay\u0131flar. Cumhuriyet, bas\u0131n \u00f6zg\u00fcrl\u00fc\u011f\u00fc de dahil g\u00fc\u00e7ler ayr\u0131l\u0131\u011f\u0131 prensibinin uygulanmas\u0131 ve demokrasinin t\u00fcm kurum ve kurullar\u0131yla i\u015flemesiyle anlaml\u0131 olur. Cumhuriyetin ilan\u0131 ile birlikte T\u00fcrkiye\u2019de bir kalk\u0131nma d\u00f6nemi ba\u015flam\u0131\u015f; ekonomik, siyasal ve sosyal ya\u015fam gibi her alanda ilerleme ger\u00e7ekle\u015fmi\u015f. Kad\u0131nlar\u0131m\u0131z ya\u015fam\u0131n her alan\u0131nda var olmu\u015f ve haklar\u0131n\u0131 yine cumhuriyetin ilan edilmesiyle kazanm\u0131\u015flard\u0131r.Her ne olursa olsun Cumhuriyet\u2019e sahip \u00e7\u0131kaca\u011f\u0131m\u0131z\u0131 ve Cumhuriyet de\u011ferlerinin arkas\u0131nda duraca\u011f\u0131m\u0131z\u0131 kararl\u0131l\u0131kla ifade etmek istiyorum. 29 Ekim Cumhuriyet Bayram\u0131\u2019m\u0131z kutlu olsun.\u201d\u015feklinde konu\u015ftu. <\/p>\n<p>Volkan Konak konseri 30 Ekim\u2019de<br \/>\n29 Ekim Cumhuriyet Bayram\u0131 kutlamalar\u0131 kapsam\u0131nda ger\u00e7ekle\u015ftirecekleri etkinlikler hakk\u0131nda bilgi veren Ba\u015fkan \u00d6zyi\u011fit,  \u201cAtat\u00fcrk\u00e7\u00fc D\u00fc\u015f\u00fcnce Derne\u011fi Mersin \u015eubesi ile birlikte emekli amiral Cem G\u00fcrdeniz\u2019in konu\u015fmac\u0131 olarak kat\u0131laca\u011f\u0131 \u2018Cumhuriyet\u2019imizin 100.y\u0131l\u0131na girerken,  Atat\u00fcrk\u2019\u00fcn denizcilik \u00fclk\u00fcs\u00fc\u2019 panelini 28 Ekim Cuma g\u00fcn\u00fc saat 17.00\u2019de Yeni\u015fehir Belediyesi Atat\u00fcrk K\u00fclt\u00fcr Merkezi\u2019mizde d\u00fczenleyece\u011fiz. Mavi Vatan unsuru biliyorsunuz son zamanlarda \u00e7ok konu\u015fulan bir konu. Dolay\u0131s\u0131yla bu panelin bilgilendirici olaca\u011f\u0131n\u0131 d\u00fc\u015f\u00fcn\u00fcyorum.  30 Ekim Pazar g\u00fcn\u00fc ise saat 19.00\u2019da \u00d6zgecan Aslan Bar\u0131\u015f Meydan\u0131\u2019nda Volkan Konak\u2019\u0131 Yeni\u015fehirli ve Mersinli hem\u015fehrilerimizle bulu\u015fturaca\u011f\u0131z. T\u00fcm Mersinlileri bu b\u00fcy\u00fck co\u015fkuya bekliyoruz.\u201ddiye konu\u015ftu.<br \/>\nG\u00f6\u00e7men Bal\u0131k Pazar\u0131 29 Ekim\u2019de a\u00e7\u0131lacak<br \/>\nE\u011fri\u00e7am Mahallesi\u2019nde in\u015fa ettikleri G\u00f6\u00e7men Bal\u0131k Pazar\u0131\u2019n\u0131n hizmete a\u00e7\u0131laca\u011f\u0131n\u0131n m\u00fcjdesini veren Ba\u015fkan \u00d6zyi\u011fit,\u201c29 Ekim Cumartesi g\u00fcn\u00fc G\u00f6\u00e7men\u2019de halk\u0131m\u0131z\u0131n kullan\u0131m\u0131na haz\u0131rlad\u0131\u011f\u0131m\u0131z bal\u0131k pazar\u0131m\u0131z\u0131 a\u00e7\u0131yoruz. G\u00f6\u00e7men Bal\u0131k Pazar\u0131 son derece modern oldu. Tertemiz  ve sa\u011fl\u0131kl\u0131 deniz \u00fcr\u00fcnleri olacak, ayr\u0131ca sebze, meyve, beyaz ve k\u0131rm\u0131z et sat\u0131\u015f\u0131 i\u00e7in de birer d\u00fckkan koyduk ki vatanda\u015flar\u0131m\u0131z geldi\u011finde orada t\u00fcm ihtiyac\u0131n\u0131 g\u00f6rs\u00fcn. G\u00f6\u00e7men Bal\u0131k Pazar\u0131\u2019n\u0131n a\u00e7\u0131l\u0131\u015f\u0131na herkesi davet ediyorum. Kentimize hay\u0131rl\u0131 olsun\u201d dedi. <\/p>\n","protected":false},"excerpt":{"rendered":"<p>Mersin Yeni\u015fehir Belediyesinin 2023 y\u0131l\u0131 mali b\u00fct\u00e7esi g\u00f6r\u00fc\u015f\u00fclerek, oy birli\u011fiyle kabul edildi. Yeni\u015fehir Belediyesinin 2023 y\u0131l\u0131 b\u00fct\u00e7esi 701 milyon TL olarak belirlenirken, Ba\u015fkan Abdullah \u00d6zyi\u011fit desteklerinden dolay\u0131 meclis \u00fcyelerine te\u015fekk\u00fcr &hellip; <a href=\"https:\/\/akdenizolaygazetesi.com\/?p=21760\" class=\"more-link\">Devam\u0131n\u0131 Oku&#8230;<\/a><\/p>\n","protected":false},"author":2,"featured_media":21761,"comment_status":"open","ping_status":"open","sticky":false,"template":"","format":"standard","meta":[],"categories":[8,3,5],"tags":[],"_links":{"self":[{"href":"https:\/\/akdenizolaygazetesi.com\/index.php?rest_route=\/wp\/v2\/posts\/21760"}],"collection":[{"href":"https:\/\/akdenizolaygazetesi.com\/index.php?rest_route=\/wp\/v2\/posts"}],"about":[{"href":"https:\/\/akdenizolaygazetesi.com\/index.php?rest_route=\/wp\/v2\/types\/post"}],"author":[{"embeddable":true,"href":"https:\/\/akdenizolaygazetesi.com\/index.php?rest_route=\/wp\/v2\/users\/2"}],"replies":[{"embeddable":true,"href":"https:\/\/akdenizolaygazetesi.com\/index.php?rest_route=%2Fwp%2Fv2%2Fcomments&post=21760"}],"version-history":[{"count":1,"href":"https:\/\/akdenizolaygazetesi.com\/index.php?rest_route=\/wp\/v2\/posts\/21760\/revisions"}],"predecessor-version":[{"id":21762,"href":"https:\/\/akdenizolaygazetesi.com\/index.php?rest_route=\/wp\/v2\/posts\/21760\/revisions\/21762"}],"wp:featuredmedia":[{"embeddable":true,"href":"https:\/\/akdenizolaygazetesi.com\/index.php?rest_route=\/wp\/v2\/media\/21761"}],"wp:attachment":[{"href":"https:\/\/akdenizolaygazetesi.com\/index.php?rest_route=%2Fwp%2Fv2%2Fmedia&parent=21760"}],"wp:term":[{"taxonomy":"category","embeddable":true,"href":"https:\/\/akdenizolaygazetesi.com\/index.php?rest_route=%2Fwp%2Fv2%2Fcategories&post=21760"},{"taxonomy":"post_tag","embeddable":true,"href":"https:\/\/akdenizolaygazetesi.com\/index.php?rest_route=%2Fwp%2Fv2%2Ftags&post=21760"}],"curies":[{"name":"wp","href":"https:\/\/api.w.org\/{rel}","templated":true}]}}