{"id":21768,"date":"2022-10-21T12:48:15","date_gmt":"2022-10-21T09:48:15","guid":{"rendered":"http:\/\/akdenizolaygazetesi.com\/?p=21768"},"modified":"2022-10-21T12:48:15","modified_gmt":"2022-10-21T09:48:15","slug":"insanlar-nice-medeniyete-ev-sahipligi-yapmis-tarsusta-kosacak","status":"publish","type":"post","link":"https:\/\/akdenizolaygazetesi.com\/?p=21768","title":{"rendered":"&#8220;\u0130NSANLAR, N\u0130CE MEDEN\u0130YETE EV SAH\u0130PL\u0130\u011e\u0130 YAPMI\u015e TARSUS&#8217;TA KO\u015eACAK&#8221;"},"content":{"rendered":"<p>Mersin B\u00fcy\u00fck\u015fehir Belediye Ba\u015fkan\u0131 Vahap Se\u00e7er, Sports TV&#8217;de Running adl\u0131 program\u0131n canl\u0131 yay\u0131n konu\u011fu oldu. Hafta sonu ko\u015fulacak olan 14. Uluslararas\u0131 Tarsus Yar\u0131 Maratonu hakk\u0131nda konu\u015fan Ba\u015fkan Se\u00e7er, son derece renkli bir etkinli\u011fe imza at\u0131ld\u0131\u011f\u0131n\u0131 s\u00f6yledi. Ba\u015fkan Se\u00e7er, &#8220;Yar\u0131 maratonda 11 \u00fclkeden 40 yabanc\u0131 ve 390 kendi vatanda\u015f\u0131m\u0131z olmak \u00fczere toplam 430 sporcu yar\u0131\u015facak. Pazar g\u00fcn\u00fc ayn\u0131 zamanda, bir de halk ko\u015fumuz var. O ko\u015fu i\u00e7in de 3 bin 684 vatanda\u015f\u0131m\u0131z kay\u0131t yapt\u0131rm\u0131\u015f. Hatta bu ko\u015fu i\u00e7in kay\u0131tlar, Pazar g\u00fcn\u00fc ko\u015funun yap\u0131laca\u011f\u0131 saate kadar devam edecek&#8221; dedi.<br \/>\n&#8220;Mersin co\u011frafyas\u0131 spor etkinliklerine \u00e7ok uygun&#8221;<br \/>\nMaratona bu y\u0131l Rusya, Azerbaycan, K\u0131rg\u0131zistan, Etiyopya, Almanya, \u00c7ek Cumhuriyeti, Kenya, Tacikistan ve \u0130zlanda&#8217;dan sporcular\u0131n da kat\u0131laca\u011f\u0131n\u0131 ifade eden Ba\u015fkan Se\u00e7er, &#8220;Bu etkinlikte insanlar medeniyetlere, imparatorluklara ev sahipli\u011fi yapm\u0131\u015f, imparatorluklar\u0131n ba\u015fkenti olmu\u015f, \u00fcniversiteler kenti Tarsus&#8217;ta ko\u015facak&#8221; diye konu\u015ftu.<br \/>\nMersin&#8217;in co\u011frafyas\u0131n\u0131n; spora, etkinliklere, festivallere ve yar\u0131\u015flara son derece uygun oldu\u011funu kaydeden Ba\u015fkan Se\u00e7er, &#8220;Mersin, 12 ay boyunca bir\u00e7ok aktiviteyi yapmaya m\u00fcsait. Halk\u0131 \u00e7ok s\u0131cakkanl\u0131, \u00e7ok misafirperver. \u00c7\u00fcnk\u00fc anlatt\u0131\u011f\u0131m gibi muazzam bir tarihi, k\u00fclt\u00fcrel birikimi olan, her haliyle 10 numara bir kent diyebilirim kentim i\u00e7in&#8221; dedi.<br \/>\nMersin B\u00fcy\u00fck\u015fehir Belediyesi olarak, \u00e7ok \u00f6nemli etkinlikler yapt\u0131klar\u0131n\u0131 kaydeden Ba\u015fkan Se\u00e7er, &#8220;Mutlaka her kurum, belediyeler, di\u011fer kurumlar kendince \u00f6nemli ve de\u011ferli \u00e7al\u0131\u015fmalar yap\u0131yorlard\u0131r, ama Mersin B\u00fcy\u00fck\u015fehir Belediyesi olarak \u00f6zellikle spor, sanat, k\u00fclt\u00fcr konular\u0131na 3,5 y\u0131ll\u0131k y\u00f6netim olarak \u00e7ok muazzam \u00f6nem veriyoruz&#8221; ifadelerini kulland\u0131.<br \/>\n&#8220;Dolu dolu spor etkinliklerimiz olacak&#8221;<br \/>\nSporu ve sporcuyu \u00e7ok \u00f6nemsediklerini kaydeden, bu kapsamda bir\u00e7ok etkinlik ve turnuva ger\u00e7ekle\u015ftirdiklerini vurgulayan Ba\u015fkan Se\u00e7er, &#8220;23 Ekim&#8217;de Tarsus&#8217;ta 14.&#8217;s\u00fc ger\u00e7ekle\u015ftirilecek Uluslararas\u0131 Tarsus Yar\u0131 Maratonu var. \u00d6ncesinde 21 ve 22 Ekim&#8217;de Mersin merkezde Gen\u00e7lik Festivalimiz var. Yine Tarsus&#8217;ta 4-5-6 Kas\u0131m&#8217;da 1.&#8217;sini yapaca\u011f\u0131m\u0131z Uluslararas\u0131 Tarsus Festivalimiz olacak. 2023 y\u0131l\u0131 i\u00e7erisinde Nisan ay\u0131nda 6.&#8217;s\u0131n\u0131 yapaca\u011f\u0131m\u0131z Tour Of Mersin Bisiklet Turu&#8217;muz var. Yine 2023 y\u0131l\u0131n\u0131n Aral\u0131k ay\u0131nda 5.&#8217;sini ger\u00e7ekle\u015ftirece\u011fimiz Uluslararas\u0131 Mersin Maratonu olacak. \u00c7ok renkli g\u00f6r\u00fcnt\u00fclerin oldu\u011fu, \u00e7ok g\u00fczel etkinliklerin oldu\u011fu g\u00fcnler ge\u00e7irece\u011fiz&#8221; dedi.<br \/>\nPazar g\u00fcnk\u00fc halk ko\u015fusunda kendisinin de ko\u015fuya kat\u0131laca\u011f\u0131n\u0131 s\u00f6zlerine ekleyen Ba\u015fkan Se\u00e7er, &#8220;T\u00fcm vatanda\u015flar\u0131m\u0131z\u0131 davet ediyorum. Spor demek bar\u0131\u015f demek, karde\u015flik demek, dostluk demek. Muazzam bir birle\u015ftirici g\u00fc\u00e7 demek. Onun i\u00e7in sporu \u00f6nemsiyoruz&#8221; dedi.<\/p>\n","protected":false},"excerpt":{"rendered":"<p>Mersin B\u00fcy\u00fck\u015fehir Belediye Ba\u015fkan\u0131 Vahap Se\u00e7er, Sports TV&#8217;de Running adl\u0131 program\u0131n canl\u0131 yay\u0131n konu\u011fu oldu. Hafta sonu ko\u015fulacak olan 14. Uluslararas\u0131 Tarsus Yar\u0131 Maratonu hakk\u0131nda konu\u015fan Ba\u015fkan Se\u00e7er, son derece &hellip; <a href=\"https:\/\/akdenizolaygazetesi.com\/?p=21768\" class=\"more-link\">Devam\u0131n\u0131 Oku&#8230;<\/a><\/p>\n","protected":false},"author":2,"featured_media":21769,"comment_status":"open","ping_status":"open","sticky":false,"template":"","format":"standard","meta":[],"categories":[3,10],"tags":[],"_links":{"self":[{"href":"https:\/\/akdenizolaygazetesi.com\/index.php?rest_route=\/wp\/v2\/posts\/21768"}],"collection":[{"href":"https:\/\/akdenizolaygazetesi.com\/index.php?rest_route=\/wp\/v2\/posts"}],"about":[{"href":"https:\/\/akdenizolaygazetesi.com\/index.php?rest_route=\/wp\/v2\/types\/post"}],"author":[{"embeddable":true,"href":"https:\/\/akdenizolaygazetesi.com\/index.php?rest_route=\/wp\/v2\/users\/2"}],"replies":[{"embeddable":true,"href":"https:\/\/akdenizolaygazetesi.com\/index.php?rest_route=%2Fwp%2Fv2%2Fcomments&post=21768"}],"version-history":[{"count":1,"href":"https:\/\/akdenizolaygazetesi.com\/index.php?rest_route=\/wp\/v2\/posts\/21768\/revisions"}],"predecessor-version":[{"id":21770,"href":"https:\/\/akdenizolaygazetesi.com\/index.php?rest_route=\/wp\/v2\/posts\/21768\/revisions\/21770"}],"wp:featuredmedia":[{"embeddable":true,"href":"https:\/\/akdenizolaygazetesi.com\/index.php?rest_route=\/wp\/v2\/media\/21769"}],"wp:attachment":[{"href":"https:\/\/akdenizolaygazetesi.com\/index.php?rest_route=%2Fwp%2Fv2%2Fmedia&parent=21768"}],"wp:term":[{"taxonomy":"category","embeddable":true,"href":"https:\/\/akdenizolaygazetesi.com\/index.php?rest_route=%2Fwp%2Fv2%2Fcategories&post=21768"},{"taxonomy":"post_tag","embeddable":true,"href":"https:\/\/akdenizolaygazetesi.com\/index.php?rest_route=%2Fwp%2Fv2%2Ftags&post=21768"}],"curies":[{"name":"wp","href":"https:\/\/api.w.org\/{rel}","templated":true}]}}