{"id":21771,"date":"2022-10-21T12:49:35","date_gmt":"2022-10-21T09:49:35","guid":{"rendered":"http:\/\/akdenizolaygazetesi.com\/?p=21771"},"modified":"2022-10-21T12:49:35","modified_gmt":"2022-10-21T09:49:35","slug":"baskan-secer-4-merkez-ilce-muhtarlariyla-bulustu","status":"publish","type":"post","link":"https:\/\/akdenizolaygazetesi.com\/?p=21771","title":{"rendered":"BA\u015eKAN SE\u00c7ER, 4 MERKEZ \u0130L\u00c7E MUHTARLARIYLA BULU\u015eTU"},"content":{"rendered":"<p>Muhtarlar\u0131n, demokrasinin temel unsurlar\u0131 oldu\u011funa de\u011finerek konu\u015fmas\u0131na ba\u015flayan Ba\u015fkan Se\u00e7er, &#8220;Ben bir belediye ba\u015fkan\u0131 olarak ba\u015far\u0131l\u0131 olmam\u0131n yolunun, muhtarlarla iyi ili\u015fkiden ge\u00e7ti\u011fini biliyorum. Asla siyasi bir menfaat, siyasi bir g\u00f6z boyama, \u015firin g\u00f6r\u00fcnme arzusunda ve ihtiyac\u0131nda olmad\u0131\u011f\u0131m\u0131 d\u00fc\u015f\u00fcn\u00fcyorum. \u00c7\u00fcnk\u00fc siyasetin, d\u00fcnyan\u0131n gereklerine ve ger\u00e7eklerine uygun yap\u0131lmas\u0131 gerekti\u011fine inan\u0131yorum&#8221; dedi.<br \/>\nHizmet konusunda ba\u015f\u0131ndan beri siyasi kimli\u011fini bir tarafa b\u0131rakt\u0131\u011f\u0131n\u0131 ifade eden Ba\u015fkan Se\u00e7er, &#8220;Biz halk\u0131n takdiriyle bu koltuklarda oturuyoruz. Hepimiz bir iradeyi yans\u0131t\u0131yoruz. Siz mahallenizin, ben de Mersin&#8217;in iradesini yans\u0131t\u0131yorum. \u0130\u015fte demokrasi b\u00f6yle bir \u015fey&#8221; diye konu\u015ftu.<br \/>\nSe\u00e7er: &#8220;3,5 y\u0131lda hi\u00e7bir kamu bankas\u0131ndan bor\u00e7lanamad\u0131m&#8221;<br \/>\n\u015eu anda hizmet makam\u0131nda oturdu\u011funu, fakat yapaca\u011f\u0131 hizmetlere siyasi saiklerle yap\u0131lan engellemeleri veya haks\u0131zl\u0131klar\u0131 da tenkit etme hakk\u0131 oldu\u011funu belirten Ba\u015fkan Se\u00e7er, t\u00fcm bunlara ra\u011fmen hizmetlere devam ettiklerini ve yap\u0131lan hizmetlerin tamam\u0131n\u0131n denetime a\u00e7\u0131k ve \u015feffaf bir yap\u0131da oldu\u011funa dikkat \u00e7ekti.<br \/>\nMersin&#8217;e 1.9 milyon yerli n\u00fcfus i\u00e7in gelen b\u00fct\u00e7eyle, s\u0131\u011f\u0131nmac\u0131lardan kaynakl\u0131 2.3 milyon n\u00fcfusa hizmet g\u00f6t\u00fcrd\u00fcklerini hat\u0131rlatan Ba\u015fkan Se\u00e7er, hizmet yapmak i\u00e7in \u0130ller Bankas\u0131 gibi kamu bankalar\u0131ndan kredi alamad\u0131\u011f\u0131n\u0131 da an\u0131msatt\u0131. Bu s\u00f6ylemlerinin \u015fikayet de\u011fil, tenkit oldu\u011funun alt\u0131n\u0131 bir kez daha \u00e7izen Ba\u015fkan Se\u00e7er, &#8220;Merkezi y\u00f6netimin idaresindeki b\u00fct\u00fcn kurumlar\u0131n 2019&#8217;dan beri verdi\u011fi hibe, kredi, kar\u015f\u0131l\u0131ks\u0131z kredinin %95&#8217;ten fazlas\u0131 Cumhur \u0130ttifak\u0131&#8217;n\u0131n belediyelerine gitmi\u015ftir. Ben 3,5 y\u0131ll\u0131k s\u00fcrem i\u00e7erisinde hi\u00e7bir kamu bankas\u0131ndan bor\u00e7lanamad\u0131m&#8221; dedi.<br \/>\n&#8220;D\u00fcr\u00fcst bir belediye ba\u015fkan\u0131, \u00f6nce kamu yarar\u0131n\u0131 d\u00fc\u015f\u00fcn\u00fcr&#8221;<br \/>\nAld\u0131klar\u0131 \u00f6nlem ve izledikleri ekonomik politika sayesinde B\u00fcy\u00fck\u015fehir Belediyesi&#8217;ni \u00e7ok g\u00fc\u00e7l\u00fc ve disiplinli bir mali yap\u0131ya kavu\u015fturduklar\u0131n\u0131 belirten Ba\u015fkan Se\u00e7er, ge\u00e7mi\u015f d\u00f6nemden kalan yar\u0131m i\u015fleri de k\u0131sa s\u00fcrede bitirdiklerini ve benzer i\u015fleri \u00e7ok daha ucuza yapt\u0131klar\u0131n\u0131n vurgusunu yapt\u0131.<br \/>\nGeriden gelen 400 milyon dolarl\u0131k borcu 3,5 y\u0131lda 100 milyon dolara indirdiklerini s\u00f6yleyen Ba\u015fkan Se\u00e7er, o zaman 400 milyon dolar olan b\u00fct\u00e7enin ise \u015fu anda 800 milyon dolara \u00e7\u0131kaca\u011f\u0131n\u0131 s\u00f6yledi.<br \/>\nBelediye Ba\u015fkanl\u0131\u011f\u0131&#8217;n\u0131n \u00e7ok dikkat edilmesi gereken bir g\u00f6rev oldu\u011funu s\u00f6yleyen Ba\u015fkan Se\u00e7er, t\u00fcm m\u00fccadelesinin vatanda\u015f\u0131n hakk\u0131n\u0131 korumak oldu\u011funu belirterek, &#8220;\u0130\u015fin i\u00e7ine rant, para,  arsa, avanta girdi\u011fi zaman, senin yapt\u0131\u011f\u0131n i\u015fte hay\u0131r olmaz. Ben Sosyal Demokrat bir belediye ba\u015fkan\u0131y\u0131m, sermaye d\u00fc\u015fman\u0131 da de\u011filim. Ama bu demek de\u011fildir ki, kamu mal\u0131 kapan\u0131n elinde kals\u0131n. \u00d6zellikle imar de\u011fi\u015fikli\u011fi veya imar a\u00e7ma gibi konularda d\u00fcr\u00fcst bir belediye ba\u015fkan\u0131, buradan elde edilecek rant\u0131n bir ki\u015finin cebine girmesine m\u00fcsaade etmez, kamunun yarar\u0131n\u0131 da d\u00fc\u015f\u00fcn\u00fcr&#8221; diye konu\u015ftu.<br \/>\n&#8220;4 merkez il\u00e7ede \u00e7ok \u00f6nemli \u00e7al\u0131\u015fmalar yap\u0131yoruz&#8221;<br \/>\nYeni\u015fehir il\u00e7esinin \u00e7ok h\u0131zl\u0131 geli\u015fen ve kentin bir ucundan bir ucuna ge\u00e7i\u015fi, hatta merkeze ini\u015fi sa\u011flayan bir koridor oldu\u011funu dile getiren Ba\u015fkan Se\u00e7er, bu il\u00e7ede \u00e7ok \u00f6nemli batt\u0131 \u00e7\u0131kt\u0131, cadde ve bulvarlar a\u00e7t\u0131klar\u0131n\u0131 ifade ederek, &#8220;Yak\u0131n zamanda Sayapark kav\u015fa\u011f\u0131nda \u00e7al\u0131\u015fma ba\u015flataca\u011f\u0131z. Orada bir de tramvay projemiz var. Yeni\u015fehir -Toroslar s\u0131n\u0131r\u0131nda kanalize kav\u015fak projesini hayata ge\u00e7irdik ve bu hat \u00fczerindeki trafi\u011fi rahatlatt\u0131k&#8221; dedi.<br \/>\nMESK\u0130&#8217;nin son 3,5 y\u0131l i\u00e7inde \u00f6nemli mesafeler ald\u0131\u011f\u0131ndan ve kuruma \u00f6nemli teknolojik yat\u0131r\u0131mlar\u0131n yap\u0131ld\u0131\u011f\u0131ndan bahseden Ba\u015fkan Se\u00e7er, 4 merkez il\u00e7eye ait de\u011fi\u015fik noktalarda kanalizasyon ve ya\u011fmursuyu hatlar\u0131 kapsam\u0131nda \u00f6nemli \u00e7al\u0131\u015fmalar y\u00fcr\u00fctt\u00fcklerine de\u011findi. FRIT II kapsam\u0131nda Homurlu ve T\u00f6m\u00fck&#8217;teki \u00e7al\u0131\u015fmalar\u0131 hayata ge\u00e7ireceklerini s\u00f6yleyen Ba\u015fkan Se\u00e7er, MESK\u0130&#8217;deki ka\u00e7ak kayba kar\u015f\u0131 da modern \u00e7al\u0131\u015fmalar\u0131 faaliyete ald\u0131klar\u0131n\u0131 s\u00f6yledi. Mezitli il\u00e7esinde de i\u00e7me suyu \u015febekesinin de\u011fi\u015fece\u011fini s\u00f6yleyen Ba\u015fkan Se\u00e7er, i\u015fin ihalesinin 1 Kas\u0131m&#8217;da yap\u0131laca\u011f\u0131n\u0131 belirtti.<br \/>\nSosyal hizmetlerle ilgili muhtarlar\u0131n taleplerinin oldu\u011funu s\u00f6yleyen Ba\u015fkan Se\u00e7er; Dosthane, Mahalle Mutfaklar\u0131, E\u011fitim projeleri, Halk Kart gibi sosyal projelerden, ihtiyac\u0131 olan herkesin yararlanmas\u0131n\u0131 istedi. Tar\u0131msal alanda da bir\u00e7ok ba\u015far\u0131l\u0131 projeye imza att\u0131klar\u0131n\u0131 dile getiren Ba\u015fkan Se\u00e7er, bu desteklerin her y\u0131l daha da artaca\u011f\u0131n\u0131 kaydetti.<\/p>\n<p> &#8220;Belediye&#8217;nin her t\u00fcrl\u00fc i\u015f ve i\u015flemlerine yarg\u0131 yolu a\u00e7\u0131kt\u0131r&#8221;<br \/>\n\u0130ktidar\u0131n her konuda adaletli olmas\u0131 ve ayr\u0131mc\u0131l\u0131\u011fa kesinlikle prim vermemesi gerekti\u011fini belirten Ba\u015fkan Se\u00e7er, &#8220;Yeni\u015fehir&#8217;de, Toroslar&#8217;da k\u00f6yl\u00fck b\u00f6lgeler var ve hepsinin projeleri elimizde. \u015eimdi Cumhur ittifak\u0131 iktidar, ama adaletli olmak zorunda. 7 ay sonra Millet \u0130ttifak\u0131&#8217;n\u0131n iktidara gelmesi durumunda, burada Millet \u0130ttifak\u0131na mensup olmayan bir belediyeye haks\u0131zl\u0131k yap\u0131ls\u0131n, \u00f6nce ben bu haks\u0131zl\u0131\u011f\u0131n kar\u015f\u0131s\u0131nda dururum. Ben B\u00fcy\u00fck\u015fehir Belediye Ba\u015fkan\u0131y\u0131m. \u0130smime ve \u015fan\u0131ma yara\u015f\u0131r tav\u0131r i\u00e7erisinde olmam laz\u0131m&#8221; diye konu\u015ftu.<br \/>\nMersin&#8217;in; Havaalan\u0131, Akdeniz Sahil Yolu, Pamukluk Baraj\u0131 gibi \u00e7\u00f6z\u00fclmesi gereken \u00f6nemli sorunlar\u0131 oldu\u011funa dikkat \u00e7eken Ba\u015fkan Se\u00e7er, ilgili ki\u015fi veya kurumlar\u0131n \u00f6ncelikle bu sorunlar\u0131 ortadan kald\u0131rmas\u0131 gerekti\u011fini belirtti. Ba\u015fkan Se\u00e7er &#8220;Bir an \u00f6nce bitirin suyun fiyat\u0131 ucuzlas\u0131n&#8221; dedi. Belediye&#8217;nin eylem ve i\u015flemlerine kar\u015f\u0131 yarg\u0131 yolunun her zaman a\u00e7\u0131k oldu\u011funu hat\u0131rlatan Ba\u015fkan Se\u00e7er, &#8220;Ama iktidar da, kurumlar\u0131 bir sopa gibi kullanamaz. Bunun ad\u0131 da demokrasi olmaz. Biz i\u015fimize bak\u0131yoruz, hizmet yap\u0131yoruz ve yapmaya da devam edece\u011fiz&#8221; ifadelerini kulland\u0131.<br \/>\nT\u00fcrkiye Muhtarlar Konfederasyonu Y\u00f6netim Kurulu \u00dcyesi ve Akdeniz Muhtarlar Derne\u011fi Ba\u015fkan\u0131 Ali G\u00fclgen, Yeni\u015fehir Muhtarlar Derne\u011fi Ba\u015fkan\u0131 Adnan Giray Atilla, Mezitli Muhtarlar Derne\u011fi Ba\u015fkan\u0131 B\u00fclent Ball\u0131, Toroslar Muhtarlar Derne\u011fi Ba\u015fkan\u0131 Cengiz \u015eahbaz,  Muhtarlar G\u00fcn\u00fc i\u00e7in d\u00fczenlenen kutlama program\u0131 ve hizmetlerden dolay\u0131 Ba\u015fkan Se\u00e7er&#8217;e te\u015fekk\u00fcrlerini iletti.<\/p>\n","protected":false},"excerpt":{"rendered":"<p>Muhtarlar\u0131n, demokrasinin temel unsurlar\u0131 oldu\u011funa de\u011finerek konu\u015fmas\u0131na ba\u015flayan Ba\u015fkan Se\u00e7er, &#8220;Ben bir belediye ba\u015fkan\u0131 olarak ba\u015far\u0131l\u0131 olmam\u0131n yolunun, muhtarlarla iyi ili\u015fkiden ge\u00e7ti\u011fini biliyorum. Asla siyasi bir menfaat, siyasi bir g\u00f6z &hellip; <a href=\"https:\/\/akdenizolaygazetesi.com\/?p=21771\" class=\"more-link\">Devam\u0131n\u0131 Oku&#8230;<\/a><\/p>\n","protected":false},"author":2,"featured_media":21772,"comment_status":"open","ping_status":"open","sticky":false,"template":"","format":"standard","meta":[],"categories":[2,3,5],"tags":[],"_links":{"self":[{"href":"https:\/\/akdenizolaygazetesi.com\/index.php?rest_route=\/wp\/v2\/posts\/21771"}],"collection":[{"href":"https:\/\/akdenizolaygazetesi.com\/index.php?rest_route=\/wp\/v2\/posts"}],"about":[{"href":"https:\/\/akdenizolaygazetesi.com\/index.php?rest_route=\/wp\/v2\/types\/post"}],"author":[{"embeddable":true,"href":"https:\/\/akdenizolaygazetesi.com\/index.php?rest_route=\/wp\/v2\/users\/2"}],"replies":[{"embeddable":true,"href":"https:\/\/akdenizolaygazetesi.com\/index.php?rest_route=%2Fwp%2Fv2%2Fcomments&post=21771"}],"version-history":[{"count":1,"href":"https:\/\/akdenizolaygazetesi.com\/index.php?rest_route=\/wp\/v2\/posts\/21771\/revisions"}],"predecessor-version":[{"id":21773,"href":"https:\/\/akdenizolaygazetesi.com\/index.php?rest_route=\/wp\/v2\/posts\/21771\/revisions\/21773"}],"wp:featuredmedia":[{"embeddable":true,"href":"https:\/\/akdenizolaygazetesi.com\/index.php?rest_route=\/wp\/v2\/media\/21772"}],"wp:attachment":[{"href":"https:\/\/akdenizolaygazetesi.com\/index.php?rest_route=%2Fwp%2Fv2%2Fmedia&parent=21771"}],"wp:term":[{"taxonomy":"category","embeddable":true,"href":"https:\/\/akdenizolaygazetesi.com\/index.php?rest_route=%2Fwp%2Fv2%2Fcategories&post=21771"},{"taxonomy":"post_tag","embeddable":true,"href":"https:\/\/akdenizolaygazetesi.com\/index.php?rest_route=%2Fwp%2Fv2%2Ftags&post=21771"}],"curies":[{"name":"wp","href":"https:\/\/api.w.org\/{rel}","templated":true}]}}