{"id":21774,"date":"2022-10-21T12:50:48","date_gmt":"2022-10-21T09:50:48","guid":{"rendered":"http:\/\/akdenizolaygazetesi.com\/?p=21774"},"modified":"2022-10-21T12:50:48","modified_gmt":"2022-10-21T09:50:48","slug":"21-ekim-dunya-gazeteciler-gununuz-kutlu-olsun","status":"publish","type":"post","link":"https:\/\/akdenizolaygazetesi.com\/?p=21774","title":{"rendered":"&#8220;21 Ekim D\u00fcnya Gazeteciler G\u00fcn\u00fcn\u00fcz kutlu olsun&#8221;"},"content":{"rendered":"<p>Mersin Yat\u0131r\u0131mc\u0131 \u0130\u015f \u0130nsanlar\u0131 Derne\u011fi (MERYAD) Ba\u015fkan\u0131 \u0130\u015f insan\u0131 Co\u015fkun Do\u011fmu\u015f, 21 Ekim D\u00fcnya Gazeteciler G\u00fcn\u00fc dolay\u0131s\u0131 ile kutlama mesaj\u0131 yay\u0131mlad\u0131. <\/p>\n<p>Ba\u015fkan Do\u011fmu\u015f mesaj\u0131nda \u015fu ifadeleri kulland\u0131;&#8221;Haberle\u015fmenin \u00f6nceliklerinden birisi olan bas\u0131n \u00e7al\u0131\u015fanlar\u0131, vatanda\u015flar\u0131m\u0131za zaman\u0131nda ve tarafs\u0131z olarak bilgi aktarmakla beraber gelece\u011fimize \u0131\u015f\u0131k tutmak, duyulmayan\u0131 duyurmakla birlikte,  mesle\u011fini bu g\u00f6rev ve sorumluluk bilinciyle ifa eden de\u011ferli gazetecilerimize sa\u011fl\u0131k ve esenlikler diler,  Ulu \u00d6nderimiz Mustafa Kemal Atat\u00fcrk&#8217;\u00fcn de dedi\u011fi gibi Gazeteciler, g\u00f6rd\u00fcklerini, d\u00fc\u015f\u00fcnd\u00fcklerini, bildiklerini samimiyetle yazmal\u0131d\u0131r.  &#8220;21 Ekim D\u00fcnya Gazeteciler G\u00fcn\u00fcn\u00fcz kutlu olsun&#8221; dedi.<\/p>\n","protected":false},"excerpt":{"rendered":"<p>Mersin Yat\u0131r\u0131mc\u0131 \u0130\u015f \u0130nsanlar\u0131 Derne\u011fi (MERYAD) Ba\u015fkan\u0131 \u0130\u015f insan\u0131 Co\u015fkun Do\u011fmu\u015f, 21 Ekim D\u00fcnya Gazeteciler G\u00fcn\u00fc dolay\u0131s\u0131 ile kutlama mesaj\u0131 yay\u0131mlad\u0131. Ba\u015fkan Do\u011fmu\u015f mesaj\u0131nda \u015fu ifadeleri kulland\u0131;&#8221;Haberle\u015fmenin \u00f6nceliklerinden birisi olan &hellip; <a href=\"https:\/\/akdenizolaygazetesi.com\/?p=21774\" class=\"more-link\">Devam\u0131n\u0131 Oku&#8230;<\/a><\/p>\n","protected":false},"author":2,"featured_media":21775,"comment_status":"open","ping_status":"open","sticky":false,"template":"","format":"standard","meta":[],"categories":[2,3],"tags":[],"_links":{"self":[{"href":"https:\/\/akdenizolaygazetesi.com\/index.php?rest_route=\/wp\/v2\/posts\/21774"}],"collection":[{"href":"https:\/\/akdenizolaygazetesi.com\/index.php?rest_route=\/wp\/v2\/posts"}],"about":[{"href":"https:\/\/akdenizolaygazetesi.com\/index.php?rest_route=\/wp\/v2\/types\/post"}],"author":[{"embeddable":true,"href":"https:\/\/akdenizolaygazetesi.com\/index.php?rest_route=\/wp\/v2\/users\/2"}],"replies":[{"embeddable":true,"href":"https:\/\/akdenizolaygazetesi.com\/index.php?rest_route=%2Fwp%2Fv2%2Fcomments&post=21774"}],"version-history":[{"count":1,"href":"https:\/\/akdenizolaygazetesi.com\/index.php?rest_route=\/wp\/v2\/posts\/21774\/revisions"}],"predecessor-version":[{"id":21776,"href":"https:\/\/akdenizolaygazetesi.com\/index.php?rest_route=\/wp\/v2\/posts\/21774\/revisions\/21776"}],"wp:featuredmedia":[{"embeddable":true,"href":"https:\/\/akdenizolaygazetesi.com\/index.php?rest_route=\/wp\/v2\/media\/21775"}],"wp:attachment":[{"href":"https:\/\/akdenizolaygazetesi.com\/index.php?rest_route=%2Fwp%2Fv2%2Fmedia&parent=21774"}],"wp:term":[{"taxonomy":"category","embeddable":true,"href":"https:\/\/akdenizolaygazetesi.com\/index.php?rest_route=%2Fwp%2Fv2%2Fcategories&post=21774"},{"taxonomy":"post_tag","embeddable":true,"href":"https:\/\/akdenizolaygazetesi.com\/index.php?rest_route=%2Fwp%2Fv2%2Ftags&post=21774"}],"curies":[{"name":"wp","href":"https:\/\/api.w.org\/{rel}","templated":true}]}}