{"id":21777,"date":"2022-10-21T12:52:21","date_gmt":"2022-10-21T09:52:21","guid":{"rendered":"http:\/\/akdenizolaygazetesi.com\/?p=21777"},"modified":"2022-10-21T12:52:21","modified_gmt":"2022-10-21T09:52:21","slug":"kariyer-merkezi-yeni-projesi-kariyer-firsatlari-ve-networking","status":"publish","type":"post","link":"https:\/\/akdenizolaygazetesi.com\/?p=21777","title":{"rendered":"KAR\u0130YER MERKEZ\u0130 YEN\u0130 PROJES\u0130 &#8220;KAR\u0130YER FIRSATLARI ve NETWORKING&#8221;"},"content":{"rendered":"<p>Mersin B\u00fcy\u00fck\u015fehir Belediyesi Kariyer Merkezi ev sahipli\u011finde; Mersin \u00dcniversitesi, Tarsus \u00dcniversitesi, \u00c7a\u011f \u00dcniversitesi, Toros \u00dcniversitesi, Mersin \u0130l Milli E\u011fitim M\u00fcd\u00fcrl\u00fc\u011f\u00fc, Mersin Ticaret ve Sanayi Odas\u0131, Mersin Serbest Muhasebe ve Mali M\u00fc\u015favirler Odas\u0131, E\u011fitim ve Kalk\u0131nma Vakf\u0131 ve Giri\u015fimci \u0130nsan Kaynaklar\u0131 Derne\u011fi i\u015fbirli\u011finde &#8220;Kariyer F\u0131rsatlar\u0131 ve Networking&#8221; etkinli\u011fi d\u00fczenlendi.<br \/>\nB\u00fcy\u00fck\u015fehir taraf\u0131ndan ilki d\u00fczenlenen &#8216;Kariyer F\u0131rsatlar\u0131 ve Networking&#8217; etkinli\u011finde; Mersin \u00dcniversitesi Kariyer Merkez M\u00fcd\u00fcr\u00fc \u0130lhan Ege, TEMSA Genel M\u00fcd\u00fcr Yard\u0131mc\u0131s\u0131 Erhan \u00d6zel, VM Medicalpark Hastanesi \u0130nsan Kaynaklar\u0131 M\u00fcd\u00fcr\u00fc Nursal \u00dcnal ve \u015ei\u015fecam \u0130nsan Kaynaklar\u0131 \u0130\u015f Orta\u011f\u0131 Neslihan \u00dcnal, davetli konu\u015fmac\u0131lar aras\u0131nda yerlerini ald\u0131lar. Mersin Ticaret ve Sanayi Odas\u0131&#8217;nda ger\u00e7ekle\u015fen organizasyona ilgi \u00e7ok yo\u011fun olurken, 350&#8217;den fazla ki\u015fi kat\u0131l\u0131m sa\u011flad\u0131.<br \/>\n\u00d6zada: &#8220;Kariyer Merkezimiz Projelerle Gen\u00e7lerin Yan\u0131nda&#8221;<br \/>\nKariyer Merkezi M\u00fcd\u00fcr\u00fc Serkan \u00d6zada; kurumlar aras\u0131 i\u015fbirli\u011fine dayal\u0131 bir\u00e7ok projeyle i\u015f arayanlara, \u00f6\u011frencilere ve i\u015fverenlere destek olduklar\u0131n\u0131 belirtti. &#8216;Kariyer F\u0131rsatlar\u0131 ve Networking&#8217; etkinlikleri ile \u00f6zellikle pandemi sonras\u0131 ger\u00e7ekle\u015fen dijital devrimin ve bunun i\u015fg\u00fcc\u00fc piyasalar\u0131 \u00fczerinde yaratt\u0131\u011f\u0131 de\u011fi\u015fimi, i\u015fg\u00fcc\u00fc piyasas\u0131n\u0131n b\u00fct\u00fcn taraflar\u0131na aktarmaya \u00e7al\u0131\u015ft\u0131klar\u0131n\u0131n alt\u0131n\u0131 \u00e7izen \u00d6zada, i\u015f arayanlar\u0131n ve gen\u00e7lerin, sekt\u00f6r\u00fcn bekledi\u011fi yetkinliklere odaklanmas\u0131 gerekti\u011fi kadar, sekt\u00f6r\u00fcn de gen\u00e7lerin ihtiya\u00e7 ve beklentilerine odaklanmas\u0131 gerekti\u011fini s\u00f6yledi.<br \/>\n&#8216;Yetenek D\u00f6n\u00fc\u015f\u00fcm Projesi&#8217; hakk\u0131nda da bilgi veren \u00d6zada; mesleki e\u011fitim, kariyer rehberli\u011fi ve i\u015f arama dan\u0131\u015fmanl\u0131\u011f\u0131 hizmetlerini bir araya getirerek, \u00f6zellikle firmalar\u0131n ihtiya\u00e7 duydu\u011fu alanlarda mesleki e\u011fitim programlar\u0131 a\u00e7t\u0131klar\u0131n\u0131 belirtti. Ocak &#8211; A\u011fustos 2022 d\u00f6nemi itibariyle 186 kursiyer programlara kat\u0131l\u0131rken, 119 mezun kursiyerden 38 kursiyerin istihdama kat\u0131ld\u0131\u011f\u0131n\u0131 s\u00f6yleyen \u00d6zada, Ekim-Aral\u0131k d\u00f6neminde de mesleki e\u011fitim programlar\u0131na yo\u011funla\u015facaklar\u0131n\u0131n alt\u0131n\u0131 \u00e7izdi.<br \/>\nKariyer Merkezi&#8217;nden \u00dcniversite Gen\u00e7li\u011fine \u00c7a\u011fr\u0131<br \/>\nMersin B\u00fcy\u00fck\u015fehir Belediyesi Denizk\u0131z\u0131 Turizm A\u015e&#8217;ye ba\u011fl\u0131 kafe ve i\u015fletmelerde, 2021 d\u00f6neminde ba\u015flatt\u0131klar\u0131 \u00fcniversite \u00f6\u011frencilerine y\u00f6nelik part time i\u015f f\u0131rsatlar\u0131n\u0131, 2022 d\u00f6neminde kurumsalla\u015ft\u0131rd\u0131klar\u0131n\u0131 ve &#8216;\u0130lk \u0130\u015fim Projesi&#8217;ni hayata ge\u00e7irdiklerini belirten \u00d6zada, Denizk\u0131z\u0131 Turizm A.\u015e. kafe ve i\u015fletmelerde part time \u00e7al\u0131\u015fmak isteyen \u00fcniversite \u00f6\u011frencilerinin, www.mersin.bel.tr ve TEKS\u0130N uygulamas\u0131 \u00fczerinden detayl\u0131 bilgi alabileceklerini ve online ba\u015fvuru yapabileceklerini s\u00f6yledi.<\/p>\n","protected":false},"excerpt":{"rendered":"<p>Mersin B\u00fcy\u00fck\u015fehir Belediyesi Kariyer Merkezi ev sahipli\u011finde; Mersin \u00dcniversitesi, Tarsus \u00dcniversitesi, \u00c7a\u011f \u00dcniversitesi, Toros \u00dcniversitesi, Mersin \u0130l Milli E\u011fitim M\u00fcd\u00fcrl\u00fc\u011f\u00fc, Mersin Ticaret ve Sanayi Odas\u0131, Mersin Serbest Muhasebe ve Mali &hellip; <a href=\"https:\/\/akdenizolaygazetesi.com\/?p=21777\" class=\"more-link\">Devam\u0131n\u0131 Oku&#8230;<\/a><\/p>\n","protected":false},"author":2,"featured_media":21778,"comment_status":"open","ping_status":"open","sticky":false,"template":"","format":"standard","meta":[],"categories":[1,2,3,11],"tags":[],"_links":{"self":[{"href":"https:\/\/akdenizolaygazetesi.com\/index.php?rest_route=\/wp\/v2\/posts\/21777"}],"collection":[{"href":"https:\/\/akdenizolaygazetesi.com\/index.php?rest_route=\/wp\/v2\/posts"}],"about":[{"href":"https:\/\/akdenizolaygazetesi.com\/index.php?rest_route=\/wp\/v2\/types\/post"}],"author":[{"embeddable":true,"href":"https:\/\/akdenizolaygazetesi.com\/index.php?rest_route=\/wp\/v2\/users\/2"}],"replies":[{"embeddable":true,"href":"https:\/\/akdenizolaygazetesi.com\/index.php?rest_route=%2Fwp%2Fv2%2Fcomments&post=21777"}],"version-history":[{"count":1,"href":"https:\/\/akdenizolaygazetesi.com\/index.php?rest_route=\/wp\/v2\/posts\/21777\/revisions"}],"predecessor-version":[{"id":21779,"href":"https:\/\/akdenizolaygazetesi.com\/index.php?rest_route=\/wp\/v2\/posts\/21777\/revisions\/21779"}],"wp:featuredmedia":[{"embeddable":true,"href":"https:\/\/akdenizolaygazetesi.com\/index.php?rest_route=\/wp\/v2\/media\/21778"}],"wp:attachment":[{"href":"https:\/\/akdenizolaygazetesi.com\/index.php?rest_route=%2Fwp%2Fv2%2Fmedia&parent=21777"}],"wp:term":[{"taxonomy":"category","embeddable":true,"href":"https:\/\/akdenizolaygazetesi.com\/index.php?rest_route=%2Fwp%2Fv2%2Fcategories&post=21777"},{"taxonomy":"post_tag","embeddable":true,"href":"https:\/\/akdenizolaygazetesi.com\/index.php?rest_route=%2Fwp%2Fv2%2Ftags&post=21777"}],"curies":[{"name":"wp","href":"https:\/\/api.w.org\/{rel}","templated":true}]}}