{"id":21780,"date":"2022-10-21T12:54:30","date_gmt":"2022-10-21T09:54:30","guid":{"rendered":"http:\/\/akdenizolaygazetesi.com\/?p=21780"},"modified":"2022-10-21T12:54:30","modified_gmt":"2022-10-21T09:54:30","slug":"dalgalar-nedeniyle-olusan-zemin-bosluklari-dolduruldu","status":"publish","type":"post","link":"https:\/\/akdenizolaygazetesi.com\/?p=21780","title":{"rendered":"DALGALAR NEDEN\u0130YLE OLU\u015eAN ZEM\u0130N BO\u015eLUKLARI DOLDURULDU"},"content":{"rendered":"<p>Mersin B\u00fcy\u00fck\u015fehir Belediyesi Park ve Bah\u00e7eler Dairesi ekipleri taraf\u0131ndan Adnan Menderes Bulvar\u0131 sahili boyunca bulunan 4 iskelede, dalgalar\u0131n a\u015f\u0131nd\u0131rmas\u0131 nedeniyle olu\u015fan zemin bo\u015fluklar\u0131na tahkimat \u00e7al\u0131\u015fmas\u0131 yap\u0131ld\u0131.<br \/>\nPop\u00fclasyonu olduk\u00e7a y\u00fcksek olan ve vatanda\u015flar\u0131n s\u00fcrekli zaman ge\u00e7irdi\u011fi K\u00fclt\u00fcr Park&#8217;\u0131n 4 noktas\u0131nda dalgalar, zemini a\u015f\u0131nd\u0131rarak b\u00fcy\u00fck bo\u015fluklara sebep oldu. Vatanda\u015flar\u0131n bal\u0131k tutmak, denizi izlemek ve foto\u011fraf \u00e7ekilmek i\u00e7in kulland\u0131\u011f\u0131 4 iskelenin alt\u0131nda, denizden y\u00fcr\u00fcy\u00fc\u015f yolunun yar\u0131s\u0131na kadar ula\u015fan bo\u015fluklar tehlike arz ediyordu.<br \/>\nVatanda\u015flar\u0131n can ve mal g\u00fcvenli\u011fi i\u00e7in tehlike arz eden bo\u015fluklar, tahkimat ve g\u00fc\u00e7lendirme \u00e7al\u0131\u015fmalar\u0131 ile k\u0131sa s\u00fcrede dolduruldu. Kayalarla ve betonla doldurulan alan, k\u0131sa s\u00fcrede yeniden g\u00fcvenli hale getirildi. \u00c7al\u0131\u015fma \u00c7evre, \u015eehircilik ve \u0130klim De\u011fi\u015fikli\u011fi \u0130l M\u00fcd\u00fcrl\u00fc\u011f\u00fc&#8217;n\u00fcn de izniyle yap\u0131ld\u0131.<br \/>\n\u0130lter: &#8220;Tehlike arz eden noktalarda g\u00fc\u00e7lendirme \u00e7al\u0131\u015fmalar\u0131 yapt\u0131k&#8221;<br \/>\nPark ve Bah\u00e7eler Dairesi Park Bah\u00e7eler Proje \u015eube M\u00fcd\u00fcr\u00fc Peyzaj Mimar\u0131 Alpagu \u0130lter, K\u00fclt\u00fcr Park&#8217;ta, vatanda\u015flar\u0131n can ve mal g\u00fcvenli\u011fi i\u00e7in tehlike arz eden 4 iskelenin alt\u0131nda yenileme ve g\u00fc\u00e7lendirme \u00e7al\u0131\u015fmas\u0131 ger\u00e7ekle\u015ftirdiklerini belirterek, &#8220;Denizden y\u00fcr\u00fcy\u00fc\u015f yolunun ortas\u0131na kadar olan k\u0131s\u0131mda, denizin etkisiyle bo\u015falan yerler vard\u0131. Bu noktalar halk\u0131m\u0131z taraf\u0131ndan bal\u0131k tutma ve foto\u011fraf \u00e7ekim alan\u0131 olarak kullan\u0131lan yap\u0131lard\u0131. Burada tahkimat g\u00fc\u00e7lendirmesi ile betonarme yap\u0131n\u0131n g\u00fc\u00e7lendirmesini yapt\u0131k. Bu kapsamda korkuluklar ve zemin kaplamas\u0131 da yenilendi. Tahkimat\u0131n kaya dolgusunda tadilatlar yap\u0131ld\u0131 ve y\u00fcr\u00fcy\u00fc\u015f yolunun alt\u0131ndaki tehlike arz eden noktalarda da g\u00fc\u00e7lendirme \u00e7al\u0131\u015fmalar\u0131n\u0131 yapt\u0131k&#8221; dedi.<\/p>\n","protected":false},"excerpt":{"rendered":"<p>Mersin B\u00fcy\u00fck\u015fehir Belediyesi Park ve Bah\u00e7eler Dairesi ekipleri taraf\u0131ndan Adnan Menderes Bulvar\u0131 sahili boyunca bulunan 4 iskelede, dalgalar\u0131n a\u015f\u0131nd\u0131rmas\u0131 nedeniyle olu\u015fan zemin bo\u015fluklar\u0131na tahkimat \u00e7al\u0131\u015fmas\u0131 yap\u0131ld\u0131. Pop\u00fclasyonu olduk\u00e7a y\u00fcksek olan &hellip; <a href=\"https:\/\/akdenizolaygazetesi.com\/?p=21780\" class=\"more-link\">Devam\u0131n\u0131 Oku&#8230;<\/a><\/p>\n","protected":false},"author":2,"featured_media":21781,"comment_status":"open","ping_status":"open","sticky":false,"template":"","format":"standard","meta":[],"categories":[2,3],"tags":[],"_links":{"self":[{"href":"https:\/\/akdenizolaygazetesi.com\/index.php?rest_route=\/wp\/v2\/posts\/21780"}],"collection":[{"href":"https:\/\/akdenizolaygazetesi.com\/index.php?rest_route=\/wp\/v2\/posts"}],"about":[{"href":"https:\/\/akdenizolaygazetesi.com\/index.php?rest_route=\/wp\/v2\/types\/post"}],"author":[{"embeddable":true,"href":"https:\/\/akdenizolaygazetesi.com\/index.php?rest_route=\/wp\/v2\/users\/2"}],"replies":[{"embeddable":true,"href":"https:\/\/akdenizolaygazetesi.com\/index.php?rest_route=%2Fwp%2Fv2%2Fcomments&post=21780"}],"version-history":[{"count":1,"href":"https:\/\/akdenizolaygazetesi.com\/index.php?rest_route=\/wp\/v2\/posts\/21780\/revisions"}],"predecessor-version":[{"id":21782,"href":"https:\/\/akdenizolaygazetesi.com\/index.php?rest_route=\/wp\/v2\/posts\/21780\/revisions\/21782"}],"wp:featuredmedia":[{"embeddable":true,"href":"https:\/\/akdenizolaygazetesi.com\/index.php?rest_route=\/wp\/v2\/media\/21781"}],"wp:attachment":[{"href":"https:\/\/akdenizolaygazetesi.com\/index.php?rest_route=%2Fwp%2Fv2%2Fmedia&parent=21780"}],"wp:term":[{"taxonomy":"category","embeddable":true,"href":"https:\/\/akdenizolaygazetesi.com\/index.php?rest_route=%2Fwp%2Fv2%2Fcategories&post=21780"},{"taxonomy":"post_tag","embeddable":true,"href":"https:\/\/akdenizolaygazetesi.com\/index.php?rest_route=%2Fwp%2Fv2%2Ftags&post=21780"}],"curies":[{"name":"wp","href":"https:\/\/api.w.org\/{rel}","templated":true}]}}