{"id":21789,"date":"2022-10-21T16:35:35","date_gmt":"2022-10-21T13:35:35","guid":{"rendered":"http:\/\/akdenizolaygazetesi.com\/?p=21789"},"modified":"2022-10-21T16:35:35","modified_gmt":"2022-10-21T13:35:35","slug":"toroslar-belediyesi-cumhuriyet-bayramini-ceza-konseri-ile-kutlayacak","status":"publish","type":"post","link":"https:\/\/akdenizolaygazetesi.com\/?p=21789","title":{"rendered":"TOROSLAR BELED\u0130YES\u0130, CUMHUR\u0130YET BAYRAMI&#8217;NI &#8220;CEZA&#8221; KONSER\u0130 \u0130LE KUTLAYACAK"},"content":{"rendered":"<p>Toroslar Belediyesi, Cumhuriyetimizin 99. y\u0131l\u0131n\u0131 bayram co\u015fkusuna yak\u0131\u015f\u0131r bir \u015fekilde &#8220;Ceza&#8221; konseri ile kutlayacak.<\/p>\n<p>29 Ekim Cumhuriyet Bayram\u0131 kutlamalar\u0131 kapsam\u0131nda sahne alacak olan \u00fcnl\u00fc Rap sanat\u00e7\u0131s\u0131 Ceza, 28 Ekim Cuma g\u00fcn\u00fc saat 19.00&#8217;da \u00c7a\u011fda\u015fkent Mahallesi&#8217;nde bulunan Toroslar Cumhuriyet Meydan\u0131&#8217;nda hayranlar\u0131yla bulu\u015facak. Sanat\u00e7\u0131, sevilen \u015fark\u0131lar\u0131n\u0131 Mersinliler i\u00e7in seslendirecek.<\/p>\n<p>Ba\u015fkan Y\u0131lmaz; &#8220;Ya\u015fas\u0131n Cumhuriyet!&#8221;<\/p>\n<p>Toroslar Belediye Ba\u015fkan\u0131 Ats\u0131z Af\u015f\u0131n Y\u0131lmaz, Cumhuriyet co\u015fkusunu her zaman oldu\u011fu gibi hep birlikte b\u00fcy\u00fck bir gurur ve heyecanla kutlayacaklar\u0131n\u0131 ifade ederek, t\u00fcm hem\u015fehrilerini 28 Ekim&#8217;de Ceza konserine davet etti.<\/p>\n<p>&#8220;Cumhuriyet, milletimizin varolu\u015f m\u00fccadelesinin en anlaml\u0131 eseri ve ba\u011f\u0131ms\u0131zl\u0131\u011f\u0131na sahip \u00e7\u0131kma kararl\u0131l\u0131\u011f\u0131n\u0131n en g\u00fc\u00e7l\u00fc ifadesidir&#8221; diyen Ba\u015fkan Y\u0131lmaz; &#8220;Ulu \u00d6nderimiz Gazi Mustafa Kemal Atat\u00fcrk&#8217;\u00fcn &#8220;En b\u00fcy\u00fck eserim&#8221; dedi\u011fi Cumhuriyetimizin 99. y\u0131l\u0131n\u0131 kutlarken, herkes bilmelidir ki gelece\u011fe b\u00fcy\u00fck bir inan\u00e7 ve kararl\u0131l\u0131kla y\u00fcr\u00fcmeye devam edece\u011fiz. Vatan\u0131m\u0131z\u0131n b\u00f6l\u00fcnmez b\u00fct\u00fcnl\u00fc\u011f\u00fcne, millet\u00e7e d\u00fcn oldu\u011fu gibi bug\u00fcn de yar\u0131n da sahip \u00e7\u0131kaca\u011f\u0131z. Millet olmak demek tek ses, tek y\u00fcrek olmak demektir. Ya\u015fas\u0131n Kuvayi Milliye Ruhu!, Ya\u015fas\u0131n Cumhuriyet!, Ya\u015fas\u0131n Tam Ba\u011f\u0131ms\u0131z G\u00fc\u00e7l\u00fc T\u00fcrkiye!. Birli\u011fimiz ve beraberli\u011fimiz daim olduk\u00e7a, g\u00fc\u00e7l\u00fc T\u00fcrkiye&#8217;yi hi\u00e7 kimse engelleyemeyecek, topraklar\u0131m\u0131z\u0131 hi\u00e7 kimse i\u015fgal edemeyecek in\u015fallah&#8221; diye konu\u015ftu.<\/p>\n<p>T\u00fcm hem\u015fehrilerinin Cumhuriyet Bayram\u0131&#8217;n\u0131 da kutlayan Ba\u015fkan Y\u0131lmaz; &#8220;Cumhuriyeti ya\u015famak ve gelecek nesillere aktarmak en b\u00fcy\u00fck vazifemizdir. Ba\u015fta Cumhuriyetimizin kurucusu Ulu \u00d6nderimiz Gazi Mustafa Kemal Atat\u00fcrk ve silah arkada\u015flar\u0131 olmak \u00fczere vatan\u0131m\u0131z u\u011fruna canlar\u0131n\u0131 feda eden t\u00fcm \u015fehitlerimizi, gazilerimizi rahmet ve minnetle an\u0131yorum&#8221; ifadelerini kulland\u0131.<\/p>\n","protected":false},"excerpt":{"rendered":"<p>Toroslar Belediyesi, Cumhuriyetimizin 99. y\u0131l\u0131n\u0131 bayram co\u015fkusuna yak\u0131\u015f\u0131r bir \u015fekilde &#8220;Ceza&#8221; konseri ile kutlayacak. 29 Ekim Cumhuriyet Bayram\u0131 kutlamalar\u0131 kapsam\u0131nda sahne alacak olan \u00fcnl\u00fc Rap sanat\u00e7\u0131s\u0131 Ceza, 28 Ekim Cuma &hellip; <a href=\"https:\/\/akdenizolaygazetesi.com\/?p=21789\" class=\"more-link\">Devam\u0131n\u0131 Oku&#8230;<\/a><\/p>\n","protected":false},"author":2,"featured_media":21790,"comment_status":"open","ping_status":"open","sticky":false,"template":"","format":"standard","meta":[],"categories":[2,3,5],"tags":[],"_links":{"self":[{"href":"https:\/\/akdenizolaygazetesi.com\/index.php?rest_route=\/wp\/v2\/posts\/21789"}],"collection":[{"href":"https:\/\/akdenizolaygazetesi.com\/index.php?rest_route=\/wp\/v2\/posts"}],"about":[{"href":"https:\/\/akdenizolaygazetesi.com\/index.php?rest_route=\/wp\/v2\/types\/post"}],"author":[{"embeddable":true,"href":"https:\/\/akdenizolaygazetesi.com\/index.php?rest_route=\/wp\/v2\/users\/2"}],"replies":[{"embeddable":true,"href":"https:\/\/akdenizolaygazetesi.com\/index.php?rest_route=%2Fwp%2Fv2%2Fcomments&post=21789"}],"version-history":[{"count":1,"href":"https:\/\/akdenizolaygazetesi.com\/index.php?rest_route=\/wp\/v2\/posts\/21789\/revisions"}],"predecessor-version":[{"id":21791,"href":"https:\/\/akdenizolaygazetesi.com\/index.php?rest_route=\/wp\/v2\/posts\/21789\/revisions\/21791"}],"wp:featuredmedia":[{"embeddable":true,"href":"https:\/\/akdenizolaygazetesi.com\/index.php?rest_route=\/wp\/v2\/media\/21790"}],"wp:attachment":[{"href":"https:\/\/akdenizolaygazetesi.com\/index.php?rest_route=%2Fwp%2Fv2%2Fmedia&parent=21789"}],"wp:term":[{"taxonomy":"category","embeddable":true,"href":"https:\/\/akdenizolaygazetesi.com\/index.php?rest_route=%2Fwp%2Fv2%2Fcategories&post=21789"},{"taxonomy":"post_tag","embeddable":true,"href":"https:\/\/akdenizolaygazetesi.com\/index.php?rest_route=%2Fwp%2Fv2%2Ftags&post=21789"}],"curies":[{"name":"wp","href":"https:\/\/api.w.org\/{rel}","templated":true}]}}