{"id":21792,"date":"2022-10-21T16:37:16","date_gmt":"2022-10-21T13:37:16","guid":{"rendered":"http:\/\/akdenizolaygazetesi.com\/?p=21792"},"modified":"2022-10-21T16:37:16","modified_gmt":"2022-10-21T13:37:16","slug":"adanalioglu-sakinlerinin-acik-havada-film-keyfi","status":"publish","type":"post","link":"https:\/\/akdenizolaygazetesi.com\/?p=21792","title":{"rendered":"ADANALIO\u011eLU SAK\u0130NLER\u0130N\u0130N A\u00c7IK HAVADA F\u0130LM KEYF\u0130"},"content":{"rendered":"<p>Akdeniz Belediyesi\u2019nin a\u00e7\u0131k hava film g\u00f6sterimi kapsam\u0131nda Adanal\u0131o\u011flu Mahallesi sakinleri, T\u00fcrkiye\u2019nin uzun metrajl\u0131 ilk Arap\u00e7a komedi filmi \u201cHasan Fisso 2\u2019yi\u201d beyaz perdede izledi.<br \/>\nAkdeniz Belediyesi K\u00fclt\u00fcr ve Sosyal \u0130\u015fler M\u00fcd\u00fcrl\u00fc\u011f\u00fc\u2019n\u00fcn d\u00fczenledi\u011fi a\u00e7\u0131k hava film g\u00f6sterimleri; Arap yurtta\u015flar\u0131n a\u011f\u0131rl\u0131kl\u0131 ya\u015fad\u0131\u011f\u0131 Karaduvar, Karacailyas ve Kazanl\u0131\u2019n\u0131n ard\u0131ndan, Adanal\u0131o\u011flu Mahallesi\u2019nde bir okul bah\u00e7esinde organize edilen \u201cHasan Fisso-2\u201d filminin g\u00f6sterimi ile devam etti. Akdeniz Belediye Ba\u015fkan\u0131 Mustafa G\u00fcltak, ba\u015fkan yard\u0131mc\u0131lar\u0131 ve muhtarlar\u0131n da izledi\u011fi g\u00f6sterime, filmin hem y\u00f6netmeni hem de oyuncusu Meri\u00e7 G\u00fcltekin ile y\u00fczlerce mahalle sakini kat\u0131ld\u0131.<br \/>\nG\u00fcltak; \u201cHalk\u0131m\u0131za verdi\u011fimiz s\u00f6zleri yerine getirdik\u201d<br \/>\nFilmin g\u00f6sterimi \u00f6ncesi okul bah\u00e7esini dolduran vatanda\u015flara hitap eden Ba\u015fkan G\u00fcltak, ilgi nedeniyle te\u015fekk\u00fcr etti. Se\u00e7im \u00e7al\u0131\u015fmalar\u0131 s\u0131ras\u0131nda kad\u0131nlar\u0131n kendisine 2 taleple geldi\u011fini s\u00f6yleyen Ba\u015fkan G\u00fcltak, bunlar\u0131n da \u2018y\u00fczme havuzu\u2019 ve \u2018sinema\u2019 oldu\u011funu belirtti. Ba\u015fkan G\u00fcltak, \u201cG\u00f6reve geldikten sonra okul bah\u00e7elerine portatif havuzlar a\u00e7arak y\u00fczme havuzlar\u0131n\u0131 \u00e7ocuklar\u0131m\u0131z\u0131n aya\u011f\u0131na getirdik. B\u00f6ylelikle y\u00fczme bilmeyen binlerce \u00e7ocu\u011fumuz bu havuzlarda y\u00fczme \u00f6\u011frendi, y\u00fczme bilenler de arkada\u015flar\u0131yla havuz keyfi ya\u015fad\u0131. Ayr\u0131ca her yaz mevsiminde de a\u00e7\u0131k hava sinemas\u0131 k\u00fclt\u00fcr\u00fcn\u00fc mahallelerimize yeniden ta\u015f\u0131d\u0131k. Halk\u0131m\u0131za verdi\u011fimiz s\u00f6zleri yerine getirerek, b\u00f6ylelikle hem insanlar\u0131m\u0131za nostalji ya\u015fat\u0131yoruz hem de a\u00e7\u0131k hava sinemas\u0131 k\u00fclt\u00fcr\u00fcn\u00fc ya\u015fat\u0131yoruz\u201d diye konu\u015ftu.<br \/>\n\u201cHi\u00e7 kimseyi ayr\u0131\u015ft\u0131rmad\u0131k\u201d<br \/>\nAdanal\u0131o\u011flu Mahallesi\u2019nde ger\u00e7ekle\u015ftirdikleri hizmet ve \u00e7al\u0131\u015fmalar\u0131 da anlatan Akdeniz Belediye Ba\u015fkan\u0131 G\u00fcltak, kad\u0131nlar i\u00e7in Mersin\u2019in farkl\u0131 il\u00e7eleri ve farkl\u0131 illere g\u00fcn\u00fcbirlik geziler veya kamplar d\u00fczenlediklerini anlatt\u0131; gen\u00e7ler i\u00e7in e\u011fitimde f\u0131rsat e\u015fitli\u011fi sa\u011flamak amac\u0131yla \u00fcniversite haz\u0131rl\u0131k kursu veren et\u00fct merkezini hizmete a\u00e7t\u0131klar\u0131n\u0131 kaydetti. Ba\u015fkan G\u00fcltak s\u00f6zlerini \u015f\u00f6yle s\u00fcrd\u00fcrd\u00fc; \u201cSe\u00e7ildi\u011fimiz g\u00fcnden bug\u00fcne kadar hi\u00e7 kimseyi ayr\u0131\u015ft\u0131rmad\u0131k. Bu b\u00f6lgenin en b\u00fcy\u00fck sorunu, insanlar birbirlerinden ayr\u0131\u015ft\u0131klar\u0131n\u0131 d\u00fc\u015f\u00fcn\u00fcyorlard\u0131. Bug\u00fcn ne bir Alevi karde\u015fim, ne bir K\u00fcrt karde\u015fim ne de bir Y\u00f6r\u00fck karde\u015fim; \u2018Mustafa G\u00fcltak bizi ayr\u0131\u015ft\u0131r\u0131yor, farkl\u0131 mahallelere farkl\u0131 hizmetler veriyor\u2019 diyemez. \u00c7\u00fcnk\u00fc biz herkesi kucaklad\u0131k, kucaklamaya devam ediyoruz.\u201d<br \/>\nHasan Fisso2 filminin y\u00f6netmeni ve oyuncular\u0131 da filmi Adanal\u0131o\u011flu sakinleri ile bulu\u015fturan Ba\u015fkan G\u00fcltak\u2019a te\u015fekk\u00fcr ettiler. Konu\u015fmalar\u0131n ard\u0131ndan T\u00fcrkiye\u2019nin ilk Arap\u00e7a uzun metrajl\u0131 komedi filminin g\u00f6sterimi ger\u00e7ekle\u015fti.<br \/>\nFilm hakk\u0131nda\u2026<br \/>\nHasan Fisso; Mersin&#8217;de mevsimlik i\u015f\u00e7ilere \u00e7avu\u015fluk yaparken, Samanda\u011f&#8217;da; \u00e7ocuklu\u011funun ge\u00e7ti\u011fi k\u00f6yden, dedesinin \u00f6ld\u00fc\u011f\u00fcne ve ona miras kald\u0131\u011f\u0131na dair bir telefon al\u0131r. \u0130\u015f\u00e7ileri a\u011faya kar\u015f\u0131 k\u0131\u015fk\u0131rt\u0131r. A\u011fa gelince de a\u011fay\u0131 doland\u0131r\u0131p ka\u00e7ar. Arkada\u015f\u0131 Ali&#8217;yle birlikte gelen y\u00fck trenine binip ka\u00e7arlar.<\/p>\n","protected":false},"excerpt":{"rendered":"<p>Akdeniz Belediyesi\u2019nin a\u00e7\u0131k hava film g\u00f6sterimi kapsam\u0131nda Adanal\u0131o\u011flu Mahallesi sakinleri, T\u00fcrkiye\u2019nin uzun metrajl\u0131 ilk Arap\u00e7a komedi filmi \u201cHasan Fisso 2\u2019yi\u201d beyaz perdede izledi. Akdeniz Belediyesi K\u00fclt\u00fcr ve Sosyal \u0130\u015fler M\u00fcd\u00fcrl\u00fc\u011f\u00fc\u2019n\u00fcn &hellip; <a href=\"https:\/\/akdenizolaygazetesi.com\/?p=21792\" class=\"more-link\">Devam\u0131n\u0131 Oku&#8230;<\/a><\/p>\n","protected":false},"author":2,"featured_media":21793,"comment_status":"open","ping_status":"open","sticky":false,"template":"","format":"standard","meta":[],"categories":[2,3,5],"tags":[],"_links":{"self":[{"href":"https:\/\/akdenizolaygazetesi.com\/index.php?rest_route=\/wp\/v2\/posts\/21792"}],"collection":[{"href":"https:\/\/akdenizolaygazetesi.com\/index.php?rest_route=\/wp\/v2\/posts"}],"about":[{"href":"https:\/\/akdenizolaygazetesi.com\/index.php?rest_route=\/wp\/v2\/types\/post"}],"author":[{"embeddable":true,"href":"https:\/\/akdenizolaygazetesi.com\/index.php?rest_route=\/wp\/v2\/users\/2"}],"replies":[{"embeddable":true,"href":"https:\/\/akdenizolaygazetesi.com\/index.php?rest_route=%2Fwp%2Fv2%2Fcomments&post=21792"}],"version-history":[{"count":1,"href":"https:\/\/akdenizolaygazetesi.com\/index.php?rest_route=\/wp\/v2\/posts\/21792\/revisions"}],"predecessor-version":[{"id":21794,"href":"https:\/\/akdenizolaygazetesi.com\/index.php?rest_route=\/wp\/v2\/posts\/21792\/revisions\/21794"}],"wp:featuredmedia":[{"embeddable":true,"href":"https:\/\/akdenizolaygazetesi.com\/index.php?rest_route=\/wp\/v2\/media\/21793"}],"wp:attachment":[{"href":"https:\/\/akdenizolaygazetesi.com\/index.php?rest_route=%2Fwp%2Fv2%2Fmedia&parent=21792"}],"wp:term":[{"taxonomy":"category","embeddable":true,"href":"https:\/\/akdenizolaygazetesi.com\/index.php?rest_route=%2Fwp%2Fv2%2Fcategories&post=21792"},{"taxonomy":"post_tag","embeddable":true,"href":"https:\/\/akdenizolaygazetesi.com\/index.php?rest_route=%2Fwp%2Fv2%2Ftags&post=21792"}],"curies":[{"name":"wp","href":"https:\/\/api.w.org\/{rel}","templated":true}]}}