{"id":2184,"date":"2020-11-04T18:22:41","date_gmt":"2020-11-04T15:22:41","guid":{"rendered":"http:\/\/mersinekonomipolitikagazetesi.com\/?p=2184"},"modified":"2020-11-04T18:22:41","modified_gmt":"2020-11-04T15:22:41","slug":"akib-koordinator-baskani-ugur-ates-turkiye-ihracatcilar-meclisi-denetim-kurulunda","status":"publish","type":"post","link":"https:\/\/akdenizolaygazetesi.com\/?p=2184","title":{"rendered":"AK\u0130B KOORD\u0130NAT\u00d6R BA\u015eKANI U\u011eUR ATE\u015e  T\u00dcRK\u0130YE \u0130HRACAT\u00c7ILAR MECL\u0130S\u0130 DENET\u0130M KURULU\u2019NDA"},"content":{"rendered":"<p>T\u00fcrkiye \u0130hracat\u00e7\u0131lar Meclisi 25. Genel Kurulu 30 Haziran 2018 tarihinde \u0130stanbul Hali\u00e7 K\u00fclt\u00fcr Merkezi\u2019nde ger\u00e7ekle\u015ftirildi.<\/p>\n<p><span style=\"line-height: 1.6em;\">T\u00fcrkiye\u2019nin d\u00f6rt bir yan\u0131ndan gelen \u0130hracat\u00e7\u0131 Birlikleri T\u0130M delegelerinin ve \u00fcyelerinin yo\u011fun ilgi g\u00f6sterdi\u011fi ve 3 aday\u0131n yar\u0131\u015ft\u0131\u011f\u0131 T\u00fcrkiye \u0130hracat\u00e7\u0131lar Meclis&#8217;inin (T\u0130M) 25. Genel Kurulu&#8217;nda 398 delegenin 149&#8217;unun oyunu alan \u0130smail G\u00fclle T\u0130M&#8217;in yeni ba\u015fkan\u0131 se\u00e7ildi.\u00a0<\/span><\/p>\n<p>T\u0130M Ba\u015fkan\u0131 ile birlikte 3 ki\u015fi de T\u0130M Denetim Kurulu \u00fcyeli\u011fine se\u00e7ilirken, AK\u0130B Koordinat\u00f6r Ba\u015fkan\u0131 ve Akdeniz Kimyevi Maddeler ve Mamulleri \u0130hracat\u00e7\u0131lar\u0131 Birli\u011fi Y\u00f6netim Kurulu Ba\u015fkan\u0131 A.U\u011fur Ate\u015f de d\u00f6rt seneli\u011fine T\u0130M Denetim Kurulu \u00fcyeli\u011fine se\u00e7ildi.<\/p>\n<p>&#8211; G\u00fclle\u2019nin \u00e7ok b\u00fcy\u00fck ba\u015far\u0131lara imza ataca\u011f\u0131na dair inanc\u0131m tam<\/p>\n<p>T\u0130M Denetim Kurulu \u00fcyeli\u011fine se\u00e7ilen Ate\u015f, T\u0130M Ba\u015fkan\u0131 se\u00e7ilen \u0130smail G\u00fclle\u2019ye yeni g\u00f6revinde ba\u015far\u0131 dileklerini ileterek, G\u00fclle\u2019nin \u00e7ok b\u00fcy\u00fck ba\u015far\u0131lara imza ataca\u011f\u0131na dair inanc\u0131n\u0131 dile getirdi. Ate\u015f, G\u00fclle ve ekibinin yapt\u0131\u011f\u0131 \u00e7al\u0131\u015fmalarla, \u00fclkemizin \u00e7e\u015fitli illerinde bulunan 59 ihracat\u00e7\u0131 birli\u011finden, yakla\u015f\u0131k 70 bin ihracat\u00e7\u0131n\u0131n \u00e7at\u0131 \u00f6rg\u00fct\u00fc konumundaki T\u0130M`i ve T\u00fcrkiye ihracat\u00e7\u0131lar\u0131n\u0131n yararlar\u0131n\u0131 g\u00f6zetmek i\u00e7in kurulan ve yakla\u015f\u0131k 78 y\u0131ldan beri ihracat\u00e7\u0131n\u0131n yan\u0131nda olan \u0130hracat\u00e7\u0131 Birlikleri\u2019ni T\u00fcrkiye\u2019nin ilgi ve cazibe merkezi haline getirece\u011fine dair d\u00fc\u015f\u00fcncelerini payla\u015ft\u0131.<\/p>\n<p>&#8211; Elimizden geleni yapmaya haz\u0131r\u0131z<\/p>\n<p>\u0130hracat\u00e7\u0131lar\u0131m\u0131z\u0131 en iyi \u015fekilde temsil etmek ve ihracat\u00e7\u0131lar\u0131n ya\u015fad\u0131\u011f\u0131 her t\u00fcrl\u00fc sorunu e\u015f zamanl\u0131 olarak aktar\u0131p acil \u00e7\u00f6z\u00fcmler \u00fcretebilmek ad\u0131na ge\u00e7en d\u00f6nemlerde oldu\u011fu gibi bu d\u00f6nemde de T\u0130M Y\u00f6netim Kurulu ile birlikte \u00e7al\u0131\u015farak ellerinden geleni yapacaklar\u0131n\u0131 s\u00f6zlerine ekleyen Ate\u015f, \u201cBa\u015fkan\u0131m\u0131z Say\u0131n G\u00fclle \u00f6nderli\u011finde her sekt\u00f6rden arkada\u015flar\u0131m\u0131zla bu yolda ilerlemeye, t\u00fcm y\u00f6netim kurulu ba\u015fkanlar\u0131yla i\u015fbirli\u011fi i\u00e7erisinde ihracat potansiyelimizi art\u0131rarak, \u00fclke ihracat\u0131na katk\u0131 sa\u011flamaya haz\u0131r\u0131z\u201d diye konu\u015ftu.\u00a0<\/p>\n","protected":false},"excerpt":{"rendered":"<p>T\u00fcrkiye \u0130hracat\u00e7\u0131lar Meclisi 25. Genel Kurulu 30 Haziran 2018 tarihinde \u0130stanbul Hali\u00e7 K\u00fclt\u00fcr Merkezi\u2019nde ger\u00e7ekle\u015ftirildi. T\u00fcrkiye\u2019nin d\u00f6rt bir yan\u0131ndan gelen \u0130hracat\u00e7\u0131 Birlikleri T\u0130M delegelerinin ve \u00fcyelerinin yo\u011fun ilgi g\u00f6sterdi\u011fi ve &hellip; <a href=\"https:\/\/akdenizolaygazetesi.com\/?p=2184\" class=\"more-link\">Devam\u0131n\u0131 Oku&#8230;<\/a><\/p>\n","protected":false},"author":1,"featured_media":0,"comment_status":"open","ping_status":"open","sticky":false,"template":"","format":"standard","meta":[],"categories":[],"tags":[],"_links":{"self":[{"href":"https:\/\/akdenizolaygazetesi.com\/index.php?rest_route=\/wp\/v2\/posts\/2184"}],"collection":[{"href":"https:\/\/akdenizolaygazetesi.com\/index.php?rest_route=\/wp\/v2\/posts"}],"about":[{"href":"https:\/\/akdenizolaygazetesi.com\/index.php?rest_route=\/wp\/v2\/types\/post"}],"author":[{"embeddable":true,"href":"https:\/\/akdenizolaygazetesi.com\/index.php?rest_route=\/wp\/v2\/users\/1"}],"replies":[{"embeddable":true,"href":"https:\/\/akdenizolaygazetesi.com\/index.php?rest_route=%2Fwp%2Fv2%2Fcomments&post=2184"}],"version-history":[{"count":0,"href":"https:\/\/akdenizolaygazetesi.com\/index.php?rest_route=\/wp\/v2\/posts\/2184\/revisions"}],"wp:attachment":[{"href":"https:\/\/akdenizolaygazetesi.com\/index.php?rest_route=%2Fwp%2Fv2%2Fmedia&parent=2184"}],"wp:term":[{"taxonomy":"category","embeddable":true,"href":"https:\/\/akdenizolaygazetesi.com\/index.php?rest_route=%2Fwp%2Fv2%2Fcategories&post=2184"},{"taxonomy":"post_tag","embeddable":true,"href":"https:\/\/akdenizolaygazetesi.com\/index.php?rest_route=%2Fwp%2Fv2%2Ftags&post=2184"}],"curies":[{"name":"wp","href":"https:\/\/api.w.org\/{rel}","templated":true}]}}