{"id":2204,"date":"2020-11-04T18:22:42","date_gmt":"2020-11-04T15:22:42","guid":{"rendered":"http:\/\/mersinekonomipolitikagazetesi.com\/?p=2204"},"modified":"2020-11-04T18:22:42","modified_gmt":"2020-11-04T15:22:42","slug":"susanoglunun-artik-mavi-bayragi-var","status":"publish","type":"post","link":"https:\/\/akdenizolaygazetesi.com\/?p=2204","title":{"rendered":"Susano\u011flu\u2019nun Art\u0131k Mavi Bayra\u011f\u0131 Var"},"content":{"rendered":"<p>Mersin B\u00fcy\u00fck\u015fehir Belediye Ba\u015fkan\u0131 Burhanettin Kocamaz, Susano\u011flu sahiline kazand\u0131r\u0131lan ve Mersin\u2019in halk plajlar\u0131n\u0131n kalitesini kan\u0131tlayan ikinci mavi bayra\u011f\u0131 halk\u0131n da kat\u0131l\u0131m\u0131yla g\u00f6ndere \u00e7ekti.<\/p>\n<p>Temiz, bak\u0131ml\u0131, donan\u0131ml\u0131, g\u00fcvenli ve dolay\u0131s\u0131yla uygar bir \u00e7evrenin sembol\u00fc olan Mavi Bayrak B\u00fcy\u00fck\u015fehir Belediyesi\u2019nin titiz \u00e7al\u0131\u015fmalar\u0131 sonucu K\u0131zkalesi\u2019nin ard\u0131ndan Susano\u011flu Sahili\u2019ne kazand\u0131r\u0131ld\u0131.<br \/>\nPlajlar i\u00e7in temiz deniz suyu, kanalizasyon ve ar\u0131tma tesislerini olanaklar\u0131n\u0131 iyile\u015ftirmek, karadan denize ula\u015fan her t\u00fcrl\u00fc kirli ak\u0131nt\u0131 ve denizden k\u0131y\u0131ya vuran kirliliklere engel olmak sonras\u0131nda da \u00e7evre e\u011fitimi ve bilgilendirmeye \u00f6nem veren, gerekli donan\u0131ma sahip iyi bir \u00e7evre y\u00f6netimi temsil eden Mavi Bayrak art\u0131k Susano\u011flu sahilinde dalgalanacak ve gerek yerli gerekse yabanc\u0131 turistler g\u00f6n\u00fcl rahatl\u0131\u011f\u0131 ile bu plajda tatil yapabilecek.Bu \u015fekilde hem yerel halk\u0131n hem de d\u0131\u015far\u0131dan gelecek olan turistlerin sa\u011fl\u0131kl\u0131 ve i\u00e7i rahat bir \u015fekilde denize girebilecekleri bir alan ol\u015fturuldu.<br \/>\n\u00a0<br \/>\n\u00a0 \u201cMavi Bayra\u011f\u0131 Hep Birlikte Koruyal\u0131m\u201d<br \/>\n\u00a0<br \/>\nMavi Bayra\u011f\u0131 g\u00f6ndere \u00e7ekmeden \u00f6nce konuyla ilgili konu\u015fan Ba\u015fkan Kocamaz, \u201cMavi Bayrak Mersin sahilleri i\u00e7in olduk\u00e7a \u00f6nemli bir konu. Susano\u011flu halk plaj\u0131na kazand\u0131r\u0131lan bu Mavi Bayrak Mersin genelindeki 11. Mavi Bayrak. Deniz K\u0131z\u0131 turizm A.\u015e\u2018nin kazand\u0131rd\u0131\u011f\u0131 ikinci Mavi Bayrak oluyor. Bildi\u011finiz gibi ilkini ge\u00e7ti\u011fimiz y\u0131l K\u0131zkalesi\u2019ne kazand\u0131rm\u0131\u015ft\u0131k. Bu Mavi Bayraklar her y\u0131l denetlenerek yenileniyor. Bu y\u0131l K\u0131zkalesi\u2019ndeki Mavi Bayra\u011f\u0131m\u0131z yenilendi ve buna Susano\u011flu eklendi. \u00a0Gelecek y\u0131llarda in\u015fallah bunun say\u0131s\u0131 artacak. Mersin B\u00fcy\u00fck\u015fehir Belediyesi olarak ayn\u0131 zamanda K\u0131zkalesi ve Susano\u011flu plajlar\u0131n\u0131 engelsiz hale getirerek vatanda\u015flar\u0131m\u0131z\u0131n kullan\u0131m\u0131na sunduk. Mersin B\u00fcy\u00fck\u015fehir Belediyesi olarak hedefimiz 60 mavi bayra\u011fa ula\u015fmak\u201d dedi.\u00a0<br \/>\nT\u00fcrkiye\u2019nin en uzun sahil \u015feritlerinden birine sahip olan Mersin\u2019in Anamur\u2019dan Tarsus\u2019a kadar y\u00fcksek bir turizm potansiyeline sahip oldu\u011funun ve bu potansiyeli de\u011ferlendirmek i\u00e7in ellerinden geleni yapt\u0131klar\u0131n\u0131n alt\u0131n\u0131 \u00e7izen Ba\u015fkan Kocamaz, \u201cMersin \u0130n\u015fallah ilan edilen turizm b\u00f6lgeleri ile turizmde belli bir kapasiteye sahip olacak. Maalesef sahillerimizin b\u00fcy\u00fck bir k\u0131sm\u0131n\u0131 ge\u00e7mi\u015fte 1980\u2019li y\u0131llardan sonra ikinci konut olarak peri\u015fan edilmi\u015f. Bizim temennimiz en az\u0131ndan bu ikinci konutlar\u0131n bir k\u0131sm\u0131n\u0131n turizme a\u00e7\u0131lmas\u0131. Tabi ki vatanda\u015flar\u0131m\u0131z\u0131n da bu t\u00fcr projelere destek vermesi gerekiyor. Bu mavi bayra\u011f\u0131n Mersin\u2019imiz i\u00e7in hay\u0131rl\u0131 u\u011furlu olmas\u0131n\u0131 temenni ediyorum. El birli\u011fi ile g\u00f6n\u00fcl birli\u011fi ile bu mek\u00e2nlardan faydalanan vatanda\u015flar\u0131m\u0131z\u0131n bu Mavi Bayra\u011f\u0131n korunmas\u0131 i\u00e7in destek vermesi gerekiyor. Hay\u0131rl\u0131 u\u011furlu olsun\u201d \u015feklinde konu\u015ftu.<br \/>\n\u00a0<br \/>\n\u201c Amac\u0131m\u0131z Sahilleri Mersin\u2019e ve Mersinlilere yak\u0131\u015f\u0131r hale getirmek istiyoruz\u201d<br \/>\n\u00a0<br \/>\nMersin sahillerinin ge\u00e7mi\u015fte olduk\u00e7a hoyrat kullan\u0131ld\u0131\u011f\u0131na ancak B\u00fcy\u00fck\u015fehir Belediyesi olarak sahilleri iyile\u015ftirme konusunda \u00fcst d\u00fczey \u00e7aba sarf ettiklerini \u00f6zellikle vurgulayan Ba\u015fkan Kocamaz, \u00a0\u201cMersin sahilleri \u00e7ok \u00f6zel sahiller. \u00a0Ama zaman\u0131nda k\u0131ymetini yeterince anlayamam\u0131\u015f\u0131z. Hi\u00e7 olmazsa elimizde kalan b\u00f6lgelerle ilgili biz her t\u00fcrl\u00fc deste\u011fi vererek, Mersin\u2019e ve Mersinlilere yak\u0131\u015f\u0131r hale getirmek istiyoruz. Tabi bir yandan biz bu sahilleri B\u00fcy\u00fck\u015fehir Belediyesi\u2019ne tahsis ettirmeye \u00e7al\u0131\u015f\u0131yoruz ama tam manas\u0131yla istedi\u011fimiz noktaya gelebilmi\u015f de\u011filiz. Bizim buradaki amac\u0131m\u0131z \u00a0kar de\u011fil Mersin\u2019i en iyi \u015fekilde temsil etmek istiyoruz. Dolay\u0131s\u0131yla \u00e7ok y\u00fcksek mebla\u011flar \u00f6deyerek kiralay\u0131p, halk\u0131m\u0131z\u0131n faydalanmas\u0131 i\u00e7in u\u011fra\u015f\u0131yoruz\u201d ifadelerine yer verdi.<br \/>\n\u00a0<br \/>\n\u201cK\u0131zkalesi K\u00fclt\u00fcrel Mirast\u0131r\u201d<br \/>\n\u00a0<br \/>\nK\u0131zkalesi\u2019nin tarihi \u00f6zelli\u011fi olan ve turizm potansiyeli a\u00e7\u0131s\u0131ndan verim al\u0131nabilecek bir b\u00f6lge oldu\u011funu vurgulayan Ba\u015fkan Kocamaz, \u201cK\u0131zkalesi\u2019nin mutlaka bir i\u015flev verilerek halk\u0131n kullan\u0131m\u0131na a\u00e7\u0131lmas\u0131 gerekiyor. Bug\u00fcne kadar sadece g\u00f6rsel olarak hizmet vermi\u015f. Biliyorsunuz oran\u0131n ayd\u0131nlatmas\u0131n\u0131 B\u00fcy\u00fck\u015fehir Belediyesi olarak kar\u015f\u0131l\u0131yoruz. \u0130n\u015fallah ilerideki y\u0131llarda kara b\u00f6lgesindeki yani sahildeki kalenin de restorasyonu ile birlikte her ikisi T\u00fcrkiye\u2019nin turizmine katk\u0131 sa\u011flar. Biz bunu UNESCO K\u00fclt\u00fcrel Miras listesine de ald\u0131rmak i\u00e7in \u00e7al\u0131\u015f\u0131yoruz. \u0130n\u015fallah k\u00fclt\u00fcrel miras listesine al\u0131nd\u0131ktan sonra Mersin\u2019e ve T\u00fcrkiye\u2019ye \u00e7ok b\u00fcy\u00fck bir de\u011feri kazand\u0131rm\u0131\u015f olaca\u011f\u0131z\u201d diye belirtti.<br \/>\nKonu\u015fmalar\u0131n ard\u0131ndan Ba\u015fkan Kocamaz, Susano\u011flu plaj\u0131n\u0131n mavi bayra\u011f\u0131n\u0131 g\u00f6ndere \u00e7ekti ve ard\u0131ndan sahilde bir inceleme yapt\u0131.<br \/>\n\u00a0<br \/>\n\u201cAma\u00e7 60 Mavi Bayrak\u201d<br \/>\n\u00a0<br \/>\nMersin B\u00fcy\u00fck\u015fehir Belediyesi b\u00fcnyesinde hizmet veren Denizk\u0131z\u0131 Turizm A.\u015e. Mavi Bayrak al\u0131nabilmesi i\u00e7in gerekli olan uluslararas\u0131 33 kriterin tamam\u0131n\u0131 yerine getirerek, Susano\u011flu halk plaj\u0131na Mersin\u2019in ikinci Mavi Bayra\u011f\u0131n\u0131 kazand\u0131rd\u0131. Her y\u0131l binlerce yerli ve yabanc\u0131 turisti a\u011f\u0131rlayan Mersin plajlar\u0131n\u0131n standard\u0131n\u0131 y\u00fckseltmek i\u00e7in \u00e7al\u0131\u015fmalar\u0131n\u0131 aral\u0131ks\u0131z s\u00fcrd\u00fcren B\u00fcy\u00fck\u015fehir Belediyesi ilerleyen zamanlarda Mersin\u2019e toplamda 60 Mavi Bayrak kazand\u0131rmay\u0131 ve Mersin plajlar\u0131n\u0131n tamam\u0131n\u0131 mavi bayrakla ta\u00e7land\u0131rmay\u0131 hedefliyor. 2019\u2019da ise Yaprakl\u0131koy ve Kocahasanl\u0131 Halk Plajlar\u0131\u2019n\u0131 da Mavi Bayrakl\u0131 hale getirmek i\u00e7in \u00e7al\u0131\u015fmalar\u0131n\u0131 titizlikle s\u00fcrd\u00fcr\u00fcyor.\u00a0<\/p>\n","protected":false},"excerpt":{"rendered":"<p>Mersin B\u00fcy\u00fck\u015fehir Belediye Ba\u015fkan\u0131 Burhanettin Kocamaz, Susano\u011flu sahiline kazand\u0131r\u0131lan ve Mersin\u2019in halk plajlar\u0131n\u0131n kalitesini kan\u0131tlayan ikinci mavi bayra\u011f\u0131 halk\u0131n da kat\u0131l\u0131m\u0131yla g\u00f6ndere \u00e7ekti. Temiz, bak\u0131ml\u0131, donan\u0131ml\u0131, g\u00fcvenli ve dolay\u0131s\u0131yla uygar &hellip; <a href=\"https:\/\/akdenizolaygazetesi.com\/?p=2204\" class=\"more-link\">Devam\u0131n\u0131 Oku&#8230;<\/a><\/p>\n","protected":false},"author":1,"featured_media":0,"comment_status":"open","ping_status":"open","sticky":false,"template":"","format":"standard","meta":[],"categories":[],"tags":[],"_links":{"self":[{"href":"https:\/\/akdenizolaygazetesi.com\/index.php?rest_route=\/wp\/v2\/posts\/2204"}],"collection":[{"href":"https:\/\/akdenizolaygazetesi.com\/index.php?rest_route=\/wp\/v2\/posts"}],"about":[{"href":"https:\/\/akdenizolaygazetesi.com\/index.php?rest_route=\/wp\/v2\/types\/post"}],"author":[{"embeddable":true,"href":"https:\/\/akdenizolaygazetesi.com\/index.php?rest_route=\/wp\/v2\/users\/1"}],"replies":[{"embeddable":true,"href":"https:\/\/akdenizolaygazetesi.com\/index.php?rest_route=%2Fwp%2Fv2%2Fcomments&post=2204"}],"version-history":[{"count":0,"href":"https:\/\/akdenizolaygazetesi.com\/index.php?rest_route=\/wp\/v2\/posts\/2204\/revisions"}],"wp:attachment":[{"href":"https:\/\/akdenizolaygazetesi.com\/index.php?rest_route=%2Fwp%2Fv2%2Fmedia&parent=2204"}],"wp:term":[{"taxonomy":"category","embeddable":true,"href":"https:\/\/akdenizolaygazetesi.com\/index.php?rest_route=%2Fwp%2Fv2%2Fcategories&post=2204"},{"taxonomy":"post_tag","embeddable":true,"href":"https:\/\/akdenizolaygazetesi.com\/index.php?rest_route=%2Fwp%2Fv2%2Ftags&post=2204"}],"curies":[{"name":"wp","href":"https:\/\/api.w.org\/{rel}","templated":true}]}}