{"id":2205,"date":"2020-11-04T18:22:44","date_gmt":"2020-11-04T15:22:44","guid":{"rendered":"http:\/\/mersinekonomipolitikagazetesi.com\/?p=2205"},"modified":"2020-11-04T18:22:44","modified_gmt":"2020-11-04T15:22:44","slug":"aarbellanin-8-uluslararasi-fotograf-yarismasi-odulleri-dagitildi","status":"publish","type":"post","link":"https:\/\/akdenizolaygazetesi.com\/?p=2205","title":{"rendered":"AArbella&#8217;n\u0131n 8. Uluslararas\u0131 Foto\u011fraf Yar\u0131\u015fmas\u0131 \u00f6d\u00fclleri da\u011f\u0131t\u0131ld\u0131"},"content":{"rendered":"<p>Arbella Makarna\u2019n\u0131n geleneksel hale getirdi\u011fi uluslararas\u0131 nitelik ta\u015f\u0131yan foto\u011fraf yar\u0131\u015fmas\u0131, Mezitli Belediyesi\u2019nin d\u00fczenledi\u011fi 8. Soli G\u00fcne\u015f Festivali program\u0131nda yer ald\u0131.\u00a0<br \/>\nArbella&#8217;dan yap\u0131lan a\u00e7\u0131klamaya g\u00f6re, sonucu ge\u00e7ti\u011fimiz haftalarda yay\u0131nlanan yar\u0131\u015fmaya, T\u00fcrkiye\u2019nin yan\u0131 s\u0131ra d\u00fcnyan\u0131n 40 farkl\u0131 \u00fclkesinden bin 144 amat\u00f6r ve profesyonel foto\u011fraf sanat\u00e7\u0131s\u0131 kat\u0131ld\u0131. T\u00fcm foto\u011fraflar, j\u00fcri \u00fcyelerinin de\u011ferlendirmelerine sunuldu. &#8216;D\u00fcnyan\u0131n Makarnas\u0131&#8217;, &#8216;Makro&#8217;, &#8216;Minimalist&#8217; ve &#8216;Serbest&#8217; kategorilerinde toplam 8 bin 383 foto\u011fraf\u0131n g\u00f6nderildi\u011fi yar\u0131\u015fma, birbirinden \u00f6zel foto\u011fraflar\u0131n sergilendi\u011fi sergi ile festival program\u0131nda b\u00fcy\u00fck ilgi g\u00f6rd\u00fc.\u00a0<br \/>\n1 Ocak 2018 tarihinde ba\u015flayan Arbella Uluslararas\u0131 Foto\u011fraf Yar\u0131\u015fmas\u0131, 15 Nisan 2018 tarihinde sona ermi\u015fti. FIAP, GPU, PSA ve TFSF gibi d\u00f6rt b\u00fcy\u00fck, ciddi ve referans kabul edilen kurulu\u015fun patronaj\u0131 ile j\u00fcri \u00fcyelerinin elemelerinden ge\u00e7erek sonu\u00e7 bulan yar\u0131\u015fmada, festivalin ilk g\u00fcn\u00fc olan 29 Haziran\u2019da \u00f6d\u00fcller takdim edildi.\u00a0<br \/>\nGe\u00e7ti\u011fimiz hafta ger\u00e7ekle\u015ftirilen 8. Soli G\u00fcne\u015f Festivali&#8217;ndeki t\u00f6rende, &#8216;Makro&#8217; kategorisinde T\u00fcrkiye\u2019den 500 dolar \u00f6d\u00fcl alan Mehmet Karaca\u2019ya \u00f6d\u00fcl\u00fcn\u00fc Arbel A.\u015e Y\u00f6netim Kurulu Ba\u015fkan\u0131 Mahmut Arslan verdi. 250 dolarl\u0131k &#8216;D\u00fcnya Makarnas\u0131&#8217; kategorisinde \u00f6d\u00fcl alan Elif \u00c7ak\u0131c\u0131&#8217;n\u0131n \u00f6d\u00fcl\u00fcn\u00fc ise Mezitli Belediye Ba\u015fkan\u0131 Ne\u015fet Tarhan verirken, TFSF \u00f6zel \u00f6d\u00fcl\u00fcn\u00fc kazanan Caner Ba\u015fer\u2019e \u00f6d\u00fcl\u00fcn\u00fc Arbella Makarna \u0130leti\u015fim ve Pazarlama Direkt\u00f6r\u00fc Dilara Arslan \u00dcnl\u00fc verdi.\u00a0<br \/>\nYar\u0131\u015fma ile ilgili de\u011ferlendirmede bulunan Mezitli Belediyesi Ba\u015fkan\u0131 Ne\u015fet Tarhan, &#8220;Arbella Makarna d\u00fcnya \u00e7ap\u0131nda b\u00fcy\u00fck bir markad\u0131r. Bu marka, \u015fehrimiz i\u00e7in b\u00fcy\u00fck de\u011ferdir. B\u00f6ylesi b\u00fcy\u00fck bir markan\u0131n d\u00fczenlemi\u015f oldu\u011fu ulusal bir yar\u0131\u015fman\u0131n sonucunu bizlerle beraber sergilemesi bizi \u00e7ok mutlu etti&#8221; dedi.\u00a0<br \/>\nArbel Y\u00f6netim Kurulu Ba\u015fkan\u0131 Mahmut Arslan ise bu y\u0131l 8. kez d\u00fczenlen bu yar\u0131\u015fman\u0131n, T\u00fcrk ve d\u00fcnya foto\u011fraf\u00e7\u0131lar\u0131n\u0131n birbirinden \u00f6zel karelerini bulu\u015fturan bir platform olmas\u0131n\u0131n gururunu ya\u015fad\u0131klar\u0131n\u0131 belirterek, &#8220;Kentimizin bu g\u00fczide festivalinde yer almak bize olduk\u00e7a mutluluk vermektedir. Foto\u011fraf sanat\u00e7\u0131lar\u0131m\u0131zla d\u00fcnya mutfaklar\u0131na konuk olduk ve onlar\u0131n karelerinde do\u011fada gezerken, farkl\u0131 k\u00fclt\u00fcrlerle tan\u0131\u015f\u0131p, de\u011fi\u015fik duygular ya\u015fad\u0131k. Yar\u0131\u015fmaya g\u00f6nderilen eserlerin ger\u00e7ekten k\u0131ymeti b\u00fcy\u00fck ve bu eme\u011fi \u00f6d\u00fcllendirmek bize ayr\u0131 bir gurur vermektedir. Her foto\u011fraf karesinin verdi\u011fi mesajlar \u00e7ok g\u00fczel ve \u00f6zeldi. T\u00fcm kat\u0131l\u0131mc\u0131 sanat\u00e7\u0131lar\u0131m\u0131za, j\u00fcri \u00fcyelerimize ve destek verenlere sonsuz te\u015fekk\u00fcr ediyoruz&#8221; diye konu\u015ftu. \u00a0<\/p>\n","protected":false},"excerpt":{"rendered":"<p>Arbella Makarna\u2019n\u0131n geleneksel hale getirdi\u011fi uluslararas\u0131 nitelik ta\u015f\u0131yan foto\u011fraf yar\u0131\u015fmas\u0131, Mezitli Belediyesi\u2019nin d\u00fczenledi\u011fi 8. Soli G\u00fcne\u015f Festivali program\u0131nda yer ald\u0131.\u00a0 Arbella&#8217;dan yap\u0131lan a\u00e7\u0131klamaya g\u00f6re, sonucu ge\u00e7ti\u011fimiz haftalarda yay\u0131nlanan yar\u0131\u015fmaya, T\u00fcrkiye\u2019nin &hellip; <a href=\"https:\/\/akdenizolaygazetesi.com\/?p=2205\" class=\"more-link\">Devam\u0131n\u0131 Oku&#8230;<\/a><\/p>\n","protected":false},"author":1,"featured_media":0,"comment_status":"open","ping_status":"open","sticky":false,"template":"","format":"standard","meta":[],"categories":[],"tags":[],"_links":{"self":[{"href":"https:\/\/akdenizolaygazetesi.com\/index.php?rest_route=\/wp\/v2\/posts\/2205"}],"collection":[{"href":"https:\/\/akdenizolaygazetesi.com\/index.php?rest_route=\/wp\/v2\/posts"}],"about":[{"href":"https:\/\/akdenizolaygazetesi.com\/index.php?rest_route=\/wp\/v2\/types\/post"}],"author":[{"embeddable":true,"href":"https:\/\/akdenizolaygazetesi.com\/index.php?rest_route=\/wp\/v2\/users\/1"}],"replies":[{"embeddable":true,"href":"https:\/\/akdenizolaygazetesi.com\/index.php?rest_route=%2Fwp%2Fv2%2Fcomments&post=2205"}],"version-history":[{"count":0,"href":"https:\/\/akdenizolaygazetesi.com\/index.php?rest_route=\/wp\/v2\/posts\/2205\/revisions"}],"wp:attachment":[{"href":"https:\/\/akdenizolaygazetesi.com\/index.php?rest_route=%2Fwp%2Fv2%2Fmedia&parent=2205"}],"wp:term":[{"taxonomy":"category","embeddable":true,"href":"https:\/\/akdenizolaygazetesi.com\/index.php?rest_route=%2Fwp%2Fv2%2Fcategories&post=2205"},{"taxonomy":"post_tag","embeddable":true,"href":"https:\/\/akdenizolaygazetesi.com\/index.php?rest_route=%2Fwp%2Fv2%2Ftags&post=2205"}],"curies":[{"name":"wp","href":"https:\/\/api.w.org\/{rel}","templated":true}]}}