{"id":22168,"date":"2022-11-10T13:43:41","date_gmt":"2022-11-10T10:43:41","guid":{"rendered":"http:\/\/akdenizolaygazetesi.com\/?p=22168"},"modified":"2022-11-10T13:43:41","modified_gmt":"2022-11-10T10:43:41","slug":"mersini-canli-ve-enerjik-gunler-bekliyor","status":"publish","type":"post","link":"https:\/\/akdenizolaygazetesi.com\/?p=22168","title":{"rendered":"&#8220;MERS\u0130N&#8217;\u0130 CANLI VE ENERJ\u0130K G\u00dcNLER BEKL\u0130YOR&#8221;"},"content":{"rendered":"<p>Mersin Valisi Ali Hamza Pehlivan, 8&#8217;inci Narenciye Festivali&#8217;nin \u00f6nemine dikkat \u00e7ekerek, &#8220;Festival, Mersin&#8217;in g\u00fczelliklerinin yak\u0131ndan g\u00f6r\u00fclmesine vesile olacak. G\u00fcnd\u00fcz aktivitelerinin ard\u0131ndan, ak\u015famlar\u0131 konserler ve sanatsal etkinlikler devam edecek. Mersin&#8217;i canl\u0131 ve enerjik g\u00fcnler bekliyor&#8221; dedi.<\/p>\n<p>Vali Pehlivan, Mersin Ticaret Borsas\u0131 ve Festival \u0130cra Komitesi Ba\u015fkan\u0131 Abdullah \u00d6zdemir ile birlikte festivalin yap\u0131laca\u011f\u0131 alan\u0131 gezdi. G\u00f6revlilerle ve vatanda\u015flarla sohbet eden Pehlivan, bas\u0131n mensuplar\u0131na yapt\u0131\u011f\u0131 a\u00e7\u0131klamayla herkesi 12-13 Kas\u0131m&#8217;da d\u00fczenlenecek olan 8&#8217;inci Mersin Narenciye Festivali&#8217;ne davet etti.<\/p>\n<p>Festivalin yap\u0131laca\u011f\u0131 Galatasaray Meydan\u0131 ve \u00e7evresindeki hummal\u0131 \u00e7al\u0131\u015fmalar\u0131n devam etti\u011fini dile getiren Pehlivan, &#8220;Turun\u00e7gil ve narenciye C vitamini, mineral ve lif deposu, Mersin de bir narenciye deposudur. Mersin de narenciyenin adeta ba\u015fkenti. \u00d6zellikle limon \u00fcretiminde, T\u00fcrkiye&#8217;deki toplam \u00fcretimin y\u00fczde 55&#8217;i ilimizde ger\u00e7ekle\u015ftiriliyor ve T\u00fcrkiye&#8217;de birinci s\u0131rada. Greyfurt, mandalina ve portakalda da T\u00fcrkiye&#8217;de 2&#8217;nci ve 3&#8217;\u00fcnc\u00fc s\u0131rada yer al\u0131yor. \u00c7ok \u00f6nemli bir potansiyel. Pandemi nedeniyle 2 y\u0131ld\u0131r bu festival yap\u0131lam\u0131yordu. 2010 y\u0131l\u0131nda ba\u015flayan s\u00fcre\u00e7 pandemide kesintiye u\u011framakla birlikte, bu y\u0131l festivalin b\u00fct\u00fcn payda\u015flar\u0131yla bir araya geldik. Ge\u00e7mi\u015fte oldu\u011fu gibi valili\u011fin himayesinde bu y\u0131l yeniden ba\u015flatma karar\u0131n\u0131 ald\u0131k. Az s\u00fcre kalm\u0131\u015f olmas\u0131na ra\u011fmen, Ticaret Borsas\u0131 Ba\u015fkan\u0131m\u0131z\u0131n \u00f6nderli\u011findeki komiteyle \u00e7al\u0131\u015fmalar h\u0131zland\u0131r\u0131ld\u0131 ve bug\u00fcn nihayetlenme a\u015famas\u0131na geldi. \u00d6n\u00fcm\u00fczdeki 11-12-13 Kas\u0131m tarihlerinde Mersin Narenciye Festivali&#8217;ni ger\u00e7ekle\u015ftirece\u011fiz. Bu festivalimiz; Valili\u011fimiz, B\u00fcy\u00fck\u015fehir Belediyesi, il\u00e7e belediyeleri, Ticaret Borsas\u0131, Organize Sanayi B\u00f6lgesi, Tar\u0131m M\u00fcd\u00fcrl\u00fc\u011f\u00fcm\u00fcz, AK\u0130B gibi hem kamu kurumlar\u0131 hem de STK&#8217;lar\u0131n katk\u0131 ve kat\u0131l\u0131m\u0131yla ger\u00e7ekle\u015ftiriliyor. Bu konuda hem i\u015fin mali k\u00fclfeti hem de organizasyonu verilen desteklerle yerine getiriliyor. Ana \u00e7er\u00e7eve, bahsetti\u011fim kurumlar\u0131n temsilcileriyle d\u00fczenlenen toplant\u0131larda yap\u0131ld\u0131 ve i\u015fin sahadaki y\u00fcr\u00fct\u00fcm\u00fcn\u00fc de Ticaret Borsas\u0131 Ba\u015fkan\u0131 Abdullah Bey ve ekibi \u00fcstleniyor. B\u00fct\u00fcn ekibe te\u015fekk\u00fcr ediyorum&#8221; diye konu\u015ftu.<\/p>\n<p>KONSERLER VE SANATSAL ETK\u0130NL\u0130KLER<br \/>\nMersin&#8217;i hafta sonu g\u00fczel bir etkinli\u011fin bekledi\u011fini vurgulayan Pehlivan, &#8220;Festival, narenciye \u00fcretiminde \u00f6nde olan ilimizde hem il \u00f6l\u00e7e\u011finde dikkatleri \u00e7ekmek, insan sa\u011fl\u0131\u011f\u0131 i\u00e7in de \u00f6nemli olan \u00fcr\u00fcnlerin tan\u0131t\u0131m\u0131n\u0131 yapmak, insanlar\u0131n t\u00fcketimi daha bilin\u00e7li \u015fekilde yapmalar\u0131n\u0131 sa\u011flamak, di\u011fer yandan da insanlar\u0131n Mersin&#8217;e gelerek ilimizin g\u00fczelliklerini yak\u0131ndan g\u00f6rmesine, mutfa\u011f\u0131n\u0131 tan\u0131mas\u0131na vesile olacak. Akdeniz&#8217;in k\u0131y\u0131s\u0131nda, Akdeniz&#8217;in turkuvaz\u0131yla Toroslar&#8217;\u0131n ye\u015filini birle\u015ftiren bir noktaday\u0131z. Say\u0131s\u0131z arkeolojik eserimiz var ki bunlar\u0131n her biri turistik de\u011fer ifade ediyor. Mutfa\u011f\u0131m\u0131z, kendine has lezzetler olan tantunisinden cezeryesine kadar tescilli \u00fcr\u00fcnleri bulunmakla birlikte, ilimizde 81 ilin tamam\u0131ndan hem\u015ferimiz oldu\u011fu i\u00e7in T\u00fcrkiye mutfa\u011f\u0131n\u0131 da burada tatma imkan\u0131 var. Festival b\u00fcnyesinde gastronomiyle ilgili sunumlar da yap\u0131lacak. Belediyelerin ve sekt\u00f6rde payda\u015f olan kurumlar\u0131n stantlar\u0131 olacak, k\u00fclt\u00fcrel faaliyetler olacak. Halk e\u011fitim merkezlerinin kat\u0131l\u0131m\u0131 olacak, el eme\u011fi g\u00f6z nuru \u00fcr\u00fcnler sergilenecek. Konserler olacak, g\u00fcnd\u00fcz bir tak\u0131m aktivitelerle birlikte ak\u015famlar\u0131 konserler ve sanatsal etkinlikler devam edecek. Mersin&#8217;i canl\u0131 ve enerjik g\u00fcnler bekliyor&#8221; ifadelerini kulland\u0131.<\/p>\n<p>VATANDA\u015eA DA\u011eITILACAK<br \/>\nFestival kapsam\u0131nda g\u00f6r\u00fcc\u00fcye \u00e7\u0131kan ejderha, balina, ahtapot, denizalt\u0131, helikopter, maymun, u\u00e7ak ve tren gibi fig\u00fcrlerin s\u00fcslenmesinde canl\u0131 meyvelerin kullan\u0131ld\u0131\u011f\u0131n\u0131 an\u0131msatan Vali Pehlivan, &#8220;Bu \u00e7ok nadir, \u00fclkemizde \u00f6rne\u011fi olmayan bir uygulama. Burada kullan\u0131lan limon, greyfurt, mandalina ve portakallar kesinlikle ziyan edilmiyor. Bunlar vatanda\u015flar\u0131m\u0131za da\u011f\u0131t\u0131l\u0131yor. \u015euanda da 100 ton civar\u0131nda meyve kullan\u0131m\u0131 ger\u00e7ekle\u015fmi\u015f. Kesinlikle bunlar ziyan edilmiyor, vatanda\u015flar\u0131m\u0131za da\u011f\u0131t\u0131m\u0131 sa\u011flan\u0131yor, festivalin de bir hediyesi oluyor&#8221; \u015feklinde konu\u015ftu.<\/p>\n<p>Mersin&#8217;in 14&#8217;\u00fcnc\u00fc Uluslaras\u0131 Turun\u00e7gil Kongresi&#8217;ne de ev sahipli\u011fi yapt\u0131\u011f\u0131n\u0131 aktaran Pehlivan, \u015funlar\u0131 aktard\u0131:<br \/>\n&#8220;Kongrenin hemen ard\u0131ndan festivali planlamak istemi\u015ftik. Kongreler bilimsel boyutu \u00f6n planda olan faaliyetlerdir. D\u00fcnyan\u0131n yakla\u015f\u0131k 30 farkl\u0131 \u00fclkesinden gelen biliminsanlar\u0131, narenciye ve turun\u00e7gil \u00fcretimiyle ilgili bilimsel yakla\u015f\u0131mlar ortaya konuluyor. Sonras\u0131nda bunlar yay\u0131nlanacak. Devam\u0131nda da misafirlerin festivale kat\u0131l\u0131m\u0131 sa\u011flanacak. Bilimsel \u00e7al\u0131\u015fman\u0131n akabinde k\u00fclt\u00fcr, turizm ve tan\u0131t\u0131m boyutu olan bir festivalle b\u00fct\u00fcnl\u00fck sa\u011flanacak.&#8221;<\/p>\n","protected":false},"excerpt":{"rendered":"<p>Mersin Valisi Ali Hamza Pehlivan, 8&#8217;inci Narenciye Festivali&#8217;nin \u00f6nemine dikkat \u00e7ekerek, &#8220;Festival, Mersin&#8217;in g\u00fczelliklerinin yak\u0131ndan g\u00f6r\u00fclmesine vesile olacak. G\u00fcnd\u00fcz aktivitelerinin ard\u0131ndan, ak\u015famlar\u0131 konserler ve sanatsal etkinlikler devam edecek. Mersin&#8217;i canl\u0131 &hellip; <a href=\"https:\/\/akdenizolaygazetesi.com\/?p=22168\" class=\"more-link\">Devam\u0131n\u0131 Oku&#8230;<\/a><\/p>\n","protected":false},"author":2,"featured_media":22169,"comment_status":"open","ping_status":"open","sticky":false,"template":"","format":"standard","meta":[],"categories":[7,8,3],"tags":[],"_links":{"self":[{"href":"https:\/\/akdenizolaygazetesi.com\/index.php?rest_route=\/wp\/v2\/posts\/22168"}],"collection":[{"href":"https:\/\/akdenizolaygazetesi.com\/index.php?rest_route=\/wp\/v2\/posts"}],"about":[{"href":"https:\/\/akdenizolaygazetesi.com\/index.php?rest_route=\/wp\/v2\/types\/post"}],"author":[{"embeddable":true,"href":"https:\/\/akdenizolaygazetesi.com\/index.php?rest_route=\/wp\/v2\/users\/2"}],"replies":[{"embeddable":true,"href":"https:\/\/akdenizolaygazetesi.com\/index.php?rest_route=%2Fwp%2Fv2%2Fcomments&post=22168"}],"version-history":[{"count":1,"href":"https:\/\/akdenizolaygazetesi.com\/index.php?rest_route=\/wp\/v2\/posts\/22168\/revisions"}],"predecessor-version":[{"id":22170,"href":"https:\/\/akdenizolaygazetesi.com\/index.php?rest_route=\/wp\/v2\/posts\/22168\/revisions\/22170"}],"wp:featuredmedia":[{"embeddable":true,"href":"https:\/\/akdenizolaygazetesi.com\/index.php?rest_route=\/wp\/v2\/media\/22169"}],"wp:attachment":[{"href":"https:\/\/akdenizolaygazetesi.com\/index.php?rest_route=%2Fwp%2Fv2%2Fmedia&parent=22168"}],"wp:term":[{"taxonomy":"category","embeddable":true,"href":"https:\/\/akdenizolaygazetesi.com\/index.php?rest_route=%2Fwp%2Fv2%2Fcategories&post=22168"},{"taxonomy":"post_tag","embeddable":true,"href":"https:\/\/akdenizolaygazetesi.com\/index.php?rest_route=%2Fwp%2Fv2%2Ftags&post=22168"}],"curies":[{"name":"wp","href":"https:\/\/api.w.org\/{rel}","templated":true}]}}