{"id":22171,"date":"2022-11-10T13:45:52","date_gmt":"2022-11-10T10:45:52","guid":{"rendered":"http:\/\/akdenizolaygazetesi.com\/?p=22171"},"modified":"2022-11-10T13:45:52","modified_gmt":"2022-11-10T10:45:52","slug":"baskan-yilmaz-bu-zafer-turkiye-yuzyilinin-ayak-sesidir","status":"publish","type":"post","link":"https:\/\/akdenizolaygazetesi.com\/?p=22171","title":{"rendered":"BA\u015eKAN YILMAZ: BU ZAFER T\u00dcRK\u0130YE Y\u00dcZYILININ AYAK SES\u0130D\u0130R"},"content":{"rendered":"<p>Binlerce ki\u015fi bir anda bast\u0131ran sa\u011fanak ya\u011fmura ald\u0131r\u0131\u015f etmeden Azerin&#8217;in \u015fark\u0131lar\u0131na co\u015fkuyla e\u015flik etti.<\/p>\n<p>Toroslar Belediyesi, Ermenistan&#8217;\u0131n 30 y\u0131ll\u0131k i\u015fgaline son vererek Azerbaycan&#8217;\u0131 eski topraklar\u0131na kavu\u015fturan Karaba\u011f Zaferi&#8217;nin 2&#8217;nci y\u0131l d\u00f6n\u00fcm\u00fcn\u00fc Azerin Konseriyle ta\u00e7land\u0131rd\u0131.<\/p>\n<p>\u0130l\u00e7edeki An\u0131ttepe Park\u0131&#8217;nda d\u00fczenlenen konserde milli ve karde\u015flik duygular\u0131 doruklarda ya\u015fan\u0131rken, Azerbaycan Devlet Sanat\u00e7\u0131s\u0131 Azerin, m\u00fczik ziyafetinin yan\u0131 s\u0131ra ya\u011fmura ra\u011fmen sergiledi\u011fi performans\u0131 ve orkestras\u0131yla sevenlerini mest etti.<\/p>\n<p>T\u00fcrkiye ve Azerbaycan karde\u015fli\u011finin peki\u015fti\u011fi geceye, T\u00fcrk devletlerinden e\u011fitim almak i\u00e7in gelen \u00f6\u011frenciler de kat\u0131ld\u0131. Belediye ekipleri, konsere gelen vatanda\u015flara T\u00fcrkiye, Azerbaycan ve KKTC bayraklar\u0131 hediye etti.<\/p>\n<p>BA\u015eKAN YILMAZ, &#8220;KARABA\u011e ZAFER\u0130 B\u0130R D\u00d6N\u00dcM NOKTASIDIR&#8221;<\/p>\n<p>Birlik ve beraberlik vurgusuyla d\u00fczenlenen konser \u00f6ncesinde konu\u015fma yapan Toroslar Belediye Ba\u015fkan\u0131 Ats\u0131z Af\u015f\u0131n Y\u0131lmaz; &#8220;8 Kas\u0131m Karaba\u011f Zaferi m\u00fcnasebetiyle d\u00fczenledi\u011fimiz konsere hepiniz ho\u015f geldiniz. Karaba\u011f Zaferi bizim i\u00e7in \u00e7ok \u00f6nemli. Bug\u00fcn 2&#8217;nci y\u0131l\u0131n\u0131 kutluyoruz. Bu dosyada ac\u0131 var. 30 y\u0131ll\u0131k i\u015fgal var. Ermenilerin d\u00fcnyan\u0131n g\u00f6z\u00fcn\u00fcn i\u00e7ine baka baka uluslararas\u0131 hukuka ayk\u0131r\u0131 olarak 30 y\u0131ld\u0131r i\u015fgal etti\u011fi ve kendi vatanda\u015flar\u0131n\u0131 oraya yerle\u015ftirmeye \u00e7al\u0131\u015ft\u0131\u011f\u0131 Karaba\u011f yaras\u0131 var. 2 y\u0131l \u00f6nce bug\u00fcn T\u00fcrk ve Azerbaycan Ordusu \u015eu\u015fa&#8217;ya girdi. Azerbaycan bayra\u011f\u0131n\u0131 \u015eu\u015fa Kalesi&#8217;ne dikti. Ve bug\u00fcn Karaba\u011f Zaferi olarak kutlanmaya ba\u015fland\u0131.  Bu zaferin farkl\u0131 a\u00e7\u0131lardan \u00f6nemi var. Birincisi i\u015fgal alt\u0131ndaki Azerbaycan topraklar\u0131n\u0131n h\u00fcrriyetine kavu\u015fmas\u0131. Az kald\u0131 in\u015fallah Zengezur Ge\u00e7idi&#8217;ni de ekledi\u011fimiz zaman par\u00e7a tamamlanm\u0131\u015f olacak. O g\u00fcnler de uzak de\u011fil. Yeter ki biz bir olal\u0131m beraber olal\u0131m. T\u00fcrkiye Cumhuriyeti ve Azerbaycan Devleti&#8217;nin birlikte bir hareket, planlama yapmas\u0131 ve buna g\u00f6re ilerlemesi boyutu var. Bu a\u00e7\u0131dan da Karaba\u011f Zaferi bir d\u00f6n\u00fcm noktas\u0131d\u0131r. Bu iki devletin birlikte ba\u015far\u0131l\u0131 bir operasyon, hareket ger\u00e7ekle\u015ftirmesi bunu da Rusya&#8217;n\u0131n, Amerika&#8217;n\u0131n g\u00f6z\u00fcn\u00fcn i\u00e7ine baka baka yapabilmesi &#8220;T\u00fcrkiye y\u00fczy\u0131l\u0131n\u0131n&#8221; ba\u015flang\u0131c\u0131d\u0131r, ayak sesleridir. \u0130\u015fte 2 y\u0131l \u00f6nce bunu ya\u015fad\u0131k. Allah&#8217;\u0131n izniyle \u00f6n\u00fcm\u00fczdeki g\u00fcnlerde de daha b\u00fcy\u00fck zaferleri hep beraber ya\u015fayaca\u011f\u0131z&#8221; dedi.<\/p>\n<p>TOROSLAR&#8217;DAN &#8220;TEK M\u0130LLET, \u0130K\u0130 DEVLET&#8221; SLOGANLARI Y\u00dcKSELD\u0130<\/p>\n<p>Gazi Mustafa Kemal Atat\u00fcrk&#8217;\u00fc ve silah arkada\u015flar\u0131n\u0131 da minnetle yad eden Ba\u015fkan Y\u0131lmaz, &#8220;Gazi Mustafa Kemal Atat\u00fcrk tam y\u00fcz y\u0131l \u00f6nce Nah\u00e7\u0131van&#8217;a giden yolu cebinden para vererek sat\u0131n ald\u0131. Bu sayede Nah\u00e7\u0131van&#8217;a, Nah\u00e7\u0131van&#8217;dan da Zengezur Ge\u00e7idi \u00fczerinden Karaba\u011f&#8217;a ula\u015fabiliyoruz. 10 Kas\u0131m&#8217;da Ulu \u00f6nderimiz ve silah arkada\u015flar\u0131n\u0131n devletimiz ve milletimiz i\u00e7in yapt\u0131\u011f\u0131 t\u00fcm hizmetler yan\u0131nda, bizi Nah\u00e7\u0131van&#8217;a ba\u011flayan yolu kendi cebinden para vererek sat\u0131n ald\u0131\u011f\u0131 i\u00e7in de ayr\u0131ca yad edelim. Ruhlar\u0131 \u015fad, mekanlar\u0131 cennet olsun. Karaba\u011f Sava\u015f\u0131 boyunca da kan veren, can veren \u015fehitlerimiz, gazilerimiz oldu. Hepsini rahmet ve minnetle an\u0131yorum. Ruhlar\u0131 \u015fad olsun&#8221; diye konu\u015ftu.<\/p>\n<p>Konserde &#8220;\u00c7\u0131rp\u0131n\u0131rd\u0131 Karadeniz&#8221; ve &#8220;\u00d6l\u00fcr\u00fcm T\u00fcrkiyem&#8221; gibi bir\u00e7ok sevilen eserleri seslendiren Azerin&#8217;e T\u00fcrk ve Azerbaycanl\u0131 vatanda\u015flar hep birlikte e\u015flik etti.  Ba\u015fkan Y\u0131lmaz da sahne \u00f6n\u00fcnde vatanda\u015flarla birlikte bu co\u015fkuya ortak oldu. Daha sonra sahneye \u00e7\u0131kan Ba\u015fkan Y\u0131lmaz, bayraklar e\u015fli\u011finde Azerin ile birlikte \u0130zmir Mar\u015f\u0131&#8217;n\u0131 okudu.<\/p>\n<p>Konser s\u0131ras\u0131nda duygu ve d\u00fc\u015f\u00fcncelerini sevenleriyle payla\u015fan Azerin, Toroslar Belediye Ba\u015fkan\u0131 Ats\u0131z Af\u015f\u0131n Y\u0131lmaz&#8217;a b\u00f6yle anlaml\u0131 bir g\u00fcnde kendilerini a\u011f\u0131rlad\u0131\u011f\u0131 i\u00e7in te\u015fekk\u00fcr etti.<\/p>\n<p>Konserin ard\u0131ndan Ba\u015fkan Y\u0131lmaz, e\u015fi Meltem Y\u0131lmaz ile birlikte, sanat\u00e7\u0131 Azerin&#8217;e plaket ve \u00e7i\u00e7ek takdim ederek, geceye sundu\u011fu katk\u0131lar\u0131ndan dolay\u0131 te\u015fekk\u00fcr etti.<\/p>\n","protected":false},"excerpt":{"rendered":"<p>Binlerce ki\u015fi bir anda bast\u0131ran sa\u011fanak ya\u011fmura ald\u0131r\u0131\u015f etmeden Azerin&#8217;in \u015fark\u0131lar\u0131na co\u015fkuyla e\u015flik etti. Toroslar Belediyesi, Ermenistan&#8217;\u0131n 30 y\u0131ll\u0131k i\u015fgaline son vererek Azerbaycan&#8217;\u0131 eski topraklar\u0131na kavu\u015fturan Karaba\u011f Zaferi&#8217;nin 2&#8217;nci y\u0131l &hellip; <a href=\"https:\/\/akdenizolaygazetesi.com\/?p=22171\" class=\"more-link\">Devam\u0131n\u0131 Oku&#8230;<\/a><\/p>\n","protected":false},"author":2,"featured_media":22172,"comment_status":"open","ping_status":"open","sticky":false,"template":"","format":"standard","meta":[],"categories":[3,5],"tags":[],"_links":{"self":[{"href":"https:\/\/akdenizolaygazetesi.com\/index.php?rest_route=\/wp\/v2\/posts\/22171"}],"collection":[{"href":"https:\/\/akdenizolaygazetesi.com\/index.php?rest_route=\/wp\/v2\/posts"}],"about":[{"href":"https:\/\/akdenizolaygazetesi.com\/index.php?rest_route=\/wp\/v2\/types\/post"}],"author":[{"embeddable":true,"href":"https:\/\/akdenizolaygazetesi.com\/index.php?rest_route=\/wp\/v2\/users\/2"}],"replies":[{"embeddable":true,"href":"https:\/\/akdenizolaygazetesi.com\/index.php?rest_route=%2Fwp%2Fv2%2Fcomments&post=22171"}],"version-history":[{"count":1,"href":"https:\/\/akdenizolaygazetesi.com\/index.php?rest_route=\/wp\/v2\/posts\/22171\/revisions"}],"predecessor-version":[{"id":22173,"href":"https:\/\/akdenizolaygazetesi.com\/index.php?rest_route=\/wp\/v2\/posts\/22171\/revisions\/22173"}],"wp:featuredmedia":[{"embeddable":true,"href":"https:\/\/akdenizolaygazetesi.com\/index.php?rest_route=\/wp\/v2\/media\/22172"}],"wp:attachment":[{"href":"https:\/\/akdenizolaygazetesi.com\/index.php?rest_route=%2Fwp%2Fv2%2Fmedia&parent=22171"}],"wp:term":[{"taxonomy":"category","embeddable":true,"href":"https:\/\/akdenizolaygazetesi.com\/index.php?rest_route=%2Fwp%2Fv2%2Fcategories&post=22171"},{"taxonomy":"post_tag","embeddable":true,"href":"https:\/\/akdenizolaygazetesi.com\/index.php?rest_route=%2Fwp%2Fv2%2Ftags&post=22171"}],"curies":[{"name":"wp","href":"https:\/\/api.w.org\/{rel}","templated":true}]}}