{"id":22175,"date":"2022-11-10T13:47:42","date_gmt":"2022-11-10T10:47:42","guid":{"rendered":"http:\/\/akdenizolaygazetesi.com\/?p=22175"},"modified":"2022-11-10T13:47:42","modified_gmt":"2022-11-10T10:47:42","slug":"evimiz-atolye-ile-1-000-kadina-ulastik","status":"publish","type":"post","link":"https:\/\/akdenizolaygazetesi.com\/?p=22175","title":{"rendered":"EV\u0130M\u0130Z AT\u00d6LYE \u0130LE 1.000 KADINA ULA\u015eTIK"},"content":{"rendered":"<p>Mersin B\u00fcy\u00fck\u015fehir Belediyesi Kad\u0131n ve Aile Hizmetleri Dairesi ile Mersinden Kad\u0131n Kooperatifi i\u015fbirli\u011finde, &#8216;Elde Var Yetenek, Evde Var Ekmek&#8217; slogan\u0131yla y\u00fcr\u00fct\u00fclen  &#8216;Evimiz At\u00f6lye&#8217; projesi, Akdeniz il\u00e7esinde yer alan \u00c7ilek, Tarsus il\u00e7esine ba\u011fl\u0131 K\u0131rklars\u0131rt\u0131 ile Mezitli il\u00e7esine ba\u011fl\u0131 \u0130stiklal Mahalleleri&#8217;nde ya\u015fayan kad\u0131nlarla bulu\u015ftu.<br \/>\n16 mahallede at\u00f6lye kapsam\u0131nda &#8216;\u00c7oraptan Oyuncak&#8217; yap\u0131m\u0131n\u0131 \u00f6\u011frenen kad\u0131nlar, etkinlikten duyduklar\u0131 memnuniyeti dile getirirken, Mersinden Kad\u0131n Kooperatifi Ba\u015fkan\u0131 Meral Se\u00e7er, projeyle, kad\u0131nlar\u0131n hem aile ekonomilerine, hem de sosyalle\u015fmelerine katk\u0131 sa\u011fland\u0131\u011f\u0131n\u0131 s\u00f6yledi.<\/p>\n<p>Meral Se\u00e7er: &#8220;Kad\u0131nlar bir arada yeni fikirler \u00fcretiyorlar&#8221;<\/p>\n<p>\u00c7ilek, K\u0131rklars\u0131rt\u0131 ve \u0130stiklal Mahalleleri&#8217;ndeki kad\u0131nlarla bir araya gelen ve kad\u0131nlar\u0131n birlikte bir \u015feyler \u00fcretmelerinin, ayn\u0131 zamanda yeni fikirlerin de ortaya \u00e7\u0131kmas\u0131na olanak sa\u011flad\u0131\u011f\u0131na dikkat \u00e7eken Meral Se\u00e7er, &#8220;Evimiz At\u00f6lye projesi, asl\u0131nda evde gizli kalm\u0131\u015f kad\u0131n i\u015fg\u00fcc\u00fcn\u00fcn ortaya \u00e7\u0131kmas\u0131 maksad\u0131yla hayata ge\u00e7irilen bir proje. Kad\u0131nlar\u0131m\u0131z bu proje sayesinde ev ekonomilerine katk\u0131 sa\u011flarken, sosyalle\u015fme imkan\u0131 da buluyorlar. \u00dcretmenin, birlikte olman\u0131n mutlulu\u011funu ya\u015f\u0131yorlar. Ayr\u0131ca bu projeye, do\u011faya katk\u0131s\u0131 a\u00e7\u0131s\u0131ndan bir geri d\u00f6n\u00fc\u015f\u00fcm projesi de diyebiliriz. Proje ba\u015flad\u0131\u011f\u0131ndan bug\u00fcne kadar yakla\u015f\u0131k bin kad\u0131nla birlikte \u00e7al\u0131\u015fmalar\u0131m\u0131z\u0131 y\u00fcr\u00fct\u00fcyoruz. Kad\u0131nlar\u0131m\u0131z\u0131n ilgisi ve \u00fcretme iste\u011fi, bu \u00e7al\u0131\u015fmam\u0131z\u0131n daha da ilerlemesine ve say\u0131m\u0131z\u0131n \u00e7o\u011falmas\u0131na olanak sa\u011fl\u0131yor&#8221; diye konu\u015ftu.<br \/>\nBurada amac\u0131n bir fark\u0131ndal\u0131k yaratmak oldu\u011funu da s\u00f6zlerine ekleyen Meral Se\u00e7er, &#8220;Ayr\u0131ca kad\u0131nlar\u0131m\u0131z\u0131n birlikteyken \u00fcrettikleri fikirlerle, \u00e7ok g\u00fczel ve farkl\u0131 projeler de ortaya \u00e7\u0131kabilecek. \u00c7\u00fcnk\u00fc bu fikirleri sundu\u011funuz zaman, arkam\u0131zda bize destek verecek bir B\u00fcy\u00fck\u015fehir var duygusunu ya\u015fayacaks\u0131n\u0131z. Bir \u015fey \u00fcretmek istedi\u011finizde, ortaya \u00e7\u0131kartmak istedi\u011finizde size destek veren, kad\u0131nlar\u0131n \u00e7al\u0131\u015fmas\u0131na destek veren bir Belediye Ba\u015fkan\u0131m\u0131z var. Ayr\u0131ca O&#8217;na da sizlerin huzurunda te\u015fekk\u00fcr etmek istiyorum&#8221; \u015feklinde konu\u015ftu.<br \/>\n&#8220;Kad\u0131nlara bire bir katk\u0131 sa\u011fl\u0131yor&#8221;<\/p>\n<p>At\u00f6lye \u00e7al\u0131\u015fmas\u0131na aile b\u00fct\u00e7esine katk\u0131 sunabilmek i\u00e7in kat\u0131ld\u0131\u011f\u0131n\u0131 s\u00f6yleyen 2 \u00e7ocuk annesi Ay\u015feg\u00fcl Cici, &#8220;Kad\u0131nlara bire bir katk\u0131 sa\u011fl\u0131yor. E\u015fimin geliri yeterli olmad\u0131\u011f\u0131 i\u00e7in, \u00e7oraptan oyuncak yaparak aile b\u00fct\u00e7esine katk\u0131da bulunmak istedim&#8221; diye konu\u015ftu.<\/p>\n<p>S\u00fcrekli bo\u015f durmaktansa yeni bir \u015feyler \u00f6\u011frenmek istedi\u011fi i\u00e7in at\u00f6lye \u00e7al\u0131\u015fmalar\u0131na kat\u0131ld\u0131\u011f\u0131n\u0131 s\u00f6yleyen 3 \u00e7ocuk annesi Zeynep Y\u0131lmaz, &#8220;Evde bo\u015f vaktimiz \u00e7ok oldu\u011fu i\u00e7in, \u00e7oraptan oyuncak yapma kursuna kat\u0131ld\u0131k. Bu \u00e7al\u0131\u015fmay\u0131 bize muhtar\u0131m\u0131z s\u00f6yledi. Ben de hem bo\u015f zaman\u0131m\u0131 de\u011ferlendirmek, hem de eve katk\u0131da bulunmak i\u00e7in kat\u0131ld\u0131m&#8221; \u015feklinde konu\u015ftu.<\/p>\n<p>&#8220;At\u00f6lye \u00e7al\u0131\u015fmalar\u0131nda yeni arkada\u015flar ediniyoruz&#8221;<\/p>\n<p>At\u00f6lye \u00e7al\u0131\u015fmalar\u0131n\u0131n, yeni arkada\u015flar edinmesini sa\u011flad\u0131\u011f\u0131n\u0131 ve mutfak har\u00e7l\u0131klar\u0131n\u0131 \u00e7\u0131kartt\u0131klar\u0131n\u0131 kaydeden 5 \u00e7ocuk annesi T\u00fcrkan Do\u011fan ise &#8220;\u00c7ok g\u00fczel bir etkinlik. Zor \u015fartlarda ya\u015f\u0131yoruz art\u0131k. Her \u015fey pahal\u0131. Evlilik ya\u015f\u0131ndaki \u00e7ocuklar\u0131m\u0131z\u0131 evlendiremiyoruz. Bu \u00fcr\u00fcnleri satarak mutfak har\u00e7l\u0131\u011f\u0131m\u0131z\u0131 \u00e7\u0131karmak istiyoruz&#8221; ifadelerini kulland\u0131.<\/p>\n<p>Muhtar C\u00fcl\u00fck: &#8220;\u00c7al\u0131\u015fmayan bayanlar\u0131m\u0131z i\u015f sahibi olmu\u015f oluyor&#8221;<br \/>\nK\u0131rklars\u0131rt\u0131 Mahallesi Muhtar\u0131 Mehmet C\u00fcl\u00fck, &#8220;Buradaki amac\u0131m\u0131z, \u00e7al\u0131\u015fmayan bayanlar\u0131m\u0131z\u0131 oturdu\u011fu yerden bir i\u015f sahibi yapmak. Ev ekonomisine katk\u0131da bulunmas\u0131n\u0131 sa\u011flamak. Bu projeyi ba\u015flatt\u0131\u011f\u0131 i\u00e7in Vahap Ba\u015fkan\u0131m\u0131z ve e\u015fi Meral han\u0131ma \u00e7ok te\u015fekk\u00fcr ediyorum&#8221; dedi.<br \/>\n&#8220;Aile b\u00fct\u00e7esine katk\u0131da bulunmak i\u00e7in g\u00fczel bir f\u0131rsat&#8221;<\/p>\n<p>El becerilerini geli\u015ftirebilece\u011fi bir u\u011fra\u015f arad\u0131\u011f\u0131n\u0131 ve projeye kat\u0131l\u0131m sa\u011flad\u0131\u011f\u0131n\u0131 belirten Arzu Dokuyucu, &#8220;B\u00f6yle bir u\u011fra\u015f ar\u0131yordum. Tesad\u00fcfen muhtarl\u0131kta ilan\u0131n\u0131 g\u00f6rd\u00fcm. Hem zaman ge\u00e7iriyorum, hem el becerimi geni\u015fletiyorum, hem de aile b\u00fct\u00e7esine katk\u0131da bulunuyorum&#8221; diye konu\u015ftu.<\/p>\n<p>3 \u00e7ocuk annesi G\u00fcll\u00fc Karc\u0131&#8217;da, &#8220;G\u00fczel oldu, yeni arkada\u015fl\u0131klar edindim. Evime de katk\u0131 olacak. E\u015fim de ho\u015f kar\u015f\u0131lad\u0131&#8221; \u015feklinde konu\u015ftu.<\/p>\n<p>Sibel Demir\u00e7iler de projeyi \u00e7ok be\u011fendi\u011fini kaydederek, &#8220;Belediyemizin bu projesini \u00e7ok be\u011fendik. Ben bir \u00e7orap bile dikemezken, \u015fimdi \u00e7oraptan oyuncak yap\u0131yorum. Evimize de bir katk\u0131m\u0131z olacak. \u00c7ok memnunum, Ba\u015fkan\u0131m\u0131za \u00e7ok \u00e7ok te\u015fekk\u00fcr ediyorum&#8221; ifadelerini kulland\u0131.<\/p>\n<p>Muhtar Demiralp: &#8220;Bu projelerden mahalle olarak faydalan\u0131yoruz&#8221;<br \/>\n\u0130stiklal Mahallesi Muhtar\u0131 Yasemin Demiralp, &#8220;4 haftad\u0131r yap\u0131lan kursumuz harika ge\u00e7ti. Mahalle kad\u0131nlar\u0131m\u0131z bu kurstan \u00e7ok memnun kald\u0131lar, \u00e7ok mutlu oldular. Mahalle sakinleri ad\u0131na sevgili Ba\u015fkan\u0131m Vahap Se\u00e7er&#8217;e \u00e7ok \u00e7ok te\u015fekk\u00fcr ediyorum. Ger\u00e7ekten birbirinden g\u00fczel projeler var. Bu projelerden mahalle olarak faydalan\u0131yoruz. Vahap Ba\u015fkan\u0131m se\u00e7ilmeden \u00f6nce, Davultepe&#8217;ye hi\u00e7bir konuda hizmet gelmezdi. Sa\u011f olsun se\u00e7ildikten sonra her konuda hizmet geliyor. B\u00fct\u00fcn eksiklerimizi tamamlad\u0131k, yapt\u0131k ve hala da yap\u0131yoruz. \u0130yi ki var ba\u015fkan\u0131m, iyi ki se\u00e7ilmi\u015f&#8221; diye belirtti.<\/p>\n<p>&#8220;Kad\u0131nlar\u0131n \u00f6zg\u00fcveni i\u00e7in \u00e7ok g\u00fczel bir proje&#8221;<\/p>\n<p>22 ya\u015f\u0131ndaki Nuran Bolat, &#8220;Bu proje ile hem ekonomik olarak kendimde g\u00fc\u00e7 buldum, hem de k\u00fc\u00e7\u00fck \u00e7ocu\u011fuma oyuncaklar \u00fcretebilmenin sevinci var i\u00e7imde. Burada \u00e7ok g\u00fczel arkada\u015flar edindim ve hocalar\u0131ma da tek tek te\u015fekk\u00fcr ediyorum&#8221; dedi.<\/p>\n<p>Kamile Yuvarlako\u011flu, bu organizasyonun psikolojisine \u00e7ok iyi geldi\u011fini belirterek, &#8220;Yakla\u015f\u0131k 10 ay \u00f6nce e\u015fimi kaybettim. Psikolojik a\u00e7\u0131dan bu uygulama bana \u00e7ok iyi geldi. 3 ay gibi k\u0131sa bir s\u00fcrede oyuncak yapmay\u0131 \u00f6\u011frendik. El eme\u011finin kar\u015f\u0131l\u0131\u011f\u0131n\u0131 alabilmek \u00e7ok g\u00fczel bir \u015fey. Ben \u00f6zellikle Ba\u015fkan\u0131m\u0131za, bu organizasyonu tertip eden herkese \u00e7ok te\u015fekk\u00fcr ederim&#8221; diye konu\u015ftu.<\/p>\n<p>Binnur Erkulu da \u00e7ok g\u00fczel bir proje oldu\u011fundan s\u00f6z ederek, &#8220;Kad\u0131nlar\u0131n \u00f6zg\u00fcveni i\u00e7in \u00e7ok g\u00fczel bir proje. \u015eu an i\u00e7in yeniyiz bu konuda, ama kesinlikle ekonomik katk\u0131s\u0131 olaca\u011f\u0131na inan\u0131yorum. Zaten tezgah a\u00e7aca\u011f\u0131z yak\u0131n bir zamanda. Kendi eme\u011fimizi sergileyip kazan\u00e7 sa\u011flayabiliriz. Mutfa\u011f\u0131m\u0131za katk\u0131da bulunabiliriz&#8221; ifadelerini kulland\u0131.<\/p>\n","protected":false},"excerpt":{"rendered":"<p>Mersin B\u00fcy\u00fck\u015fehir Belediyesi Kad\u0131n ve Aile Hizmetleri Dairesi ile Mersinden Kad\u0131n Kooperatifi i\u015fbirli\u011finde, &#8216;Elde Var Yetenek, Evde Var Ekmek&#8217; slogan\u0131yla y\u00fcr\u00fct\u00fclen &#8216;Evimiz At\u00f6lye&#8217; projesi, Akdeniz il\u00e7esinde yer alan \u00c7ilek, Tarsus &hellip; <a href=\"https:\/\/akdenizolaygazetesi.com\/?p=22175\" class=\"more-link\">Devam\u0131n\u0131 Oku&#8230;<\/a><\/p>\n","protected":false},"author":2,"featured_media":22176,"comment_status":"open","ping_status":"open","sticky":false,"template":"","format":"standard","meta":[],"categories":[2,3,5],"tags":[],"_links":{"self":[{"href":"https:\/\/akdenizolaygazetesi.com\/index.php?rest_route=\/wp\/v2\/posts\/22175"}],"collection":[{"href":"https:\/\/akdenizolaygazetesi.com\/index.php?rest_route=\/wp\/v2\/posts"}],"about":[{"href":"https:\/\/akdenizolaygazetesi.com\/index.php?rest_route=\/wp\/v2\/types\/post"}],"author":[{"embeddable":true,"href":"https:\/\/akdenizolaygazetesi.com\/index.php?rest_route=\/wp\/v2\/users\/2"}],"replies":[{"embeddable":true,"href":"https:\/\/akdenizolaygazetesi.com\/index.php?rest_route=%2Fwp%2Fv2%2Fcomments&post=22175"}],"version-history":[{"count":1,"href":"https:\/\/akdenizolaygazetesi.com\/index.php?rest_route=\/wp\/v2\/posts\/22175\/revisions"}],"predecessor-version":[{"id":22177,"href":"https:\/\/akdenizolaygazetesi.com\/index.php?rest_route=\/wp\/v2\/posts\/22175\/revisions\/22177"}],"wp:featuredmedia":[{"embeddable":true,"href":"https:\/\/akdenizolaygazetesi.com\/index.php?rest_route=\/wp\/v2\/media\/22176"}],"wp:attachment":[{"href":"https:\/\/akdenizolaygazetesi.com\/index.php?rest_route=%2Fwp%2Fv2%2Fmedia&parent=22175"}],"wp:term":[{"taxonomy":"category","embeddable":true,"href":"https:\/\/akdenizolaygazetesi.com\/index.php?rest_route=%2Fwp%2Fv2%2Fcategories&post=22175"},{"taxonomy":"post_tag","embeddable":true,"href":"https:\/\/akdenizolaygazetesi.com\/index.php?rest_route=%2Fwp%2Fv2%2Ftags&post=22175"}],"curies":[{"name":"wp","href":"https:\/\/api.w.org\/{rel}","templated":true}]}}