{"id":22178,"date":"2022-11-10T13:50:15","date_gmt":"2022-11-10T10:50:15","guid":{"rendered":"http:\/\/akdenizolaygazetesi.com\/?p=22178"},"modified":"2022-11-10T13:50:15","modified_gmt":"2022-11-10T10:50:15","slug":"fikir-eser-ve-inkilaplarinin-her-daim-emanetcisi-olacagiz","status":"publish","type":"post","link":"https:\/\/akdenizolaygazetesi.com\/?p=22178","title":{"rendered":"F\u0130K\u0130R, ESER VE \u0130NKILAPLARININ HER DA\u0130M EMANET\u00c7\u0130S\u0130 OLACA\u011eIZ"},"content":{"rendered":"<p>Toroslar Belediye Ba\u015fkan\u0131 Ats\u0131z Af\u015f\u0131n Y\u0131lmaz, Cumhuriyetimizin kurucusu Gazi Mustafa Kemal Atat\u00fcrk&#8217;\u00fcn ebediyete intikalinin 84&#8217;\u00fcnc\u00fc y\u0131l d\u00f6n\u00fcm\u00fc dolay\u0131s\u0131yla bir mesaj yay\u0131nlad\u0131.<\/p>\n<p>&#8220;Ulu \u00d6nderimiz Atat\u00fcrk&#8217;\u00fc sayg\u0131, sevgi ve minnetle an\u0131yoruz&#8221; diyen Ba\u015fkan Y\u0131lmaz; &#8220;Atat\u00fcrk, yurdumuzun en karanl\u0131k, en zor zamanlar\u0131nda kararl\u0131l\u0131\u011f\u0131 ve azmi ile T\u00fcrk milletinin gelece\u011fini ayd\u0131nlatan b\u00fcy\u00fck bir devlet adam\u0131d\u0131r. Bizler de fikir, eser ve ink\u0131laplar\u0131n\u0131n her daim emanet\u00e7isi olaca\u011f\u0131z.&#8221; dedi.<\/p>\n<p>Ba\u015fkan Y\u0131lmaz, &#8220;&#8221;Benim na\u00e7iz v\u00fccudum elbet bir g\u00fcn toprak olacakt\u0131r, ancak T\u00fcrkiye Cumhuriyeti ilelebet payidar kalacakt\u0131r&#8221; diyen Ulu \u00d6nderimizin bizlere miras b\u0131rakt\u0131\u011f\u0131 Cumhuriyetimize her zaman sahip \u00e7\u0131kacak ve \u00fclkemizin muas\u0131r medeniyetler \u00fczerinde bir \u00fclke olmas\u0131 i\u00e7in m\u00fccadelemizi s\u00fcrd\u00fcrece\u011fiz. Bu duygu ve d\u00fc\u015f\u00fcncelerle B\u00fcy\u00fck Komutan Gazi Mustafa Kemal Atat\u00fcrk&#8217;\u00fc, O&#8217;nun \u015fahs\u0131nda \u0130stiklal m\u00fccadelemizin t\u00fcm kahramanlar\u0131n\u0131, aziz \u015fehitlerimizi, ebediyete intikal eden t\u00fcm gazilerimizi bir kez daha sayg\u0131, rahmet ve \u015f\u00fckranla an\u0131yorum.&#8221; diye konu\u015ftu.<\/p>\n","protected":false},"excerpt":{"rendered":"<p>Toroslar Belediye Ba\u015fkan\u0131 Ats\u0131z Af\u015f\u0131n Y\u0131lmaz, Cumhuriyetimizin kurucusu Gazi Mustafa Kemal Atat\u00fcrk&#8217;\u00fcn ebediyete intikalinin 84&#8217;\u00fcnc\u00fc y\u0131l d\u00f6n\u00fcm\u00fc dolay\u0131s\u0131yla bir mesaj yay\u0131nlad\u0131. &#8220;Ulu \u00d6nderimiz Atat\u00fcrk&#8217;\u00fc sayg\u0131, sevgi ve minnetle an\u0131yoruz&#8221; diyen &hellip; <a href=\"https:\/\/akdenizolaygazetesi.com\/?p=22178\" class=\"more-link\">Devam\u0131n\u0131 Oku&#8230;<\/a><\/p>\n","protected":false},"author":2,"featured_media":22179,"comment_status":"open","ping_status":"open","sticky":false,"template":"","format":"standard","meta":[],"categories":[1],"tags":[],"_links":{"self":[{"href":"https:\/\/akdenizolaygazetesi.com\/index.php?rest_route=\/wp\/v2\/posts\/22178"}],"collection":[{"href":"https:\/\/akdenizolaygazetesi.com\/index.php?rest_route=\/wp\/v2\/posts"}],"about":[{"href":"https:\/\/akdenizolaygazetesi.com\/index.php?rest_route=\/wp\/v2\/types\/post"}],"author":[{"embeddable":true,"href":"https:\/\/akdenizolaygazetesi.com\/index.php?rest_route=\/wp\/v2\/users\/2"}],"replies":[{"embeddable":true,"href":"https:\/\/akdenizolaygazetesi.com\/index.php?rest_route=%2Fwp%2Fv2%2Fcomments&post=22178"}],"version-history":[{"count":1,"href":"https:\/\/akdenizolaygazetesi.com\/index.php?rest_route=\/wp\/v2\/posts\/22178\/revisions"}],"predecessor-version":[{"id":22180,"href":"https:\/\/akdenizolaygazetesi.com\/index.php?rest_route=\/wp\/v2\/posts\/22178\/revisions\/22180"}],"wp:featuredmedia":[{"embeddable":true,"href":"https:\/\/akdenizolaygazetesi.com\/index.php?rest_route=\/wp\/v2\/media\/22179"}],"wp:attachment":[{"href":"https:\/\/akdenizolaygazetesi.com\/index.php?rest_route=%2Fwp%2Fv2%2Fmedia&parent=22178"}],"wp:term":[{"taxonomy":"category","embeddable":true,"href":"https:\/\/akdenizolaygazetesi.com\/index.php?rest_route=%2Fwp%2Fv2%2Fcategories&post=22178"},{"taxonomy":"post_tag","embeddable":true,"href":"https:\/\/akdenizolaygazetesi.com\/index.php?rest_route=%2Fwp%2Fv2%2Ftags&post=22178"}],"curies":[{"name":"wp","href":"https:\/\/api.w.org\/{rel}","templated":true}]}}