{"id":22184,"date":"2022-11-10T13:55:25","date_gmt":"2022-11-10T10:55:25","guid":{"rendered":"http:\/\/akdenizolaygazetesi.com\/?p=22184"},"modified":"2022-11-10T13:55:25","modified_gmt":"2022-11-10T10:55:25","slug":"akkuyu-ngs-insaat-sahasinda-sifir-olcum-programi-kapsaminda-etkinlik-duzenlendi","status":"publish","type":"post","link":"https:\/\/akdenizolaygazetesi.com\/?p=22184","title":{"rendered":"AKKUYU NGS \u0130N\u015eAAT SAHASINDA \u201cSIFIR \u00d6L\u00c7\u00dcM\u201d PROGRAMI KAPSAMINDA ETK\u0130NL\u0130K D\u00dcZENLEND\u0130"},"content":{"rendered":"<p>Akkuyu N\u00fckleer G\u00fc\u00e7 Santrali (NGS) in\u015faat sahas\u0131nda \u201cs\u0131f\u0131r\u201d radyasyon seviyesinin belirlenmesi kapsam\u0131nda etkinlik d\u00fczenlendi. Etkinli\u011fe AKKUYU N\u00dcKLEER ile Akkuyu NGS in\u015faat sahas\u0131n\u0131n parametrelerini takip eden Hidrotekhproekt ve Assystem ENVY Enerji ve \u00c7evre Yat\u0131r\u0131mlar\u0131 A.\u015e. firmalar\u0131 \u00e7al\u0131\u015fanlar\u0131 kat\u0131ld\u0131.<\/p>\n<p>Akkuyu NGS\u2019nin i\u015fletme a\u015famas\u0131nda arka plan radyasyonunun d\u00fczenli \u00f6l\u00e7\u00fcmleri i\u00e7in ba\u015flang\u0131\u00e7 noktas\u0131 olacak \u201cs\u0131f\u0131r\u201d radyasyon alan\u0131n\u0131 belirleme program\u0131, Hidrotekhproekt \u015firketi ile ortakla\u015fa uygulan\u0131yor ve T\u00fcrkiye d\u00fczenleyici kurumlar\u0131 taraf\u0131ndan denetleniyor. Uzmanlar, atmosferdeki do\u011fal radyon\u00fcklidlerin bile\u015fiminin analizi i\u00e7in hava filtre \u00fcnitesinin filtresini de\u011fi\u015ftirdiler ve in\u015faat sahas\u0131n\u0131n \u00e7e\u015fitli noktalar\u0131ndan toprak \u00f6rnekleri ald\u0131lar. \u00d6l\u00e7\u00fcmlerin sonu\u00e7lar\u0131, Akkuyu NGS temsilcileri ve etkinlik kat\u0131l\u0131mc\u0131lar\u0131 taraf\u0131ndan de\u011ferlendirildi.<\/p>\n<p>AKKUYU N\u00dcKLEER Ba\u015f Teknoloji Sorumlu Yard\u0131mc\u0131s\u0131 Tatyana Makarchuk konuya ili\u015fkin olarak \u015funlar\u0131 s\u00f6yledi: \u201c2022 y\u0131l\u0131n\u0131n Haziran ay\u0131nda \u2018s\u0131f\u0131r radyasyon arka plan\u0131n\u0131\u2019 belirlemek i\u00e7in toprak \u00fczerindeki radyasyon oran\u0131n\u0131 \u00f6l\u00e7meye y\u00f6nelik ara\u015ft\u0131rmalara ba\u015flad\u0131k. T\u00fcm \u00f6l\u00e7\u00fcmleri, hidrometeorolojik ara\u015ft\u0131rmalar alan\u0131nda uzman bir kurulu\u015f olan Hidrotekhproekt firmas\u0131n\u0131n temsilcileri ile ger\u00e7ekle\u015ftiriyoruz. 2023 y\u0131l\u0131nda program kapsam\u0131ndaki t\u00fcm \u00f6l\u00e7\u00fcm ve \u00e7al\u0131\u015fmalar\u0131n tamamlanmas\u0131 ve T\u00fcrkiye d\u00fczenleyici kurumlar\u0131ndan ilgili g\u00f6r\u00fc\u015flerin al\u0131nmas\u0131 planlanmaktad\u0131r. Elde edilen veriler sonraki \u00f6l\u00e7\u00fcmlerin temelini olu\u015fturaca\u011f\u0131ndan \u2018s\u0131f\u0131r \u00f6l\u00e7\u00fcm\u2019 \u00e7ok \u00f6nemli bir programd\u0131r. Veriler ilerde, n\u00fckleer santral sahas\u0131ndaki ve \u00e7evresindeki radyasyon arka plan\u0131n\u0131 \u00f6l\u00e7mek i\u00e7in kullan\u0131lacakt\u0131r. Bu t\u00fcr \u00e7al\u0131\u015fmalar, NGS\u2019nin t\u00fcm hizmet s\u00fcresi boyunca ve hizmetten \u00e7\u0131kar\u0131lmas\u0131n\u0131n ard\u0131ndan da y\u00fcr\u00fct\u00fclecektir. T\u00fcm bu \u00e7al\u0131\u015fmalar, IAEA&#8217;n\u0131n d\u00fczenleyici belgeleri ve talimatlar\u0131na uygun olarak yap\u0131lmaktad\u0131r.\u201d<\/p>\n<p>Hidrotekhproekt\u2019in Ba\u015f M\u00fchendis Yard\u0131mc\u0131s\u0131 Sergey Yakovlev de \u015fu ifadeleri kulland\u0131:  \u201c\u0130\u015fletme \u00f6ncesi a\u015famada radyasyonun izlenmesinin temel amac\u0131, NGS in\u015faat sahas\u0131ndaki do\u011fal radyon\u00fcklidleri ve gama radyasyonunu \u00f6l\u00e7mektir. Yani, n\u00fckleer santralin bulundu\u011fu b\u00f6lgede s\u0131f\u0131r arka plan parametrelerinin belirlenmesidir. Hidrotekhproekt, \u00f6nde gelen Rus ve yabanc\u0131 \u015firketlerle radyon\u00fcklidlerin yerini de\u011ferlendirir, \u00f6rnekleri analiz eder ve \u00e7al\u0131\u015fmalar\u0131n sonu\u00e7lar\u0131n\u0131 sunar. A\u015famalardan birini de y\u00fczey havas\u0131ndan numune almak olu\u015fturmaktad\u0131r. Bunun i\u00e7in hava filtreli bir bez kullan\u0131l\u0131yor. Bez, kullan\u0131ld\u0131ktan sonra s\u00f6k\u00fcl\u00fcp incelenmek \u00fczere laboratuvara g\u00f6nderiliyor.\u201d <\/p>\n<p>Assystem ENVY Enerji ve \u00c7evre Yat\u0131r\u0131mlar\u0131 A.\u015e. Proje Y\u00f6neticisi Merve Ac\u0131rl\u0131 da \u015fu de\u011ferlendirmeyi yapt\u0131: \u201cAssystem, 2011 y\u0131l\u0131ndan bu yana Akkuyu NGS sahas\u0131nda radyolojik izleme, jeodinamik, hidrolojik ve hidrojeolojik ara\u015ft\u0131rmalar y\u00fcr\u00fctmektedir. N\u00fckleer santral faaliyete ge\u00e7meden \u00f6nce sahadaki do\u011fal arka plan radyasyon seviyesini \u00f6l\u00e7mek i\u00e7in hava, toprak, yer alt\u0131 ve y\u00fczey suyu, bal\u0131k, a\u011fa\u00e7 ve bitki \u00f6rnekleri topluyoruz. N\u00fckleer santral devreye al\u0131nd\u0131ktan sonra da radyasyon arka plan\u0131n\u0131n d\u00fczenli \u00f6l\u00e7\u00fcmleri yap\u0131lacakt\u0131r. Bu \u00e7al\u0131\u015fmalar, T\u00fcrk mevzuat\u0131 ve IAEA kurallar\u0131na uygun olarak y\u00fcr\u00fct\u00fclmektedir.\u201d<\/p>\n","protected":false},"excerpt":{"rendered":"<p>Akkuyu N\u00fckleer G\u00fc\u00e7 Santrali (NGS) in\u015faat sahas\u0131nda \u201cs\u0131f\u0131r\u201d radyasyon seviyesinin belirlenmesi kapsam\u0131nda etkinlik d\u00fczenlendi. Etkinli\u011fe AKKUYU N\u00dcKLEER ile Akkuyu NGS in\u015faat sahas\u0131n\u0131n parametrelerini takip eden Hidrotekhproekt ve Assystem ENVY Enerji &hellip; <a href=\"https:\/\/akdenizolaygazetesi.com\/?p=22184\" class=\"more-link\">Devam\u0131n\u0131 Oku&#8230;<\/a><\/p>\n","protected":false},"author":2,"featured_media":22185,"comment_status":"open","ping_status":"open","sticky":false,"template":"","format":"standard","meta":[],"categories":[11],"tags":[],"_links":{"self":[{"href":"https:\/\/akdenizolaygazetesi.com\/index.php?rest_route=\/wp\/v2\/posts\/22184"}],"collection":[{"href":"https:\/\/akdenizolaygazetesi.com\/index.php?rest_route=\/wp\/v2\/posts"}],"about":[{"href":"https:\/\/akdenizolaygazetesi.com\/index.php?rest_route=\/wp\/v2\/types\/post"}],"author":[{"embeddable":true,"href":"https:\/\/akdenizolaygazetesi.com\/index.php?rest_route=\/wp\/v2\/users\/2"}],"replies":[{"embeddable":true,"href":"https:\/\/akdenizolaygazetesi.com\/index.php?rest_route=%2Fwp%2Fv2%2Fcomments&post=22184"}],"version-history":[{"count":1,"href":"https:\/\/akdenizolaygazetesi.com\/index.php?rest_route=\/wp\/v2\/posts\/22184\/revisions"}],"predecessor-version":[{"id":22186,"href":"https:\/\/akdenizolaygazetesi.com\/index.php?rest_route=\/wp\/v2\/posts\/22184\/revisions\/22186"}],"wp:featuredmedia":[{"embeddable":true,"href":"https:\/\/akdenizolaygazetesi.com\/index.php?rest_route=\/wp\/v2\/media\/22185"}],"wp:attachment":[{"href":"https:\/\/akdenizolaygazetesi.com\/index.php?rest_route=%2Fwp%2Fv2%2Fmedia&parent=22184"}],"wp:term":[{"taxonomy":"category","embeddable":true,"href":"https:\/\/akdenizolaygazetesi.com\/index.php?rest_route=%2Fwp%2Fv2%2Fcategories&post=22184"},{"taxonomy":"post_tag","embeddable":true,"href":"https:\/\/akdenizolaygazetesi.com\/index.php?rest_route=%2Fwp%2Fv2%2Ftags&post=22184"}],"curies":[{"name":"wp","href":"https:\/\/api.w.org\/{rel}","templated":true}]}}