{"id":22188,"date":"2022-11-10T13:57:43","date_gmt":"2022-11-10T10:57:43","guid":{"rendered":"http:\/\/akdenizolaygazetesi.com\/?p=22188"},"modified":"2022-11-10T13:57:43","modified_gmt":"2022-11-10T10:57:43","slug":"veri-giris-elemani-ve-web-tasarimi-alaninda-duzenlenen-mesleki-yeterlilik-belgesi-sinavlari-sona-erdi","status":"publish","type":"post","link":"https:\/\/akdenizolaygazetesi.com\/?p=22188","title":{"rendered":"Veri giri\u015f eleman\u0131 ve web tasar\u0131m\u0131 alan\u0131nda d\u00fczenlenen mesleki yeterlilik belgesi s\u0131navlar\u0131 sona erdi"},"content":{"rendered":"<p>Akdeniz Belediyesi\u2019nin, Mesleki Yeterlilik ve Belgelendirme Merkezi (MEYEM) i\u015fbirli\u011finde, \u00fcniversite mezunu gen\u00e7lerin \u201cveri giri\u015f eleman\u0131\u201d ve \u201cweb \u00e7oklu ortam geli\u015ftirici (web tasar\u0131mc\u0131)\u201d alan\u0131nda uluslararas\u0131 ge\u00e7erlili\u011fe sahip yeterlilik belgesi sahibi olabilmeleri amac\u0131yla d\u00fczenledi\u011fi kurs sona erdi. Mersin\u2019de bir ilk kez Akdeniz Belediyesi\u2019nce ger\u00e7ekle\u015fen kursta, s\u0131navlar\u0131 ba\u015far\u0131yla bitiren gen\u00e7lere sertifikalar\u0131 verildi.<br \/>\nT\u00f6rene, Akdeniz Belediyesi Ba\u015fkan Yard\u0131mc\u0131s\u0131 Cemil Uzun, Meclis \u00dcyesi \u0130brahim Halil Alu\u00e7, Mesleki Yeterlilik ve Belgelendirme Merkezi (MEYEM) Y\u00f6netim Kurulu Ba\u015fkan\u0131 Turgut \u015eim\u015fek, K\u00fclt\u00fcr ve Sosyal \u0130\u015fler M\u00fcd\u00fcr\u00fc Ali U\u00e7ar ile 2 ay s\u00fcren zorlu e\u011fitimi ve s\u0131navlar\u0131 ba\u015far\u0131yla ge\u00e7ip sertifika almaya hak kazanan kursiyerler kat\u0131ld\u0131.<br \/>\nU\u00e7ar; \u201cMesleki Yeterlilik Belgesi, herkesin verebilece\u011fi bir belge de\u011fildir\u201d<br \/>\nT\u00f6rende ilk s\u00f6z alan K\u00fclt\u00fcr ve Sosyal \u0130\u015fler M\u00fcd\u00fcr\u00fc Ali U\u00e7ar, bir ilki ya\u015faman\u0131n daha hakl\u0131 gururunu ya\u015fad\u0131klar\u0131n\u0131 s\u00f6yledi, mesleki yeterlilik belgesinin \u00f6nemine dikkat \u00e7ekti. Belgenin, uluslararas\u0131 ge\u00e7erlili\u011fi oldu\u011funun alt\u0131n\u0131 \u00e7izen U\u00e7ar, bili\u015fim sekt\u00f6r\u00fcn\u00fcn ara eleman ihtiyac\u0131n\u0131n da bu t\u00fcr e\u011fitim ve s\u0131navlarla \u00f6nemli \u00f6l\u00e7\u00fcde kar\u015f\u0131lanaca\u011f\u0131na i\u015faret ederek; \u201cBelediyemiz ile MEYEM i\u015fbirli\u011finde, veri giri\u015f eleman\u0131 ve web tasar\u0131m\u0131 alan\u0131nda yeterlilik belgesi vermek i\u00e7in s\u0131nav ba\u015flatt\u0131k. Bu belge, sadece MYK taraf\u0131ndan yetkilendirilen kurumlar taraf\u0131ndan verilir. Herkesin her yerde istedi\u011fi zaman verebilece\u011fi bir belge de\u011fildir\u201d dedi.<br \/>\n\u201cMersin\u2019de ilk belgelendirme Akdeniz Belediyesi\u2019nde ger\u00e7ekle\u015fti\u201d<br \/>\nMesleki Yeterlilik ve Belgelendirme Merkezi (MEYEM) Y\u00f6netim Kurulu Ba\u015fkan\u0131 Turgut \u015eim\u015fek de konu\u015fmas\u0131nda, gen\u00e7lere sahip \u00e7\u0131karak bir\u00e7ok ilke imza atan Akdeniz Belediye Ba\u015fkan\u0131 Mustafa G\u00fcltak, Meclis \u00fcyelerine ve birim m\u00fcd\u00fcrlerine te\u015fekk\u00fcr etti. \u015eim\u015fek; \u201cMesleki Yeterlilik Belgesi, \u00f6l\u00fcml\u00fc i\u015f kazalar\u0131n\u0131 \u00f6nlemek amac\u0131yla, tehlikeli ve \u00e7ok tehlikeli sekt\u00f6rlerde ulusal yeterlilik ve ulusal meslek standartlar\u0131n\u0131n olu\u015fturulmas\u0131yla ba\u015flam\u0131\u015f bir s\u00fcre\u00e7. T\u00fcrkiye\u2019de bu sekt\u00f6rde tehlikeli ve \u00e7ok tehlikeli i\u015f kolunda 2 milyon ki\u015fi belgelendirilmi\u015f durumda. Bili\u015fim alan\u0131ndaki ilk belgelendirmeler de Mersin\u2019de Akdeniz Belediyesi\u2019nde ger\u00e7ekle\u015ftirildi\u201d diye konu\u015ftu.<br \/>\nKonu\u015fmalar\u0131n ard\u0131ndan, Akdeniz Belediyesi\u2019nin, il\u00e7e s\u0131n\u0131rlar\u0131 i\u00e7inde ya\u015fayan \u00fcniversite mezunlar\u0131n\u0131n, \u201cMesleki Yeterlilik Belgesi\u201d sahibi olabilmeleri amac\u0131yla Mesleki Yeterlilik ve Belgelendirme Merkezi (MEYEM) i\u015fbirli\u011finde d\u00fczenledi\u011fi, Mersin\u2019de bir ilk olan ve 2 ay s\u00fcren s\u0131navlar\u0131 ba\u015far\u0131yla bitiren 139 kursiyere sertifikalar\u0131 takdim edildi. Belediye konferans salonundaki t\u00f6ren, hat\u0131ra foto\u011fraf\u0131n\u0131n \u00e7ekilmesiyle sona erdi.<br \/>\nMesleki Yeterlilik Belgesi\u2019nin Avantajlar\u0131 Nelerdir?<br \/>\nBu belge, sadece T\u00fcrk Akreditasyon Kurumu taraf\u0131ndan akredite edilen ve Merkezi Yeterlilik Kurumu\u2019nca (MYK) yetkilendirilen belgelendirme kurulu\u015flar\u0131n\u0131n yapt\u0131\u011f\u0131 s\u0131navlar sonras\u0131nda verilebilir. Mesleki Yeterlilik Belgesi; ki\u015finin sahip oldu\u011fu yeterlilikleri resmi olarak belgelendirilmesini sa\u011flay\u0131p belge sahibine nitelikli i\u015f f\u0131rsatlar\u0131 sunuyor.<br \/>\nMYK belgesi, ulusal ve uluslararas\u0131 ge\u00e7erlili\u011fe sahip resmi bir belgedir. Belge sayesinde ki\u015filer, isterlerse yurt d\u0131\u015f\u0131nda da \u00e7al\u0131\u015fma imk\u00e2n\u0131 bulabiliyor. Ayr\u0131ca MYK belgesine sahip ki\u015fileri \u00e7al\u0131\u015ft\u0131ran i\u015fyerleri, 54 aya kadar SGK te\u015fvikleri avantaj\u0131ndan yararlanacak olup, bu durum, MYK belgeli ki\u015filerin i\u015fe al\u0131nmas\u0131nda tercih sebebi olunmas\u0131n\u0131 sa\u011fl\u0131yor. <\/p>\n","protected":false},"excerpt":{"rendered":"<p>Akdeniz Belediyesi\u2019nin, Mesleki Yeterlilik ve Belgelendirme Merkezi (MEYEM) i\u015fbirli\u011finde, \u00fcniversite mezunu gen\u00e7lerin \u201cveri giri\u015f eleman\u0131\u201d ve \u201cweb \u00e7oklu ortam geli\u015ftirici (web tasar\u0131mc\u0131)\u201d alan\u0131nda uluslararas\u0131 ge\u00e7erlili\u011fe sahip yeterlilik belgesi sahibi olabilmeleri &hellip; <a href=\"https:\/\/akdenizolaygazetesi.com\/?p=22188\" class=\"more-link\">Devam\u0131n\u0131 Oku&#8230;<\/a><\/p>\n","protected":false},"author":2,"featured_media":22189,"comment_status":"open","ping_status":"open","sticky":false,"template":"","format":"standard","meta":[],"categories":[2,3,11],"tags":[],"_links":{"self":[{"href":"https:\/\/akdenizolaygazetesi.com\/index.php?rest_route=\/wp\/v2\/posts\/22188"}],"collection":[{"href":"https:\/\/akdenizolaygazetesi.com\/index.php?rest_route=\/wp\/v2\/posts"}],"about":[{"href":"https:\/\/akdenizolaygazetesi.com\/index.php?rest_route=\/wp\/v2\/types\/post"}],"author":[{"embeddable":true,"href":"https:\/\/akdenizolaygazetesi.com\/index.php?rest_route=\/wp\/v2\/users\/2"}],"replies":[{"embeddable":true,"href":"https:\/\/akdenizolaygazetesi.com\/index.php?rest_route=%2Fwp%2Fv2%2Fcomments&post=22188"}],"version-history":[{"count":1,"href":"https:\/\/akdenizolaygazetesi.com\/index.php?rest_route=\/wp\/v2\/posts\/22188\/revisions"}],"predecessor-version":[{"id":22190,"href":"https:\/\/akdenizolaygazetesi.com\/index.php?rest_route=\/wp\/v2\/posts\/22188\/revisions\/22190"}],"wp:featuredmedia":[{"embeddable":true,"href":"https:\/\/akdenizolaygazetesi.com\/index.php?rest_route=\/wp\/v2\/media\/22189"}],"wp:attachment":[{"href":"https:\/\/akdenizolaygazetesi.com\/index.php?rest_route=%2Fwp%2Fv2%2Fmedia&parent=22188"}],"wp:term":[{"taxonomy":"category","embeddable":true,"href":"https:\/\/akdenizolaygazetesi.com\/index.php?rest_route=%2Fwp%2Fv2%2Fcategories&post=22188"},{"taxonomy":"post_tag","embeddable":true,"href":"https:\/\/akdenizolaygazetesi.com\/index.php?rest_route=%2Fwp%2Fv2%2Ftags&post=22188"}],"curies":[{"name":"wp","href":"https:\/\/api.w.org\/{rel}","templated":true}]}}