{"id":22191,"date":"2022-11-10T13:59:37","date_gmt":"2022-11-10T10:59:37","guid":{"rendered":"http:\/\/akdenizolaygazetesi.com\/?p=22191"},"modified":"2022-11-10T13:59:37","modified_gmt":"2022-11-10T10:59:37","slug":"toroslar-atayi-ozlemle-andi","status":"publish","type":"post","link":"https:\/\/akdenizolaygazetesi.com\/?p=22191","title":{"rendered":"TOROSLAR ATA&#8217;YI \u00d6ZLEMLE ANDI"},"content":{"rendered":"<p>Cumhuriyetimizin kurucusu Ulu \u00d6nder Gazi Mustafa Kemal Atat\u00fcrk, ebediyete intikalinin 84&#8217;\u00fcnc\u00fc y\u0131l d\u00f6n\u00fcm\u00fcnde t\u00fcm yurtta oldu\u011fu gibi Toroslar&#8217;da da d\u00fczenlenen t\u00f6renle an\u0131ld\u0131.<\/p>\n<p>Toroslar Belediyesi, Ulu \u00d6nder Atat\u00fcrk&#8217;\u00fc belediye ana hizmet binas\u0131 \u00f6n\u00fcnde d\u00fczenlenen \u00c7elenk Sunma T\u00f6reniyle yad etti. Belediye personelinin ve \u00e7evredeki vatanda\u015flar\u0131n haz\u0131r bulundu\u011fu t\u00f6rene, gelece\u011fimizin umudu minik \u00e7ocuklarda kat\u0131ld\u0131.<\/p>\n<p>Atat\u00fcrk b\u00fcst\u00fc \u00f6n\u00fcnde Belediye Zab\u0131ta ekiplerinin ara\u00e7lar\u0131n\u0131n sirenleriyle ba\u015flayan anma t\u00f6reni, saatler 09.05&#8217;i g\u00f6sterdi\u011fi an da sayg\u0131 duru\u015fu ve ard\u0131ndan \u0130stiklal Mar\u015f\u0131 ile devam etti. Belediye \u00f6n\u00fcndeki bayraklar \u0130stiklal Mar\u015f\u0131 okunurken yar\u0131ya indirildi.<\/p>\n<p>Toroslar Belediye Ba\u015fkan\u0131 Ats\u0131z Af\u015f\u0131n Y\u0131lmaz, Mersin Valili\u011fi&#8217;nin Cumhuriyet Meydan\u0131&#8217;nda d\u00fczenledi\u011fi \u00c7elenk Sunma ve Anma Program\u0131nda kent protokol\u00fcyle bir araya geldi.<\/p>\n","protected":false},"excerpt":{"rendered":"<p>Cumhuriyetimizin kurucusu Ulu \u00d6nder Gazi Mustafa Kemal Atat\u00fcrk, ebediyete intikalinin 84&#8217;\u00fcnc\u00fc y\u0131l d\u00f6n\u00fcm\u00fcnde t\u00fcm yurtta oldu\u011fu gibi Toroslar&#8217;da da d\u00fczenlenen t\u00f6renle an\u0131ld\u0131. Toroslar Belediyesi, Ulu \u00d6nder Atat\u00fcrk&#8217;\u00fc belediye ana hizmet &hellip; <a href=\"https:\/\/akdenizolaygazetesi.com\/?p=22191\" class=\"more-link\">Devam\u0131n\u0131 Oku&#8230;<\/a><\/p>\n","protected":false},"author":2,"featured_media":22192,"comment_status":"open","ping_status":"open","sticky":false,"template":"","format":"standard","meta":[],"categories":[3],"tags":[],"_links":{"self":[{"href":"https:\/\/akdenizolaygazetesi.com\/index.php?rest_route=\/wp\/v2\/posts\/22191"}],"collection":[{"href":"https:\/\/akdenizolaygazetesi.com\/index.php?rest_route=\/wp\/v2\/posts"}],"about":[{"href":"https:\/\/akdenizolaygazetesi.com\/index.php?rest_route=\/wp\/v2\/types\/post"}],"author":[{"embeddable":true,"href":"https:\/\/akdenizolaygazetesi.com\/index.php?rest_route=\/wp\/v2\/users\/2"}],"replies":[{"embeddable":true,"href":"https:\/\/akdenizolaygazetesi.com\/index.php?rest_route=%2Fwp%2Fv2%2Fcomments&post=22191"}],"version-history":[{"count":1,"href":"https:\/\/akdenizolaygazetesi.com\/index.php?rest_route=\/wp\/v2\/posts\/22191\/revisions"}],"predecessor-version":[{"id":22193,"href":"https:\/\/akdenizolaygazetesi.com\/index.php?rest_route=\/wp\/v2\/posts\/22191\/revisions\/22193"}],"wp:featuredmedia":[{"embeddable":true,"href":"https:\/\/akdenizolaygazetesi.com\/index.php?rest_route=\/wp\/v2\/media\/22192"}],"wp:attachment":[{"href":"https:\/\/akdenizolaygazetesi.com\/index.php?rest_route=%2Fwp%2Fv2%2Fmedia&parent=22191"}],"wp:term":[{"taxonomy":"category","embeddable":true,"href":"https:\/\/akdenizolaygazetesi.com\/index.php?rest_route=%2Fwp%2Fv2%2Fcategories&post=22191"},{"taxonomy":"post_tag","embeddable":true,"href":"https:\/\/akdenizolaygazetesi.com\/index.php?rest_route=%2Fwp%2Fv2%2Ftags&post=22191"}],"curies":[{"name":"wp","href":"https:\/\/api.w.org\/{rel}","templated":true}]}}