{"id":22194,"date":"2022-11-10T14:01:05","date_gmt":"2022-11-10T11:01:05","guid":{"rendered":"http:\/\/akdenizolaygazetesi.com\/?p=22194"},"modified":"2022-11-10T14:01:05","modified_gmt":"2022-11-10T11:01:05","slug":"yenisehirde-ataya-saygi-durusu","status":"publish","type":"post","link":"https:\/\/akdenizolaygazetesi.com\/?p=22194","title":{"rendered":"Yeni\u015fehir\u2019de Ata\u2019ya sayg\u0131 duru\u015fu"},"content":{"rendered":"<p>Mersin Yeni\u015fehir Belediyesi, Ulu \u00d6nder Gazi Mustafa Kemal Atat\u00fcrk\u2019\u00fc ebediyete irtihalinin 84\u2019\u00fcnc\u00fc y\u0131l d\u00f6n\u00fcm\u00fc nedeniyle anma t\u00f6reni d\u00fczenledi. Yeni\u015fehir Belediye Ba\u015fkan\u0131 Abdullah \u00d6zyi\u011fit, Cumhuriyet Meydan\u0131\u2019nda d\u00fczenlenen Atat\u00fcrk An\u0131t\u0131\u2019na \u00e7elenk sunma t\u00f6renine kat\u0131l\u0131rken, Yeni\u015fehir Belediyesi ana hizmet binas\u0131 \u00f6n\u00fcnde de Ata\u2019ya sayg\u0131 duru\u015funda bulunuldu.<br \/>\nYeni\u015fehir Belediyesi 10 Kas\u0131m Atat\u00fcrk&#8217;\u00fc Anma G\u00fcn\u00fc ve Atat\u00fcrk Haftas\u0131 nedeniyle anma t\u00f6reni d\u00fczenledi. Atat\u00fcrk An\u0131t\u0131\u2019na \u00e7elenk konulmas\u0131yla ba\u015flayan t\u00f6rene belediye ba\u015fkan yard\u0131mc\u0131lar\u0131, birim m\u00fcd\u00fcrleri ve belediye personelleri kat\u0131ld\u0131. \u00c7elenk sunumunun ard\u0131ndan saatler 09.05\u2019i g\u00f6sterdi\u011fi anda siren sesi e\u015fli\u011finde iki dakikal\u0131k sayg\u0131 duru\u015funda bulunuldu. Sayg\u0131 duru\u015fu ve \u0130stiklal Mar\u015f\u0131\u2019n\u0131n ard\u0131ndan Atat\u00fcrk An\u0131t\u0131\u2019na karanfil b\u0131rak\u0131ld\u0131.<br \/>\nCumhuriyet Meydan\u0131\u2019nda d\u00fczenlenen Atat\u00fcrk An\u0131t\u0131\u2019na \u00e7elenk sunma t\u00f6renine kat\u0131lan Yeni\u015fehir Belediye Ba\u015fkan\u0131 Abdullah \u00d6zyi\u011fit, \u201c \u0130\u015fgal edilmi\u015f topraklardan bir vatan yaratan ve T\u00fcrkiye Cumhuriyeti\u2019ni kuran Ulu \u00d6nderimizi aram\u0131zdan ayr\u0131l\u0131\u015f\u0131n\u0131n 84.y\u0131l\u0131nda sonsuz sayg\u0131 ve \u00f6zlemle an\u0131yoruz. Atat\u00fcrk\u2019\u00fcn \u0131\u015f\u0131\u011f\u0131 s\u00f6nmez, izleri silinmez.\u201ddedi. <\/p>\n","protected":false},"excerpt":{"rendered":"<p>Mersin Yeni\u015fehir Belediyesi, Ulu \u00d6nder Gazi Mustafa Kemal Atat\u00fcrk\u2019\u00fc ebediyete irtihalinin 84\u2019\u00fcnc\u00fc y\u0131l d\u00f6n\u00fcm\u00fc nedeniyle anma t\u00f6reni d\u00fczenledi. Yeni\u015fehir Belediye Ba\u015fkan\u0131 Abdullah \u00d6zyi\u011fit, Cumhuriyet Meydan\u0131\u2019nda d\u00fczenlenen Atat\u00fcrk An\u0131t\u0131\u2019na \u00e7elenk sunma &hellip; <a href=\"https:\/\/akdenizolaygazetesi.com\/?p=22194\" class=\"more-link\">Devam\u0131n\u0131 Oku&#8230;<\/a><\/p>\n","protected":false},"author":2,"featured_media":22195,"comment_status":"open","ping_status":"open","sticky":false,"template":"","format":"standard","meta":[],"categories":[3],"tags":[],"_links":{"self":[{"href":"https:\/\/akdenizolaygazetesi.com\/index.php?rest_route=\/wp\/v2\/posts\/22194"}],"collection":[{"href":"https:\/\/akdenizolaygazetesi.com\/index.php?rest_route=\/wp\/v2\/posts"}],"about":[{"href":"https:\/\/akdenizolaygazetesi.com\/index.php?rest_route=\/wp\/v2\/types\/post"}],"author":[{"embeddable":true,"href":"https:\/\/akdenizolaygazetesi.com\/index.php?rest_route=\/wp\/v2\/users\/2"}],"replies":[{"embeddable":true,"href":"https:\/\/akdenizolaygazetesi.com\/index.php?rest_route=%2Fwp%2Fv2%2Fcomments&post=22194"}],"version-history":[{"count":1,"href":"https:\/\/akdenizolaygazetesi.com\/index.php?rest_route=\/wp\/v2\/posts\/22194\/revisions"}],"predecessor-version":[{"id":22196,"href":"https:\/\/akdenizolaygazetesi.com\/index.php?rest_route=\/wp\/v2\/posts\/22194\/revisions\/22196"}],"wp:featuredmedia":[{"embeddable":true,"href":"https:\/\/akdenizolaygazetesi.com\/index.php?rest_route=\/wp\/v2\/media\/22195"}],"wp:attachment":[{"href":"https:\/\/akdenizolaygazetesi.com\/index.php?rest_route=%2Fwp%2Fv2%2Fmedia&parent=22194"}],"wp:term":[{"taxonomy":"category","embeddable":true,"href":"https:\/\/akdenizolaygazetesi.com\/index.php?rest_route=%2Fwp%2Fv2%2Fcategories&post=22194"},{"taxonomy":"post_tag","embeddable":true,"href":"https:\/\/akdenizolaygazetesi.com\/index.php?rest_route=%2Fwp%2Fv2%2Ftags&post=22194"}],"curies":[{"name":"wp","href":"https:\/\/api.w.org\/{rel}","templated":true}]}}