{"id":22203,"date":"2022-11-11T13:55:36","date_gmt":"2022-11-11T10:55:36","guid":{"rendered":"http:\/\/akdenizolaygazetesi.com\/?p=22203"},"modified":"2022-11-11T13:55:36","modified_gmt":"2022-11-11T10:55:36","slug":"buyuk-onder-ataturk-aramizdan-ayrilisinin-84-yilinda-anildi","status":"publish","type":"post","link":"https:\/\/akdenizolaygazetesi.com\/?p=22203","title":{"rendered":"B\u00dcY\u00dcK \u00d6NDER ATAT\u00dcRK, ARAMIZDAN AYRILI\u015eININ 84. YILINDA ANILDI"},"content":{"rendered":"<p>Mersin B\u00fcy\u00fck\u015fehir Belediye Ba\u015fkan\u0131 Vahap Se\u00e7er, Ulu \u00d6nder Mustafa Kemal Atat\u00fcrk&#8217;\u00fcn aram\u0131zdan ayr\u0131l\u0131\u015f\u0131n\u0131n 84. y\u0131l\u0131 dolay\u0131s\u0131yla d\u00fczenlenen anma t\u00f6renine ve program\u0131na kat\u0131ld\u0131. Cumhuriyet Meydan\u0131&#8217;nda ger\u00e7ekle\u015fen Anma T\u00f6reni&#8217;ne; Mersin Valisi Ali Hamza Pehlivan, Akdeniz B\u00f6lge ve Garnizon Komutan\u0131 Tu\u011famiral Fuat Gedik, Mersin B\u00fcy\u00fck\u015fehir Belediye Ba\u015fkan\u0131 Vahap Se\u00e7er ile kent protokol\u00fc, gaziler, \u00f6\u011frenciler ve \u00e7ok say\u0131da vatanda\u015f kat\u0131l\u0131m sa\u011flad\u0131.<br \/>\n\u00c7elenklerin sunulmas\u0131 ile ba\u015flayan ve saat 09.05&#8217;te siren sesleri e\u015fli\u011finde Ata&#8217;ya sayg\u0131 duru\u015fu ile devam eden t\u00f6renin ard\u0131ndan Ba\u015fkan Vahap Se\u00e7er, baz\u0131 de\u011ferlendirmelerde bulundu.<br \/>\nBa\u015fkan Se\u00e7er: &#8220;Atam\u0131z\u0131n dedi\u011fi gibi, g\u00f6revini en iyi yapanlardan\u0131z&#8221;<br \/>\n\u00dclkede bir siyasi gerginlik ya\u015fand\u0131\u011f\u0131na, ya\u015fanan bu gerginlikten kendisinin de nasibini ald\u0131\u011f\u0131na ve Ankara&#8217;n\u0131n sert esen siyasi r\u00fczgarlar\u0131ndan en \u00e7ok etkilenen belediye ba\u015fkanlar\u0131ndan birisi oldu\u011funa vurgu yapan Ba\u015fkan Se\u00e7er, &#8220;Bug\u00fcn Atam\u0131z\u0131n huzuruna \u00e7\u0131karken kalbimiz ba\u015fka, g\u00f6z\u00fcm\u00fcz ba\u015fka, dilimiz ba\u015fka \u00e7\u0131kmad\u0131k. Biz, Atam\u0131z\u0131n dedi\u011fi gibi, vazifesini en iyi yapanlardan\u0131z ve dolay\u0131s\u0131yla vatan\u0131m\u0131z\u0131 en \u00e7ok sevenlerdeniz&#8221; dedi. Kendisiyle vatan sevgisi konusunda yar\u0131\u015f i\u00e7erisinde olanlar\u0131; bir eksikli\u011fin, bir kompleksin duygusunu ya\u015fayan insanlar olarak niteleyen Ba\u015fkan Se\u00e7er, &#8220;Demokrasilerde hesap verme yeri sand\u0131kt\u0131r, yarg\u0131\u00e7 da milletimizdir. Bizler de hesab\u0131m\u0131z\u0131 sand\u0131kta milletimize verece\u011fiz. O y\u00fczden herkesin siyasi m\u00fccadelesini, demokrasi ve hukuk kurallar\u0131 \u00e7er\u00e7evesinde yapmas\u0131 laz\u0131m&#8221; diye konu\u015ftu.<br \/>\n&#8220;Yap\u0131lan sald\u0131r\u0131lar umurumda bile de\u011fil&#8221;<br \/>\nMersin halk\u0131na seslenerek, T\u00fcrkiye&#8217;nin se\u00e7im s\u00fcrecine girdi\u011fini ve bu s\u00fcre\u00e7te bundan en \u00e7ok etkilenecek siyasi fig\u00fcrlerin ba\u015f\u0131nda belediye ba\u015fkanlar\u0131n\u0131n gelece\u011fini kaydeden Ba\u015fkan Se\u00e7er, &#8220;Mersinli hem\u015fehrilerim rahat olsun. Anamur&#8217;dan \u00c7aml\u0131yayla&#8217;ya kadar, Mersin i\u00e7in \u00e7al\u0131\u015fan bir belediye ba\u015fkanlar\u0131 var. Siyasi tart\u0131\u015fmalara pek kulak kabartmas\u0131nlar. Ba\u015fkanlar\u0131na yap\u0131lan sald\u0131r\u0131, emin olun ki Ba\u015fkanlar\u0131n\u0131n umurunda bile de\u011fil. Mersin&#8217;in selameti i\u00e7in bizlere oy veren vermeyen 1.9 milyon Mersinli hem\u015fehrim benim kalbimdir, benim g\u00f6z\u00fcmd\u00fcr, benim ruhumdur. Ba\u015fkanlar\u0131ndan yana en ufak bir teredd\u00fctleri olmas\u0131n. Hizmetlerimiz adil bir \u015fekilde nas\u0131l bug\u00fcne kadar yap\u0131ld\u0131ysa, bundan sonras\u0131 i\u00e7in de artarak devam edecektir. Bizim m\u00fcr\u015fidimiz ilimdir, bilimdir, irfand\u0131r. Bizim \u00f6nderimiz Mustafa Kemal Atat\u00fcrk&#8217;t\u00fcr&#8221; dedi.<br \/>\n&#8220;100 y\u0131l \u00f6nce ya\u015fanan buhranl\u0131 d\u00f6nemlerden nas\u0131l \u00e7\u0131kt\u0131ysak, bu s\u00fcre\u00e7 de atlat\u0131lacakt\u0131r&#8221;<br \/>\nT\u00fcrkiye bug\u00fcn \u00e7a\u011fda\u015f d\u00fcnyayla rekabet edecek m\u00fccadele i\u00e7erisinde ise, bunun \u00f6nemli bir nedeninin ya da bu g\u00fcc\u00fcn \u00f6nemli bir kayna\u011f\u0131n\u0131n, Cumhuriyet&#8217;in ilk kurulu\u015f y\u0131llar\u0131nda at\u0131lan temeller oldu\u011funu belirten Ba\u015fkan Se\u00e7er, &#8220;Elbette ki Cumhuriyet kuruldu\u011fundan bug\u00fcne akametlere u\u011frad\u0131\u011f\u0131m\u0131z, geli\u015fmemizi engelleyici s\u00fcre\u00e7ler ya\u015fand\u0131, ama her \u015feye ra\u011fmen bug\u00fcn \u00fclkemiz, bir as\u0131r \u00f6nce at\u0131lan o sa\u011flam temellerin etkisiyle dimdik ayakta duruyor&#8221; diye konu\u015ftu.<br \/>\nSiyasetin d\u00f6nemsel olarak zor ve gergin g\u00fcnler ge\u00e7irdi\u011fini, gerek sosyolojik gerekse de toplumsal olarak \u00e7ok da rahat olundu\u011funu s\u00f6ylemenin m\u00fcmk\u00fcn olmad\u0131\u011f\u0131n\u0131 kaydeden Ba\u015fkan Se\u00e7er, &#8220;Fakat, ge\u00e7mi\u015f y\u00fczy\u0131l i\u00e7erisinde ya\u015fanan buhranl\u0131 d\u00f6nemlerden bu toplum nas\u0131l \u00e7\u0131kt\u0131ysa, bu s\u00fcreci de atlatacak ve normal bir s\u00fcrece evrilecektir. Bu a\u015famada Mersin gibi T\u00fcrkiye&#8217;nin \u00f6nemli, stratejik bir kentinin belediye ba\u015fkanl\u0131\u011f\u0131n\u0131 yapan bir siyasi \u015fahsiyet olarak, benim de \u00fczerime d\u00fc\u015fen vazifeyi harfiyen yapmam laz\u0131m. Zaten bu g\u00f6revi yapma \u00e7abas\u0131 i\u00e7erisindeyiz&#8221; ifadelerini kulland\u0131.<\/p>\n","protected":false},"excerpt":{"rendered":"<p>Mersin B\u00fcy\u00fck\u015fehir Belediye Ba\u015fkan\u0131 Vahap Se\u00e7er, Ulu \u00d6nder Mustafa Kemal Atat\u00fcrk&#8217;\u00fcn aram\u0131zdan ayr\u0131l\u0131\u015f\u0131n\u0131n 84. y\u0131l\u0131 dolay\u0131s\u0131yla d\u00fczenlenen anma t\u00f6renine ve program\u0131na kat\u0131ld\u0131. Cumhuriyet Meydan\u0131&#8217;nda ger\u00e7ekle\u015fen Anma T\u00f6reni&#8217;ne; Mersin Valisi Ali &hellip; <a href=\"https:\/\/akdenizolaygazetesi.com\/?p=22203\" class=\"more-link\">Devam\u0131n\u0131 Oku&#8230;<\/a><\/p>\n","protected":false},"author":2,"featured_media":22204,"comment_status":"open","ping_status":"open","sticky":false,"template":"","format":"standard","meta":[],"categories":[2,3,5],"tags":[],"_links":{"self":[{"href":"https:\/\/akdenizolaygazetesi.com\/index.php?rest_route=\/wp\/v2\/posts\/22203"}],"collection":[{"href":"https:\/\/akdenizolaygazetesi.com\/index.php?rest_route=\/wp\/v2\/posts"}],"about":[{"href":"https:\/\/akdenizolaygazetesi.com\/index.php?rest_route=\/wp\/v2\/types\/post"}],"author":[{"embeddable":true,"href":"https:\/\/akdenizolaygazetesi.com\/index.php?rest_route=\/wp\/v2\/users\/2"}],"replies":[{"embeddable":true,"href":"https:\/\/akdenizolaygazetesi.com\/index.php?rest_route=%2Fwp%2Fv2%2Fcomments&post=22203"}],"version-history":[{"count":1,"href":"https:\/\/akdenizolaygazetesi.com\/index.php?rest_route=\/wp\/v2\/posts\/22203\/revisions"}],"predecessor-version":[{"id":22205,"href":"https:\/\/akdenizolaygazetesi.com\/index.php?rest_route=\/wp\/v2\/posts\/22203\/revisions\/22205"}],"wp:featuredmedia":[{"embeddable":true,"href":"https:\/\/akdenizolaygazetesi.com\/index.php?rest_route=\/wp\/v2\/media\/22204"}],"wp:attachment":[{"href":"https:\/\/akdenizolaygazetesi.com\/index.php?rest_route=%2Fwp%2Fv2%2Fmedia&parent=22203"}],"wp:term":[{"taxonomy":"category","embeddable":true,"href":"https:\/\/akdenizolaygazetesi.com\/index.php?rest_route=%2Fwp%2Fv2%2Fcategories&post=22203"},{"taxonomy":"post_tag","embeddable":true,"href":"https:\/\/akdenizolaygazetesi.com\/index.php?rest_route=%2Fwp%2Fv2%2Ftags&post=22203"}],"curies":[{"name":"wp","href":"https:\/\/api.w.org\/{rel}","templated":true}]}}