{"id":22206,"date":"2022-11-11T13:57:29","date_gmt":"2022-11-11T10:57:29","guid":{"rendered":"http:\/\/akdenizolaygazetesi.com\/?p=22206"},"modified":"2022-11-11T13:57:29","modified_gmt":"2022-11-11T10:57:29","slug":"buyuksehir-mersinin-en-ozel-ascilarini-yetistiriyor","status":"publish","type":"post","link":"https:\/\/akdenizolaygazetesi.com\/?p=22206","title":{"rendered":"B\u00dcY\u00dcK\u015eEH\u0130R, MERS\u0130N&#8217;\u0130N EN \u00d6ZEL A\u015e\u00c7ILARINI YET\u0130\u015eT\u0130R\u0130YOR"},"content":{"rendered":"<p>Mersin B\u00fcy\u00fck\u015fehir Belediyesi, engelsiz bir kent amac\u0131yla hayata ge\u00e7irdi\u011fi \u00e7al\u0131\u015fmalar\u0131na bir yenisini daha ekledi. Talep \u00fczerine faaliyete giren Engelsiz Mutfak At\u00f6lyesi&#8217;nde, her g\u00fcn 8 \u00f6zel gereksinimli birey, g\u00fcn\u00fcn men\u00fcs\u00fcn\u00fc haz\u0131rlamak \u00fczere \u00f6\u011fretici \u015fefleri e\u015fli\u011finde t\u00fcm becerilerini ortaya d\u00f6k\u00fcyor. At\u00f6lyenin 3&#8217;\u00fcnc\u00fc g\u00fcn\u00fcnde, g\u00fcn\u00fcn men\u00fcs\u00fc Cupcake ve yayla \u00e7orbas\u0131 i\u00e7in \u00f6nl\u00fcklerini giyip a\u015f\u00e7\u0131 \u015fapkalar\u0131n\u0131 takan \u00f6zel a\u015f\u00e7\u0131lar, nefis bir servis haz\u0131rlad\u0131lar.<br \/>\nGerbo\u011fa: &#8220;Mersin&#8217;e \u00f6zel a\u015f\u00e7\u0131lar yeti\u015ftiriyoruz&#8221;<br \/>\nMersin B\u00fcy\u00fck\u015fehir Belediyesi Sa\u011fl\u0131k \u0130\u015fleri Dairesi&#8217;ne ba\u011fl\u0131 Engelsiz Ya\u015fam Merkezi Engelliler \u015eube M\u00fcd\u00fcr\u00fc Abdullah Gerbo\u011fa, hayata ge\u00e7irilen faaliyet hakk\u0131nda, &#8220;Engelsiz Mutfak At\u00f6lyesi&#8217;nde \u00f6zel a\u015f\u00e7\u0131lar\u0131m\u0131z\u0131 a\u011f\u0131rl\u0131yoruz. Yeni ba\u015flayan bir hizmetimiz. Burada \u00f6zel bireylerimizin hem sosyal beceri kazanmalar\u0131n\u0131, hem de kendi ba\u015flar\u0131na kald\u0131klar\u0131 zaman kendi yiyeceklerini haz\u0131rlayabilecekleri bir at\u00f6lye olu\u015fturduk. \u00c7ok e\u011flenceli ge\u00e7iyor, \u00e7ok da talep var. \u00d6\u011frencilerimiz burada, \u015fef a\u015f\u00e7\u0131m\u0131z e\u015fli\u011finde yemek yapmay\u0131 \u00f6\u011freniyorlar. Mersin&#8217;e \u00f6zel a\u015f\u00e7\u0131lar yeti\u015ftiriyoruz&#8221; diye konu\u015ftu.<br \/>\nG\u00fcrb\u00fcz: &#8220;Burada ald\u0131\u011f\u0131m keyfi hi\u00e7bir yerde almad\u0131m&#8221;<br \/>\n\u00d6zel a\u015f\u00e7\u0131lara usta \u00f6\u011freticilik yapan ve her g\u00fcn 8&#8217;er ki\u015fiden olu\u015fan gruplarla yemek yapmaktan b\u00fcy\u00fck keyif ald\u0131\u011f\u0131n\u0131 ifade eden Durdu G\u00fcrb\u00fcz, &#8220;El becerileri h\u0131zla geli\u015fiyor. Bu da bizi \u00e7ok mutlu ediyor. \u00d6zel \u00e7ocuklar\u0131m\u0131z\u0131n ne kadar yetenekli olduklar\u0131n\u0131 g\u00f6r\u00fcyorum. Her g\u00fcn farkl\u0131 bir yeteneklerini ke\u015ffediyorum. Farkl\u0131 men\u00fcler \u00e7\u0131kart\u0131yoruz. Y\u0131llard\u0131r \u00e7ok a\u015f\u00e7\u0131 yeti\u015ftirdim. Ama burada ald\u0131\u011f\u0131m keyfi hi\u00e7bir yerde almad\u0131m&#8221; dedi.<br \/>\nB\u00fcy\u00fck\u015fehir&#8217;in mutfa\u011f\u0131nda yeti\u015fen \u00f6zel a\u015f\u00e7\u0131lar iddial\u0131<br \/>\n\u00d6zel a\u015f\u00e7\u0131lar da at\u00f6lyedeki memnuniyetlerini, tatl\u0131 s\u00f6zlerle dile getirdi. Hatta yeteneklerini sergileyip MasterChef&#8217;e kat\u0131lmak istedi\u011fini s\u00f6yleyen iddial\u0131 a\u015f\u00e7\u0131lar da oldu.<br \/>\nBu a\u015f\u00e7\u0131lardan Sel\u00e7uk Ya\u011fmur, &#8220;Bug\u00fcnk\u00fc men\u00fcm\u00fcz yayla \u00e7orbas\u0131 ve cupcake. G\u00f6rd\u00fc\u011f\u00fcn\u00fcz \u015fekilde yo\u011furdumuzu \u00e7\u0131rp\u0131yoruz. Arkada\u015flar\u0131m\u0131z pirincimizi kar\u0131\u015ft\u0131r\u0131yor ocakta. Burada olmaktan \u00e7ok mutluyum. Hocam\u0131z\u0131 da \u00e7ok seviyorum. \u0130ddial\u0131y\u0131m, MasterChef&#8217;e kat\u0131lmak istiyorum&#8221; ifadelerini kullan\u0131rken, \u00f6zel a\u015f\u00e7\u0131lardan P\u0131nar Sosa, &#8220;Kek yap\u0131yoruz, mutluyum. Buray\u0131 \u00e7ok seviyorum&#8221; dedi. Gizem Ka\u00e7aman ise duygular\u0131n\u0131, &#8220;Bug\u00fcnk\u00fc men\u00fc; yayla \u00e7orbas\u0131 ve cupcake. \u00c7ok mutluyum. Arkada\u015flar\u0131m\u0131 da \u00e7ok seviyorum&#8221; diye belirtti.<\/p>\n","protected":false},"excerpt":{"rendered":"<p>Mersin B\u00fcy\u00fck\u015fehir Belediyesi, engelsiz bir kent amac\u0131yla hayata ge\u00e7irdi\u011fi \u00e7al\u0131\u015fmalar\u0131na bir yenisini daha ekledi. Talep \u00fczerine faaliyete giren Engelsiz Mutfak At\u00f6lyesi&#8217;nde, her g\u00fcn 8 \u00f6zel gereksinimli birey, g\u00fcn\u00fcn men\u00fcs\u00fcn\u00fc haz\u0131rlamak &hellip; <a href=\"https:\/\/akdenizolaygazetesi.com\/?p=22206\" class=\"more-link\">Devam\u0131n\u0131 Oku&#8230;<\/a><\/p>\n","protected":false},"author":2,"featured_media":22207,"comment_status":"open","ping_status":"open","sticky":false,"template":"","format":"standard","meta":[],"categories":[3],"tags":[],"_links":{"self":[{"href":"https:\/\/akdenizolaygazetesi.com\/index.php?rest_route=\/wp\/v2\/posts\/22206"}],"collection":[{"href":"https:\/\/akdenizolaygazetesi.com\/index.php?rest_route=\/wp\/v2\/posts"}],"about":[{"href":"https:\/\/akdenizolaygazetesi.com\/index.php?rest_route=\/wp\/v2\/types\/post"}],"author":[{"embeddable":true,"href":"https:\/\/akdenizolaygazetesi.com\/index.php?rest_route=\/wp\/v2\/users\/2"}],"replies":[{"embeddable":true,"href":"https:\/\/akdenizolaygazetesi.com\/index.php?rest_route=%2Fwp%2Fv2%2Fcomments&post=22206"}],"version-history":[{"count":1,"href":"https:\/\/akdenizolaygazetesi.com\/index.php?rest_route=\/wp\/v2\/posts\/22206\/revisions"}],"predecessor-version":[{"id":22208,"href":"https:\/\/akdenizolaygazetesi.com\/index.php?rest_route=\/wp\/v2\/posts\/22206\/revisions\/22208"}],"wp:featuredmedia":[{"embeddable":true,"href":"https:\/\/akdenizolaygazetesi.com\/index.php?rest_route=\/wp\/v2\/media\/22207"}],"wp:attachment":[{"href":"https:\/\/akdenizolaygazetesi.com\/index.php?rest_route=%2Fwp%2Fv2%2Fmedia&parent=22206"}],"wp:term":[{"taxonomy":"category","embeddable":true,"href":"https:\/\/akdenizolaygazetesi.com\/index.php?rest_route=%2Fwp%2Fv2%2Fcategories&post=22206"},{"taxonomy":"post_tag","embeddable":true,"href":"https:\/\/akdenizolaygazetesi.com\/index.php?rest_route=%2Fwp%2Fv2%2Ftags&post=22206"}],"curies":[{"name":"wp","href":"https:\/\/api.w.org\/{rel}","templated":true}]}}