{"id":22218,"date":"2022-11-12T16:39:50","date_gmt":"2022-11-12T13:39:50","guid":{"rendered":"http:\/\/akdenizolaygazetesi.com\/?p=22218"},"modified":"2022-11-12T16:39:50","modified_gmt":"2022-11-12T13:39:50","slug":"yenisehir-belediyesinden-narenciye-festivaline-destek","status":"publish","type":"post","link":"https:\/\/akdenizolaygazetesi.com\/?p=22218","title":{"rendered":"Yeni\u015fehir Belediyesinden Narenciye Festivali\u2019ne destek"},"content":{"rendered":"<p>Mersin Yeni\u015fehir Belediye Meclisi Kas\u0131m Ay\u0131 Toplant\u0131s\u0131n\u0131n \u0130kinci Birle\u015fimi, Yeni\u015fehir Belediye Ba\u015fkan\u0131 Abdullah \u00d6zyi\u011fit ba\u015fkanl\u0131\u011f\u0131nda yap\u0131ld\u0131. Meclis\u2019te hafta sonu d\u00fczenlenecek olan 8.Mersin Uluslararas\u0131 Narenciye Festivali\u2019ne 400 bin TL maddi destek verilmesi ile ilgili g\u00fcndem maddesi oy birli\u011fiyle kabul edildi.<br \/>\nYeni\u015fehir Belediye Ba\u015fkan\u0131 Abdullah \u00d6zyi\u011fit,  12-13 Kas\u0131m tarihlerinde Galatasaray Meydan\u0131\u2019nda d\u00fczenlenecek olan 8.Mersin Uluslararas\u0131 Narenciye Festivali\u2019ne t\u00fcm Mersinlileri davet etti. Ba\u015fkan Abdullah \u00d6zyi\u011fit, COVID-19 nedeniyle festivalin iki y\u0131l ger\u00e7ekle\u015ftirilemedi\u011fini ancak bu y\u0131l dolu dolu etkinlikler ile yap\u0131laca\u011f\u0131n\u0131 s\u00f6yleyerek Mersinlilere iki g\u00fcn s\u00fcrecek olan etkinliklere kat\u0131lma \u00e7a\u011fr\u0131s\u0131nda bulundu.\u00d6zyi\u011fit \u201cKentimize de\u011fer katan \u00e7al\u0131\u015fmalar\u0131n, festivallerin devam etmesi i\u00e7in \u00e7abam\u0131z var. Bu \u00e7abay\u0131 desteklemek ad\u0131na d\u00fczenlenecek olan festival i\u00e7in il\u00e7e belediyelerine de 400 bin TL gibi bir bedel d\u00fc\u015f\u00fcyor. Biz de Yeni\u015fehir Belediyesi olarak bu festivalin payda\u015f\u0131y\u0131z ve maddi destekte de bulunuyoruz. 8.Mersin Uluslararas\u0131 Narenciye Festivali, Cumartesi g\u00fcn\u00fc ba\u015fl\u0131yor. Festivalimiz kente renk katan, dolu dolu bir festival. \u0130ki y\u0131l yap\u0131lamad\u0131, ge\u00e7ti\u011fimiz y\u0131llardaki enerjiyi tekrar yakalamak i\u00e7in bir ba\u015flang\u0131\u00e7 olarak g\u00f6r\u00fcyoruz.Bu festivalin \u00f6zelli\u011fi de kent i\u00e7indeki b\u00fct\u00fcn b\u00f6lgelere Akdeniz\u2019e,Toroslar\u2019a her yere dokunan bir festival. 12-13 Kas\u0131m tarihlerinde d\u00fczenlenecek olan 8.Mersin Uluslararas\u0131 Narenciye Festivalimize t\u00fcm hem\u015fehrilerimizi bekliyoruz.\u201d dedi.<br \/>\nSahil band\u0131ndaki Galatasaray Meydan\u0131\u2019nda yap\u0131lacak festivalde Yeni\u015fehir Belediyesi de stant a\u00e7acak. 11 Kas\u0131m Cuma g\u00fcn\u00fc \u015fehir korteji ile ba\u015flayan festivalin a\u00e7\u0131l\u0131\u015f\u0131 12 Kas\u0131m&#8217;da yap\u0131lacak ve ayn\u0131 g\u00fcn O\u011fuzhan Ko\u00e7 konseri ile devam edecek. 2 g\u00fcn boyunca m\u00fczik ve g\u00f6steri gruplar\u0131n\u0131n da sahne alaca\u011f\u0131 Festival, 13 Kas\u0131m&#8217;da Ahmet Baran-Fatih Erko\u00e7 konseri ile sona erecek. <\/p>\n","protected":false},"excerpt":{"rendered":"<p>Mersin Yeni\u015fehir Belediye Meclisi Kas\u0131m Ay\u0131 Toplant\u0131s\u0131n\u0131n \u0130kinci Birle\u015fimi, Yeni\u015fehir Belediye Ba\u015fkan\u0131 Abdullah \u00d6zyi\u011fit ba\u015fkanl\u0131\u011f\u0131nda yap\u0131ld\u0131. Meclis\u2019te hafta sonu d\u00fczenlenecek olan 8.Mersin Uluslararas\u0131 Narenciye Festivali\u2019ne 400 bin TL maddi destek &hellip; <a href=\"https:\/\/akdenizolaygazetesi.com\/?p=22218\" class=\"more-link\">Devam\u0131n\u0131 Oku&#8230;<\/a><\/p>\n","protected":false},"author":2,"featured_media":22219,"comment_status":"open","ping_status":"open","sticky":false,"template":"","format":"standard","meta":[],"categories":[2,3,5],"tags":[],"_links":{"self":[{"href":"https:\/\/akdenizolaygazetesi.com\/index.php?rest_route=\/wp\/v2\/posts\/22218"}],"collection":[{"href":"https:\/\/akdenizolaygazetesi.com\/index.php?rest_route=\/wp\/v2\/posts"}],"about":[{"href":"https:\/\/akdenizolaygazetesi.com\/index.php?rest_route=\/wp\/v2\/types\/post"}],"author":[{"embeddable":true,"href":"https:\/\/akdenizolaygazetesi.com\/index.php?rest_route=\/wp\/v2\/users\/2"}],"replies":[{"embeddable":true,"href":"https:\/\/akdenizolaygazetesi.com\/index.php?rest_route=%2Fwp%2Fv2%2Fcomments&post=22218"}],"version-history":[{"count":1,"href":"https:\/\/akdenizolaygazetesi.com\/index.php?rest_route=\/wp\/v2\/posts\/22218\/revisions"}],"predecessor-version":[{"id":22220,"href":"https:\/\/akdenizolaygazetesi.com\/index.php?rest_route=\/wp\/v2\/posts\/22218\/revisions\/22220"}],"wp:featuredmedia":[{"embeddable":true,"href":"https:\/\/akdenizolaygazetesi.com\/index.php?rest_route=\/wp\/v2\/media\/22219"}],"wp:attachment":[{"href":"https:\/\/akdenizolaygazetesi.com\/index.php?rest_route=%2Fwp%2Fv2%2Fmedia&parent=22218"}],"wp:term":[{"taxonomy":"category","embeddable":true,"href":"https:\/\/akdenizolaygazetesi.com\/index.php?rest_route=%2Fwp%2Fv2%2Fcategories&post=22218"},{"taxonomy":"post_tag","embeddable":true,"href":"https:\/\/akdenizolaygazetesi.com\/index.php?rest_route=%2Fwp%2Fv2%2Ftags&post=22218"}],"curies":[{"name":"wp","href":"https:\/\/api.w.org\/{rel}","templated":true}]}}