{"id":22221,"date":"2022-11-12T16:42:27","date_gmt":"2022-11-12T13:42:27","guid":{"rendered":"http:\/\/akdenizolaygazetesi.com\/?p=22221"},"modified":"2022-11-12T16:42:27","modified_gmt":"2022-11-12T13:42:27","slug":"bayrak-dedenin-hatirasi-yasadigi-mahalledeki-parkta-yasayacak","status":"publish","type":"post","link":"https:\/\/akdenizolaygazetesi.com\/?p=22221","title":{"rendered":"BAYRAK DEDE\u2019N\u0130N HATIRASI YA\u015eADI\u011eI MAHALLEDEK\u0130 PARKTA YA\u015eAYACAK"},"content":{"rendered":"<p>Akdeniz Belediye Meclisi, Kas\u0131m ay\u0131 ikinci birle\u015fimini, M. Mustafa G\u00fcltak Ba\u015fkanl\u0131\u011f\u0131\u2019nda, belediye konferans salonunda ger\u00e7ekle\u015ftirdi.<br \/>\nMeclis\u2019te, Siteler Mahallesi Muhtarl\u0131k binas\u0131 yan\u0131nda bulunan parka; bu mahallede ya\u015fayan, s\u00fcrekli bayrak ta\u015f\u0131yan ve gitti\u011fi her yere de bayrakla giden; 2 y\u0131l \u00f6nce 87 ya\u015f\u0131nda iken tedavi g\u00f6rd\u00fc\u011f\u00fc hastanede vefat eden Mehmet Ali Y\u0131ld\u0131r\u0131m\u2019a ithafen \u201cBayrak Dede Park\u0131\u201d ad\u0131 verilmesini i\u00e7eren teklif g\u00f6r\u00fc\u015f\u00fcld\u00fc.<br \/>\nAkdeniz Belediye Ba\u015fkan\u0131 Mustafa G\u00fcltak\u2019\u0131n, idareden geldi\u011fi gibi Meclis \u00fcyelerinin oylamas\u0131na sundu\u011fu teklifle ilgili tart\u0131\u015fmalar ya\u015fand\u0131. Teklife, Cumhur ittifak\u0131 \u00fcyeleri onay verirken, s\u00f6z konusu parka \u201cBayrak Park\u201d isminin verilmesini talep eden CHP ve HDP\u2019li \u00fcyeler ise oylamada \u00e7ekimser kald\u0131. Nihayetinde ad\u0131 ge\u00e7en parka, \u201cBayrak Dede Park\u0131\u201d ismi verilmesi oy\u00e7oklu\u011fu ile Meclis\u2019ten ge\u00e7mi\u015f oldu.<br \/>\n\u201cAmac\u0131m\u0131z, \u00f6rnek te\u015fkil etmek\u201d<br \/>\nG\u00fcndeme ili\u015fkin ya\u015fanan tart\u0131\u015fmalar \u00fczerine konu\u015fan Akdeniz Belediye Ba\u015fkan\u0131 Mustafa G\u00fcltak, Mersin\u2019de \u2018Bayrak Dede\u2019 olarak bilinen Mehmet Ali Y\u0131ld\u0131r\u0131m\u2019\u0131n, t\u00fcm mahallece sevilen, ilerleyen ya\u015f\u0131na ra\u011fmen herkesin yard\u0131m\u0131na ko\u015fan hay\u0131rsever biri oldu\u011funu ifade etti. \u201cAmac\u0131m\u0131z, bir \u00f6rnek te\u015fkil ederek ilerleyen ya\u015f\u0131na ra\u011fmen her i\u015fe ko\u015fan dedemizin an\u0131s\u0131n\u0131 ya\u015fatmak\u201d diyen Ba\u015fkan G\u00fcltak; \u201cYa\u015fl\u0131lar\u0131m\u0131za de\u011fer vermek zorunday\u0131z. \u0130simden \u00e7ok, bu t\u00fcr g\u00fczelliklere imza atan dedelerimiz ve nenelerimizin unutulmamas\u0131 konusunda bir misyon i\u00e7eriyor. \u00c7ocuklar\u0131m\u0131za, torunlar\u0131m\u0131za anlataca\u011f\u0131m\u0131z hik\u00e2yeler aras\u0131nda bir isim, bir sembol olsun diye park\u0131m\u0131za bu ismi koyduk\u201d \u015feklinde konu\u015ftu.<br \/>\nMersin Narenciye Festivali\u2019ne 400 bin TL destek\u2026<br \/>\nMeclis toplant\u0131s\u0131nda; 8\u2019inci Uluslararas\u0131 Mersin Narenciye Festivaline 400 bin TL katk\u0131 sa\u011flanmas\u0131 oybirli\u011fiyle kabul edildi. Ayr\u0131ca 1-15 Aral\u0131k 2022 tarihlerinde yap\u0131lacak \u201cTFF Grassroots C Lisans Kursu\u201d i\u00e7in ihtiya\u00e7 duyulan ve T\u00fcrkiye Futbol Antren\u00f6rler Derne\u011fi Mersin \u015eubesi taraf\u0131ndan talep edilen malzeme listesinin temini i\u00e7in de \u00fcst limit 100 bin TL +KDV verilmesi oybirli\u011fiyle kabul edildi.<\/p>\n<p>\u00c7ocuklar\u0131n \u00f6nergesi oybirli\u011fiyle Meclisten ge\u00e7ti<br \/>\n\u00d6te yandan, Akdeniz Belediye Ba\u015fkan\u0131 G\u00fcltak\u2019\u0131n daveti \u00fczerine, Mersin \u0130l \u00c7ocuk Haklar\u0131 Komitesi \u00fcyesi \u00e7ocuklar; \u201820 Kas\u0131m D\u00fcnya \u00c7ocuk Haklar\u0131 G\u00fcn\u00fc\u2019 dolay\u0131s\u0131yla Meclis toplant\u0131s\u0131na konuk oldu. \u00c7ocuk Haklar\u0131 S\u00f6zle\u015fmesi\u2019nin \u201cKat\u0131l\u0131m\u201d hakk\u0131n\u0131 g\u00f6zetti\u011fi i\u00e7in Ba\u015fkan G\u00fcltak\u2019a te\u015fekk\u00fcr eden \u00e7ocuklar, s\u00f6zle\u015fmenin \u2018\u00e7ocu\u011fun oyun hakk\u0131\u2019 ilkesi gere\u011fi \u00d6zg\u00fcr \u00c7ocuk Park\u0131\u2019n\u0131n \u00e7ocuk temelli bir hale getirilmesini i\u00e7eren sembolik \u00f6nergeyi Meclis\u2019e sundu. \u00d6nerge, Meclis \u00fcyelerinin oybirli\u011fiyle kabul edildi. Teklifin kabul\u00fc nedeniyle te\u015fekk\u00fcr eden \u00e7ocuklar, Meclis \u00fcyelerini \u00e7ocukluklar\u0131na g\u00f6t\u00fcren \u015fekerlemelerden ikram etti.<br \/>\n\u201c\u00c7ocuklar\u0131m\u0131z g\u00fcld\u00fck\u00e7e, d\u00fcnya \u00e7ok daha g\u00fczel bir hale gelecek\u201d<br \/>\nBa\u015fkan G\u00fcltak da g\u00fcn dolay\u0131s\u0131yla yapt\u0131\u011f\u0131 konu\u015fmada; \u201c\u00c7ocuklar\u0131m\u0131z\u0131 d\u00fc\u015f\u00fcnerek kentlerimize daha fazla ye\u015fil alan, park ve spor tesisi kazand\u0131rmal\u0131y\u0131z. Belediye olarak \u00e7ocuklar\u0131m\u0131z i\u00e7in yaz kamplar\u0131 d\u00fczenliyor, e\u011fitimlerine katk\u0131 sunuyor, sportif etkinliklerle yeteneklerini ke\u015ffediyoruz. Spor kul\u00fcb\u00fc b\u00fcnyesine katt\u0131\u011f\u0131m\u0131z y\u00fczlerce \u00e7ocu\u011fumuzu gelece\u011fe haz\u0131rl\u0131yoruz.<br \/>\n\u00c7ocuklar\u0131m\u0131za, g\u00fczel bir d\u00fcnya, ayd\u0131nl\u0131k gelecek, temiz ve sa\u011fl\u0131kl\u0131 \u00e7evre ve kent sa\u011flamak ve onlara teslim etmek i\u00e7in var g\u00fcc\u00fcm\u00fczle \u00e7al\u0131\u015faca\u011f\u0131z. \u00c7ocuklar\u0131m\u0131z g\u00fcld\u00fck\u00e7e, d\u00fcnya \u00e7ok daha g\u00fczel ve ya\u015fan\u0131las\u0131 bir yer haline gelecek. \u00c7ocuklar\u0131m\u0131z\u0131n hep g\u00fcl\u00fcmsedi\u011fi bir d\u00fcnya umuduyla; g\u00fcl\u00fc\u015fleriyle hayat\u0131 g\u00fczelle\u015ftiren \u00e7ocuklar\u0131m\u0131z\u0131n \u2018D\u00fcnya \u00c7ocuk Haklar\u0131 G\u00fcn\u00fc\u2019 kutlu olsun\u201d dedi.<br \/>\nAkdeniz Belediye Meclisi\u2019nin bir sonraki toplant\u0131s\u0131 5 Aral\u0131k 2022 Pazartesi g\u00fcn\u00fc saat 10:00\u2019da yap\u0131lacak.<\/p>\n","protected":false},"excerpt":{"rendered":"<p>Akdeniz Belediye Meclisi, Kas\u0131m ay\u0131 ikinci birle\u015fimini, M. Mustafa G\u00fcltak Ba\u015fkanl\u0131\u011f\u0131\u2019nda, belediye konferans salonunda ger\u00e7ekle\u015ftirdi. Meclis\u2019te, Siteler Mahallesi Muhtarl\u0131k binas\u0131 yan\u0131nda bulunan parka; bu mahallede ya\u015fayan, s\u00fcrekli bayrak ta\u015f\u0131yan ve &hellip; <a href=\"https:\/\/akdenizolaygazetesi.com\/?p=22221\" class=\"more-link\">Devam\u0131n\u0131 Oku&#8230;<\/a><\/p>\n","protected":false},"author":2,"featured_media":22222,"comment_status":"open","ping_status":"open","sticky":false,"template":"","format":"standard","meta":[],"categories":[34,2,3],"tags":[],"_links":{"self":[{"href":"https:\/\/akdenizolaygazetesi.com\/index.php?rest_route=\/wp\/v2\/posts\/22221"}],"collection":[{"href":"https:\/\/akdenizolaygazetesi.com\/index.php?rest_route=\/wp\/v2\/posts"}],"about":[{"href":"https:\/\/akdenizolaygazetesi.com\/index.php?rest_route=\/wp\/v2\/types\/post"}],"author":[{"embeddable":true,"href":"https:\/\/akdenizolaygazetesi.com\/index.php?rest_route=\/wp\/v2\/users\/2"}],"replies":[{"embeddable":true,"href":"https:\/\/akdenizolaygazetesi.com\/index.php?rest_route=%2Fwp%2Fv2%2Fcomments&post=22221"}],"version-history":[{"count":1,"href":"https:\/\/akdenizolaygazetesi.com\/index.php?rest_route=\/wp\/v2\/posts\/22221\/revisions"}],"predecessor-version":[{"id":22223,"href":"https:\/\/akdenizolaygazetesi.com\/index.php?rest_route=\/wp\/v2\/posts\/22221\/revisions\/22223"}],"wp:featuredmedia":[{"embeddable":true,"href":"https:\/\/akdenizolaygazetesi.com\/index.php?rest_route=\/wp\/v2\/media\/22222"}],"wp:attachment":[{"href":"https:\/\/akdenizolaygazetesi.com\/index.php?rest_route=%2Fwp%2Fv2%2Fmedia&parent=22221"}],"wp:term":[{"taxonomy":"category","embeddable":true,"href":"https:\/\/akdenizolaygazetesi.com\/index.php?rest_route=%2Fwp%2Fv2%2Fcategories&post=22221"},{"taxonomy":"post_tag","embeddable":true,"href":"https:\/\/akdenizolaygazetesi.com\/index.php?rest_route=%2Fwp%2Fv2%2Ftags&post=22221"}],"curies":[{"name":"wp","href":"https:\/\/api.w.org\/{rel}","templated":true}]}}