{"id":22224,"date":"2022-11-12T16:44:11","date_gmt":"2022-11-12T13:44:11","guid":{"rendered":"http:\/\/akdenizolaygazetesi.com\/?p=22224"},"modified":"2022-11-12T16:44:11","modified_gmt":"2022-11-12T13:44:11","slug":"secer-festivaller-marka-sehir-olma-yolunuzu-acar","status":"publish","type":"post","link":"https:\/\/akdenizolaygazetesi.com\/?p=22224","title":{"rendered":"SE\u00c7ER: &#8220;FEST\u0130VALLER, MARKA \u015eEH\u0130R OLMA YOLUNUZU A\u00c7AR&#8221;"},"content":{"rendered":"<p>Mersin&#8217;in narenciye \u00fcr\u00fcn\u00fcn\u00fc yerel, ulusal ve uluslararas\u0131 alanda tan\u0131tmak, narenciye meyvelerinin t\u00fcketimini art\u0131rmak ve marka de\u011ferini y\u00fckseltmek, narenciyede kapasite art\u0131\u015f\u0131 ve pazarlama \u015fans\u0131n\u0131 \u00e7o\u011falt\u0131c\u0131 etki yaratmak amac\u0131yla d\u00fczenlenen Uluslararas\u0131 Narenciye Festivali ile ayr\u0131ca kentin tan\u0131t\u0131m\u0131n\u0131n yap\u0131larak turizminin canland\u0131r\u0131lmas\u0131 ve toplumsal bar\u0131\u015fa katk\u0131 sa\u011flanmas\u0131 hedefleniyor.<\/p>\n<p>Ba\u015fkan Se\u00e7er: &#8220;Ben yurtta\u015flar\u0131m\u0131 kalben \u00e7ok seviyorum&#8221;<\/p>\n<p>Bu y\u0131l 8.&#8217;si d\u00fczenlenen Uluslararas\u0131 Narenciye Festivali&#8217;nin kortej y\u00fcr\u00fcy\u00fc\u015f\u00fc s\u0131ras\u0131nda yapt\u0131\u011f\u0131 de\u011ferlendirmede; geleneksel olarak yap\u0131lan bu festivale, pandemiden dolay\u0131 bir s\u00fcre ara verildi\u011fini, bir narenciye kenti olan Mersin&#8217;in bu festivalle tekrar bulu\u015fmas\u0131n\u0131n \u00e7ok ayr\u0131 bir anlam\u0131 oldu\u011funu belirten Ba\u015fkan Se\u00e7er, ekonomide ve istihdamda \u00e7ok \u00f6nemli bir yeri olan narenciyenin, reklam\u0131n\u0131n da yap\u0131lmas\u0131n\u0131n \u00f6nemli oldu\u011funu vurgulayarak, &#8220;Bu tip festival ve etkinlikler; hem o \u00fcr\u00fcn\u00fcn, hem de o \u00fcr\u00fcn\u00fcn yeti\u015fti\u011fi kentin tan\u0131t\u0131m\u0131 a\u00e7\u0131s\u0131ndan \u00f6nemli&#8221; dedi.<\/p>\n<p>Vatanda\u015flar\u0131n kendisine g\u00f6sterdi\u011fi sevgi ve ilgiyi de yorumlayan Ba\u015fkan Se\u00e7er, &#8220;Vatanda\u015flarla diyalo\u011funuz iyiyse, siz onlar\u0131 seviyorsan\u0131z, herkes de sizi sever. \u00c7\u00fcnk\u00fc kalp kalbe kar\u015f\u0131d\u0131r. Ben yurtta\u015flar\u0131m\u0131 kalben \u00e7ok seviyorum. Onlara hizmet ettik\u00e7e de daha mutlu oluyorum. Herhalde bendeki bu elektrik kendilerine yans\u0131yor ki, onlar da bana kar\u015f\u0131 bu \u015fekilde sevgi g\u00f6steriyorlar&#8221; diye konu\u015ftu.<\/p>\n<p>&#8220;T\u00fcrkiye&#8217;deki narenciye \u00fcretiminin \u00f6nemli bir k\u0131sm\u0131 kentimizden yap\u0131l\u0131yor&#8221;<\/p>\n<p>Festival hakk\u0131nda Cumhuriyet Meydan\u0131&#8217;nda da a\u00e7\u0131klamalarda bulunan Ba\u015fkan Se\u00e7er, Mersin ekonomisine ve istihdam\u0131na \u00f6nemli katk\u0131 sunan narenciye ihracat\u0131n\u0131n yakla\u015f\u0131k olarak yar\u0131s\u0131n\u0131n kentimizden yap\u0131l\u0131\u011f\u0131na dikkat \u00e7ekerek, &#8220;Mersin, \u00f6zellikle limon konusunda \u00e7ok \u00f6nemli bir \u00fcretim merkezi. Buran\u0131n \u00fcr\u00fcnlerinin hem i\u00e7, hem de d\u0131\u015f pazarda daha \u00e7ok kabul g\u00f6rmesi a\u00e7\u0131s\u0131ndan bu tan\u0131t\u0131mlar\u0131 \u00f6nemsiyoruz&#8221; diye konu\u015ftu. Mersin&#8217;in demografik yap\u0131s\u0131na da dikkat \u00e7eken Ba\u015fkan Se\u00e7er, &#8220;Mersin&#8217;i bu \u015fekilde de\u011ferlendirdi\u011finiz zaman, farkl\u0131 k\u00fclt\u00fcrlerden insanlar\u0131n bulu\u015ftu\u011fu bu festivallerin, toplumsal bar\u0131\u015fa ne kadar fayda sa\u011flad\u0131\u011f\u0131n\u0131 daha iyi anlayabilirsiniz. \u00c7\u00fcnk\u00fc, bizim burada toplumsal huzuru da tesis etmemiz laz\u0131m. O a\u00e7\u0131dan \u00e7ok \u00f6nemli bir etkinlik olarak de\u011ferlendiriyorum&#8221; diye konu\u015ftu.<\/p>\n<p>Her y\u00f6neticinin kendisine g\u00f6re bir y\u00f6netim \u015fekli ve olaylara bak\u0131\u015f a\u00e7\u0131s\u0131 oldu\u011funu kaydeden Ba\u015fkan Se\u00e7er, &#8220;Festivaller, konserler ve farkl\u0131 aktivitelerin, bir \u015fehri marka \u015fehir yapma y\u00f6n\u00fcnde \u00f6nemli \u00e7al\u0131\u015fmalar oldu\u011funu d\u00fc\u015f\u00fcn\u00fcyorum. Di\u011fer taraftan bu t\u00fcr etkinlikler kente bir sinerji ve enerji de kazand\u0131r\u0131yor. Mesela ge\u00e7ti\u011fimiz hafta Tarsus&#8217;ta yap\u0131lan festivalin \u00e7ok g\u00fczel d\u00f6n\u00fc\u015fleri oldu. \u00c7\u00fcnk\u00fc herkes mutlu ve keyifliydi. Bu a\u00e7\u0131dan bu t\u00fcr festivalleri ve etkinlikleri \u00fcst\u00fcne katarak, i\u00e7ini daha da doldurarak, kaliteli bir \u015fekilde yapmaya devam edelim&#8221; dedi.<\/p>\n<p>&#8220;Tar\u0131msal destekte hedef kitlemiz k\u00fc\u00e7\u00fck aile i\u015fletmeleri ve kad\u0131nlar&#8221;<\/p>\n<p>De\u011ferlendirmelerinin sonunda narenciyenin de tar\u0131msal bir \u00fcretim oldu\u011fu ger\u00e7e\u011finden hareketle, Mersin&#8217;de tar\u0131m\u0131n \u00f6neminden bahseden Ba\u015fkan Se\u00e7er, &#8220;Biz de Mersin B\u00fcy\u00fck\u015fehir Belediyesi olarak; kendi yetki, sorumluluk ve b\u00fct\u00e7emiz \u00e7er\u00e7evesinde tar\u0131ma \u00f6nem ve destek veriyoruz. Benim de ziraat\u00e7\u0131 olmam, asl\u0131nda buna katk\u0131 yap\u0131yor. \u00c7\u00fcnk\u00fc, bu sekt\u00f6r\u00fcn kentimize sa\u011flayaca\u011f\u0131 de\u011feri \u00e7ok iyi biliyorum ve fark\u0131nday\u0131m. Elbette bizim bu katk\u0131lar\u0131 yaparken hedef kitlemiz, k\u00fc\u00e7\u00fck aile i\u015fletmeleri ve kad\u0131nlar&#8221; dedi.<\/p>\n","protected":false},"excerpt":{"rendered":"<p>Mersin&#8217;in narenciye \u00fcr\u00fcn\u00fcn\u00fc yerel, ulusal ve uluslararas\u0131 alanda tan\u0131tmak, narenciye meyvelerinin t\u00fcketimini art\u0131rmak ve marka de\u011ferini y\u00fckseltmek, narenciyede kapasite art\u0131\u015f\u0131 ve pazarlama \u015fans\u0131n\u0131 \u00e7o\u011falt\u0131c\u0131 etki yaratmak amac\u0131yla d\u00fczenlenen Uluslararas\u0131 Narenciye &hellip; <a href=\"https:\/\/akdenizolaygazetesi.com\/?p=22224\" class=\"more-link\">Devam\u0131n\u0131 Oku&#8230;<\/a><\/p>\n","protected":false},"author":2,"featured_media":22225,"comment_status":"open","ping_status":"open","sticky":false,"template":"","format":"standard","meta":[],"categories":[7,8,34,1,2,3],"tags":[],"_links":{"self":[{"href":"https:\/\/akdenizolaygazetesi.com\/index.php?rest_route=\/wp\/v2\/posts\/22224"}],"collection":[{"href":"https:\/\/akdenizolaygazetesi.com\/index.php?rest_route=\/wp\/v2\/posts"}],"about":[{"href":"https:\/\/akdenizolaygazetesi.com\/index.php?rest_route=\/wp\/v2\/types\/post"}],"author":[{"embeddable":true,"href":"https:\/\/akdenizolaygazetesi.com\/index.php?rest_route=\/wp\/v2\/users\/2"}],"replies":[{"embeddable":true,"href":"https:\/\/akdenizolaygazetesi.com\/index.php?rest_route=%2Fwp%2Fv2%2Fcomments&post=22224"}],"version-history":[{"count":1,"href":"https:\/\/akdenizolaygazetesi.com\/index.php?rest_route=\/wp\/v2\/posts\/22224\/revisions"}],"predecessor-version":[{"id":22226,"href":"https:\/\/akdenizolaygazetesi.com\/index.php?rest_route=\/wp\/v2\/posts\/22224\/revisions\/22226"}],"wp:featuredmedia":[{"embeddable":true,"href":"https:\/\/akdenizolaygazetesi.com\/index.php?rest_route=\/wp\/v2\/media\/22225"}],"wp:attachment":[{"href":"https:\/\/akdenizolaygazetesi.com\/index.php?rest_route=%2Fwp%2Fv2%2Fmedia&parent=22224"}],"wp:term":[{"taxonomy":"category","embeddable":true,"href":"https:\/\/akdenizolaygazetesi.com\/index.php?rest_route=%2Fwp%2Fv2%2Fcategories&post=22224"},{"taxonomy":"post_tag","embeddable":true,"href":"https:\/\/akdenizolaygazetesi.com\/index.php?rest_route=%2Fwp%2Fv2%2Ftags&post=22224"}],"curies":[{"name":"wp","href":"https:\/\/api.w.org\/{rel}","templated":true}]}}