{"id":22227,"date":"2022-11-12T16:45:42","date_gmt":"2022-11-12T13:45:42","guid":{"rendered":"http:\/\/akdenizolaygazetesi.com\/?p=22227"},"modified":"2022-11-12T16:45:42","modified_gmt":"2022-11-12T13:45:42","slug":"atanin-huzuruna-ilk-kez-cikmanin-heyecanini-yasadilar","status":"publish","type":"post","link":"https:\/\/akdenizolaygazetesi.com\/?p=22227","title":{"rendered":"ATA&#8217;NIN HUZURUNA \u0130LK KEZ \u00c7IKMANIN HEYECANINI YA\u015eADILAR"},"content":{"rendered":"<p>Mersin B\u00fcy\u00fck\u015fehir Belediyesi Sosyal Hizmetler Dairesi b\u00fcnyesinde hizmet veren E\u011fitim ve \u00d6\u011fretimi Destekleme Kurs Merkezleri&#8217;nde LGS&#8217;ye haz\u0131rlanan \u00f6\u011frenciler, &#8217;10 Kas\u0131m Atat\u00fcrk&#8217;\u00fc Anma G\u00fcn\u00fc&#8217; dolay\u0131s\u0131yla d\u00fczenlenen Ankara gezisiyle Atat\u00fcrk&#8217;\u00fcn huzuruna \u00e7\u0131kt\u0131. An\u0131tkabir&#8217;e ilk kez gelen 38 \u00f6\u011frenci, Ata&#8217;ya sayg\u0131 duru\u015funun ard\u0131ndan, ilk Meclis binas\u0131 ve Anadolu Medeniyetleri M\u00fczesi&#8217;ni gezdi.<\/p>\n<p>&#8220;An\u0131tkabir&#8217;e hi\u00e7 gelmemi\u015f \u00f6\u011frencilerimizle birlikte buraday\u0131z&#8221;<\/p>\n<p>10 Kas\u0131m&#8217;da Ulu \u00d6nder Mustafa Kemal Atat\u00fcrk&#8217;\u00fc anma dolay\u0131s\u0131yla d\u00fczenlenen program hakk\u0131nda konu\u015fan Halkkent Kurs Merkezi T\u00fcrk Dili ve Edebiyat\u0131 \u00d6\u011fretmeni Mehmet Taner Tazeg\u00fcl, &#8220;Kurs Merkezi \u00f6\u011frencileri ve \u00f6\u011fretmenleri olarak, &#8217;84. y\u0131ld\u00f6n\u00fcm\u00fcnde 84 milyon kalpte&#8217; d\u00fcsturuyla Atam\u0131za sayg\u0131 ve \u015f\u00fckranlar\u0131m\u0131z\u0131 sunmaya geldik. Gerek e\u011fitim, gerek sosyal faaliyetler anlam\u0131nda f\u0131rsat e\u015fitli\u011fini benimsemi\u015f bir kurum olarak, daha \u00f6nce An\u0131tkabir&#8217;e hi\u00e7 gelmemi\u015f \u00f6\u011frencilerimizle birlikte buraday\u0131z&#8221; dedi.<\/p>\n<p>Turgut T\u00fcrkalp Kurs Merkezi Sosyal Bilgiler \u00d6\u011fretmeni An\u0131l Aslan ise, An\u0131tkabir&#8217;de \u00f6\u011frencilerle birlikte, ayn\u0131 \u015f\u00fckran ve minnet duygular\u0131n\u0131 ya\u015faman\u0131n \u00e7ok anlaml\u0131 oldu\u011funu s\u00f6yledi.<\/p>\n<p>&#8220;Yolculuk uzundu ama e\u011flenceliydi&#8221;<\/p>\n<p>\u0130lk kez An\u0131tkabir&#8217;i ziyaret eden \u00f6\u011frenciler de duygular\u0131n\u0131 payla\u015ft\u0131. \u00d6\u011frencilerden Fad\u0131l Ay, \u00e7ok mutlu oldu\u011funu ifade ederek, &#8220;Yolculuk uzundu, ama hem \u00f6\u011fretmenlerimiz, hem de arkada\u015flar\u0131m\u0131zla beraber e\u011flenceli bir yolculuk yapt\u0131k. \u0130lk olarak An\u0131tkabir&#8217;e geldik, sonra ilk Meclis Binas\u0131&#8217;n\u0131 ve m\u00fczeleri gezdik&#8221; dedi.<\/p>\n<p>&#8220;Hem gurur duyuyorum hem de birazc\u0131k h\u00fcz\u00fcnl\u00fc bir g\u00fcn&#8221;<\/p>\n<p>\u00d6\u011frencilerden \u015eeyma \u00d6zpekmek\u00e7i de duygular\u0131n\u0131 ifade ederken, &#8220;Hem gurur duyuyorum, hem de birazc\u0131k h\u00fcz\u00fcnl\u00fc bir g\u00fcn. \u00c7\u00fcnk\u00fc burada ac\u0131 bir \u00f6l\u00fcm\u00fc an\u0131yoruz ve bu y\u00fczden \u00fczg\u00fcn durumday\u0131z. Arkada\u015flar\u0131m\u0131zla buraya geldi\u011fimiz i\u00e7in de mutluyuz. Ba\u015fkan\u0131m\u0131z Vahap Se\u00e7er&#8217;e \u00e7ok te\u015fekk\u00fcr ederiz, bu etkinlikte bize de yer verdi\u011fi i\u00e7in&#8221; diye konu\u015ftu.<\/p>\n<p>&#8220;An\u0131tkabir&#8217;e ilk defa geliyordum ve \u00e7ok heyecenl\u0131yd\u0131m&#8221;<\/p>\n<p>Turgut T\u00fcrkalp Kurs Merkezi&#8217;nden geziye kat\u0131lan \u00f6\u011frencilerden Meva \u015eahino\u011flu ise, &#8220;\u015eu an burada olmak ger\u00e7ekten \u00e7ok heyecan verici ve ger\u00e7ekten h\u00fcz\u00fcnl\u00fc. H\u00fcz\u00fcnl\u00fc olmam\u0131n nedeni Atat\u00fcrk&#8217;\u00fc hi\u00e7 g\u00f6rememi\u015f olmam. \u015eu an gelip en az\u0131ndan geziyorum, bunun i\u00e7in de heyecanl\u0131 ve sevin\u00e7liyim. Buraya geldi\u011fimde ba\u015fta \u00e7ok heyecanl\u0131 ve h\u00fcz\u00fcnl\u00fcyd\u00fcm. \u00c7\u00fcnk\u00fc ilk defa An\u0131tkabir&#8217;e geliyorum ve neyle kar\u015f\u0131la\u015faca\u011f\u0131m\u0131 tam olarak bilmiyordum. Ondan sonra Atat\u00fcrk&#8217;\u00fc g\u00f6rece\u011fim i\u00e7in ekstradan stres, heyecan, her \u015fey \u00e7ok kar\u0131\u015f\u0131k oldu&#8221; ifadelerini kulland\u0131.<\/p>\n<p>\u00d6\u011frencilerden Erdem Yat da, &#8220;Belediyemiz bize 10 Kas\u0131m&#8217;da Atat\u00fcrk&#8217;\u00fc anmak i\u00e7in Ankara&#8217;ya gelme imkan\u0131 verdi. Burada olmak \u00e7ok g\u00fczel bir duygu. Atam\u0131z\u0131 and\u0131\u011f\u0131m\u0131z i\u00e7in hem h\u00fcz\u00fcnl\u00fcy\u00fcz, burada oldu\u011fumuz i\u00e7in de sevin\u00e7liyiz. Atam\u0131z\u0131 seviyoruz&#8221; ifadelerini kulland\u0131.  <\/p>\n","protected":false},"excerpt":{"rendered":"<p>Mersin B\u00fcy\u00fck\u015fehir Belediyesi Sosyal Hizmetler Dairesi b\u00fcnyesinde hizmet veren E\u011fitim ve \u00d6\u011fretimi Destekleme Kurs Merkezleri&#8217;nde LGS&#8217;ye haz\u0131rlanan \u00f6\u011frenciler, &#8217;10 Kas\u0131m Atat\u00fcrk&#8217;\u00fc Anma G\u00fcn\u00fc&#8217; dolay\u0131s\u0131yla d\u00fczenlenen Ankara gezisiyle Atat\u00fcrk&#8217;\u00fcn huzuruna \u00e7\u0131kt\u0131. &hellip; <a href=\"https:\/\/akdenizolaygazetesi.com\/?p=22227\" class=\"more-link\">Devam\u0131n\u0131 Oku&#8230;<\/a><\/p>\n","protected":false},"author":2,"featured_media":22228,"comment_status":"open","ping_status":"open","sticky":false,"template":"","format":"standard","meta":[],"categories":[34,1,2,3,5],"tags":[],"_links":{"self":[{"href":"https:\/\/akdenizolaygazetesi.com\/index.php?rest_route=\/wp\/v2\/posts\/22227"}],"collection":[{"href":"https:\/\/akdenizolaygazetesi.com\/index.php?rest_route=\/wp\/v2\/posts"}],"about":[{"href":"https:\/\/akdenizolaygazetesi.com\/index.php?rest_route=\/wp\/v2\/types\/post"}],"author":[{"embeddable":true,"href":"https:\/\/akdenizolaygazetesi.com\/index.php?rest_route=\/wp\/v2\/users\/2"}],"replies":[{"embeddable":true,"href":"https:\/\/akdenizolaygazetesi.com\/index.php?rest_route=%2Fwp%2Fv2%2Fcomments&post=22227"}],"version-history":[{"count":1,"href":"https:\/\/akdenizolaygazetesi.com\/index.php?rest_route=\/wp\/v2\/posts\/22227\/revisions"}],"predecessor-version":[{"id":22229,"href":"https:\/\/akdenizolaygazetesi.com\/index.php?rest_route=\/wp\/v2\/posts\/22227\/revisions\/22229"}],"wp:featuredmedia":[{"embeddable":true,"href":"https:\/\/akdenizolaygazetesi.com\/index.php?rest_route=\/wp\/v2\/media\/22228"}],"wp:attachment":[{"href":"https:\/\/akdenizolaygazetesi.com\/index.php?rest_route=%2Fwp%2Fv2%2Fmedia&parent=22227"}],"wp:term":[{"taxonomy":"category","embeddable":true,"href":"https:\/\/akdenizolaygazetesi.com\/index.php?rest_route=%2Fwp%2Fv2%2Fcategories&post=22227"},{"taxonomy":"post_tag","embeddable":true,"href":"https:\/\/akdenizolaygazetesi.com\/index.php?rest_route=%2Fwp%2Fv2%2Ftags&post=22227"}],"curies":[{"name":"wp","href":"https:\/\/api.w.org\/{rel}","templated":true}]}}