{"id":22230,"date":"2022-11-12T16:48:14","date_gmt":"2022-11-12T13:48:14","guid":{"rendered":"http:\/\/akdenizolaygazetesi.com\/?p=22230"},"modified":"2022-11-12T16:48:14","modified_gmt":"2022-11-12T13:48:14","slug":"mersinin-en-buyuk-festivali-basladi","status":"publish","type":"post","link":"https:\/\/akdenizolaygazetesi.com\/?p=22230","title":{"rendered":"MERS\u0130N&#8217;\u0130N EN B\u00dcY\u00dcK FEST\u0130VAL\u0130 BA\u015eLADI"},"content":{"rendered":"<p>Mersin&#8217;de, &#8216;Mersin Narenciyedir, Narenciye Hayatt\u0131r&#8217; slogan\u0131 ile d\u00fczenlenen 8. Narenciye Festivali ba\u015flad\u0131.<\/p>\n<p>Adnan Menderes Bulvar\u0131 K\u00fclt\u00fcr Park&#8217;taki festivalin a\u00e7\u0131l\u0131\u015f t\u00f6renine Vali Ali Hamza Pehlivan, B\u00fcy\u00fck\u015fehir Belediye Ba\u015fkan\u0131 Vahap Se\u00e7er, Mersin Ticaret Borsas\u0131 ve Narenciye Festivali \u0130cra Kurulu Ba\u015fkan\u0131 Abdullah \u00d6zdemir, milletvekilleri, il\u00e7e belediye ba\u015fkanlar\u0131, siyasiler, STK temsilcileri ile binlerce vatanda\u015f kat\u0131ld\u0131.<\/p>\n<p>Mersin&#8217;in narenciye \u00fcretimi konusundaki potansiyeline dikkat \u00e7eken Vali Pehlivan, &#8220;Narenciye hem ilimiz hem \u00fclkemiz hem de b\u00fct\u00fcn d\u00fcnya i\u00e7in \u00f6nemli bir \u00fcr\u00fcn deseni. Narenciye C vitamini, lif ve bir\u00e7ok mineralin deposu olarak tan\u0131mlan\u0131yor. Narenciye vitamin, Mersin de narenciye deposudur. D\u00fcnyan\u0131n ve \u00fclkemizin t\u00fcketimine, burada \u00fcretilen \u00fcr\u00fcnlerin \u00e7ok \u00f6nemli bir katk\u0131s\u0131 var. D\u00fcnyada 140&#8217;\u0131n \u00fczerinde \u00fclkede narenciye \u00fcretiliyor ve bunun 5.4 tonu \u00fclkemizde, bu rakam\u0131n 4&#8217;te 1&#8217;i de ilimizde \u00fcretiliyor. Narenciyenin ve turun\u00e7gilin ba\u015fkentiyiz. \u00d6zellikle limonda T\u00fcrkiye geneli \u00fcretim 1 bu\u00e7uk milyon ton, ilimizin \u00fcretimi ise 860 bin ton. Yani y\u00fczde 55&#8217;ine kar\u015f\u0131l\u0131k geliyor. Festivaller kayna\u015fma, bir araya gelme ve adeta soluklanma vesileleridir. Bu festivalde de 300&#8217;e yak\u0131n stant, 30&#8217;a yak\u0131n fig\u00fcrle buralar \u015fenlenmi\u015f durumda. Eme\u011fi ge\u00e7en herkese te\u015fekk\u00fcr ediyorum&#8221; dedi.<\/p>\n<p>Narenciye Festivali&#8217;nin toplumdaki huzur ve bar\u0131\u015f\u0131 sa\u011flayan \u00f6nemli bir etkinli\u011fin oldu\u011funu vurgulayan, B\u00fcy\u00fck\u015fehir Belediye Ba\u015fkan\u0131 Vahap Se\u00e7er ise &#8220;Mersin&#8217;in en ekonomik de\u011ferine sahip tar\u0131m \u00fcr\u00fcn\u00fcn\u00fc tema ald\u0131\u011f\u0131m\u0131z, sadece ekonomik de\u011fil, toplumsal problemlerimizi de \u00e7\u00f6zmemize yard\u0131mc\u0131 olan \u00e7ok \u00f6nemli bir sekt\u00f6r\u00fc, narenciye sekt\u00f6r\u00fcn\u00fc tema ald\u0131k. Hem kentimizin hem \u00fclkemizin en b\u00fcy\u00fck sorunu olan i\u015fsizlik sorununa da \u00f6nemli katk\u0131 yapan bir sekt\u00f6r. Bunlar\u0131 geli\u015ftirmek ve tahkim etmek, hem ekonomik hem de toplumsal olarak Mersinimize katk\u0131 sunacak. Bu festivaller de hem Mersinimizin tan\u0131t\u0131m\u0131na hem de bu g\u00fczel insanlar\u0131n bir araya gelmesine \u00f6nemli katk\u0131 sunuyor. Mersin T\u00fcrkiye demektir, T\u00fcrkiye&#8217;nin \u00f6zeti demektir&#8221; diye konu\u015ftu.<\/p>\n<p>&#8220;EMEK, EK\u0130P RUHU, DAYANI\u015eMA, HAYAL G\u00dcC\u00dc, SANAT VE ENERJ\u0130 VAR&#8221;<br \/>\nMersin Ticaret Borsas\u0131 ve Narenciye Festivali \u0130cra Kurulu Ba\u015fkan\u0131 Abdullah \u00d6zdemir ise festivalin T\u00fcrkiye&#8217;de ilk ve tek olma \u00f6zelli\u011fi ta\u015f\u0131d\u0131\u011f\u0131n\u0131 vurgulayarak \u015funlar\u0131 kaydetti:<br \/>\n&#8220;Mersin ile \u00f6zde\u015fle\u015fmi\u015f, ortak paydam\u0131z olan narenciye etraf\u0131nda, kentimizin t\u00fcm dinamikleri olarak el ele verdik, tek v\u00fccut olduk. Festivalimiz b\u00f6ylesine g\u00fc\u00e7l\u00fc birlik ve beraberlik ile Mersinimizin neler ba\u015farabilece\u011finin en somut, en g\u00fczel \u00f6rne\u011fidir. \u0130lmek ilmek i\u015fledi\u011fimiz fig\u00fcrlerimiz ile tam bir g\u00f6rsel \u015f\u00f6len sunuyoruz. Olu\u015fturdu\u011fumuz bu narenciye d\u00fcnyas\u0131nda emek, ekip ruhu, dayan\u0131\u015fma, hayal g\u00fcc\u00fc, sanat ve enerji var. \u00dclkemizde yap\u0131lan bir\u00e7ok meyve festivali var. Mersin Narenciye Festivali&#8217;ni di\u011ferlerinden ay\u0131ran bir farkl\u0131l\u0131\u011f\u0131 var. Bu farkl\u0131l\u0131k, narenciye \u00fcr\u00fcnlerinin bizzat kendisinin s\u00fcsleme arac\u0131 olarak kullan\u0131lmas\u0131d\u0131r. S\u00fcslemelerde kullan\u0131lan 100 bin kilogram, 500 bin adet narenciye var. G\u00fcnde ortalama 70 ki\u015fi ile 10 bin saati a\u015fan i\u015f g\u00fcc\u00fc var. Bu \u00f6zelli\u011fi ile festivalimiz, T\u00fcrkiye&#8217;nin ilk, tek ve en g\u00f6rkemli festivalidir. Buradaki \u00fcr\u00fcnleri festival sonunda halk\u0131m\u0131za da\u011f\u0131taca\u011f\u0131z.&#8221;<\/p>\n<p>Konu\u015fmalar\u0131n ard\u0131ndan festivalin start\u0131 resmen verilirken, narenciye \u00e7e\u015fmesinden portakal suyu i\u00e7en ve halka ikram eden protokol \u00fcyeleri, daha sonra alandaki stantlar\u0131 gezerek vatanda\u015flarla sohbet etti. 7&#8217;den 77&#8217;ye binlerce Mersinlinin yer ald\u0131\u011f\u0131 festival alan\u0131nda renkli g\u00f6r\u00fcnt\u00fcler olu\u015ftu.<\/p>\n","protected":false},"excerpt":{"rendered":"<p>Mersin&#8217;de, &#8216;Mersin Narenciyedir, Narenciye Hayatt\u0131r&#8217; slogan\u0131 ile d\u00fczenlenen 8. Narenciye Festivali ba\u015flad\u0131. Adnan Menderes Bulvar\u0131 K\u00fclt\u00fcr Park&#8217;taki festivalin a\u00e7\u0131l\u0131\u015f t\u00f6renine Vali Ali Hamza Pehlivan, B\u00fcy\u00fck\u015fehir Belediye Ba\u015fkan\u0131 Vahap Se\u00e7er, Mersin &hellip; <a href=\"https:\/\/akdenizolaygazetesi.com\/?p=22230\" class=\"more-link\">Devam\u0131n\u0131 Oku&#8230;<\/a><\/p>\n","protected":false},"author":2,"featured_media":22231,"comment_status":"open","ping_status":"open","sticky":false,"template":"","format":"standard","meta":[],"categories":[34,2,3,5],"tags":[],"_links":{"self":[{"href":"https:\/\/akdenizolaygazetesi.com\/index.php?rest_route=\/wp\/v2\/posts\/22230"}],"collection":[{"href":"https:\/\/akdenizolaygazetesi.com\/index.php?rest_route=\/wp\/v2\/posts"}],"about":[{"href":"https:\/\/akdenizolaygazetesi.com\/index.php?rest_route=\/wp\/v2\/types\/post"}],"author":[{"embeddable":true,"href":"https:\/\/akdenizolaygazetesi.com\/index.php?rest_route=\/wp\/v2\/users\/2"}],"replies":[{"embeddable":true,"href":"https:\/\/akdenizolaygazetesi.com\/index.php?rest_route=%2Fwp%2Fv2%2Fcomments&post=22230"}],"version-history":[{"count":1,"href":"https:\/\/akdenizolaygazetesi.com\/index.php?rest_route=\/wp\/v2\/posts\/22230\/revisions"}],"predecessor-version":[{"id":22232,"href":"https:\/\/akdenizolaygazetesi.com\/index.php?rest_route=\/wp\/v2\/posts\/22230\/revisions\/22232"}],"wp:featuredmedia":[{"embeddable":true,"href":"https:\/\/akdenizolaygazetesi.com\/index.php?rest_route=\/wp\/v2\/media\/22231"}],"wp:attachment":[{"href":"https:\/\/akdenizolaygazetesi.com\/index.php?rest_route=%2Fwp%2Fv2%2Fmedia&parent=22230"}],"wp:term":[{"taxonomy":"category","embeddable":true,"href":"https:\/\/akdenizolaygazetesi.com\/index.php?rest_route=%2Fwp%2Fv2%2Fcategories&post=22230"},{"taxonomy":"post_tag","embeddable":true,"href":"https:\/\/akdenizolaygazetesi.com\/index.php?rest_route=%2Fwp%2Fv2%2Ftags&post=22230"}],"curies":[{"name":"wp","href":"https:\/\/api.w.org\/{rel}","templated":true}]}}