{"id":2224,"date":"2020-11-04T18:22:44","date_gmt":"2020-11-04T15:22:44","guid":{"rendered":"http:\/\/mersinekonomipolitikagazetesi.com\/?p=2224"},"modified":"2020-11-04T18:22:44","modified_gmt":"2020-11-04T15:22:44","slug":"idmanyurdu-1925-teknik-direktor-nacir-ile-anlasti","status":"publish","type":"post","link":"https:\/\/akdenizolaygazetesi.com\/?p=2224","title":{"rendered":"\u0130dmanyurdu 1925, teknik direkt\u00f6r Nacir ile anla\u015ft\u0131"},"content":{"rendered":"<p>Bu sezon Mersin S\u00fcper Amat\u00f6r Lig&#8217;de m\u00fccadele edecek olan \u0130dmanyurdu 1925 tak\u0131m\u0131, teknik direkt\u00f6r Mehmet Nacir ile anla\u015ft\u0131.\u00a0<br \/>\nFutbola Mersin\u2019de ba\u015flayan ve daha sonra 12 y\u0131l profesyonel liglerde oynayan Mehmet Nacir, s\u0131ras\u0131 ile Aksarayspor, Ceyhanspor, Nev\u015fehir, Bayburt, Mersin \u0130dmanyurdu, Orduspor, Mersin B\u00fcy\u00fck\u015fehir Belediye, Ankara G\u00f6lba\u015f\u0131 gibi tak\u0131mlarda teknik direkt\u00f6rl\u00fck yapt\u0131.\u00a0<br \/>\n\u0130dmanyurdu 1925 Kul\u00fcp Ba\u015fkan\u0131 Hamit \u0130zol, &#8220;Teknik direkt\u00f6r\u00fcm\u00fcz Mehmet Nacir, kendini kan\u0131tlam\u0131\u015f bir isim. Onunla bu sezon S\u00fcper Amat\u00f6r Lig&#8217;de ba\u015far\u0131lara imza ataca\u011f\u0131m\u0131za inan\u0131yorum. \u0130lk hedefimiz S\u00fcper Amat\u00f6r\u2019de \u015fampiyon olmak ve BAL\u2019da m\u00fccadele etmektir. Bununla ilgili gerekli t\u00fcm \u00e7al\u0131\u015fmalar\u0131 aral\u0131ks\u0131z olarak s\u00fcrd\u00fcr\u00fcyoruz\u201d dedi.\u00a0<\/p>\n","protected":false},"excerpt":{"rendered":"<p>Bu sezon Mersin S\u00fcper Amat\u00f6r Lig&#8217;de m\u00fccadele edecek olan \u0130dmanyurdu 1925 tak\u0131m\u0131, teknik direkt\u00f6r Mehmet Nacir ile anla\u015ft\u0131.\u00a0 Futbola Mersin\u2019de ba\u015flayan ve daha sonra 12 y\u0131l profesyonel liglerde oynayan Mehmet &hellip; <a href=\"https:\/\/akdenizolaygazetesi.com\/?p=2224\" class=\"more-link\">Devam\u0131n\u0131 Oku&#8230;<\/a><\/p>\n","protected":false},"author":1,"featured_media":0,"comment_status":"open","ping_status":"open","sticky":false,"template":"","format":"standard","meta":[],"categories":[],"tags":[],"_links":{"self":[{"href":"https:\/\/akdenizolaygazetesi.com\/index.php?rest_route=\/wp\/v2\/posts\/2224"}],"collection":[{"href":"https:\/\/akdenizolaygazetesi.com\/index.php?rest_route=\/wp\/v2\/posts"}],"about":[{"href":"https:\/\/akdenizolaygazetesi.com\/index.php?rest_route=\/wp\/v2\/types\/post"}],"author":[{"embeddable":true,"href":"https:\/\/akdenizolaygazetesi.com\/index.php?rest_route=\/wp\/v2\/users\/1"}],"replies":[{"embeddable":true,"href":"https:\/\/akdenizolaygazetesi.com\/index.php?rest_route=%2Fwp%2Fv2%2Fcomments&post=2224"}],"version-history":[{"count":0,"href":"https:\/\/akdenizolaygazetesi.com\/index.php?rest_route=\/wp\/v2\/posts\/2224\/revisions"}],"wp:attachment":[{"href":"https:\/\/akdenizolaygazetesi.com\/index.php?rest_route=%2Fwp%2Fv2%2Fmedia&parent=2224"}],"wp:term":[{"taxonomy":"category","embeddable":true,"href":"https:\/\/akdenizolaygazetesi.com\/index.php?rest_route=%2Fwp%2Fv2%2Fcategories&post=2224"},{"taxonomy":"post_tag","embeddable":true,"href":"https:\/\/akdenizolaygazetesi.com\/index.php?rest_route=%2Fwp%2Fv2%2Ftags&post=2224"}],"curies":[{"name":"wp","href":"https:\/\/api.w.org\/{rel}","templated":true}]}}