{"id":22242,"date":"2022-11-12T22:15:05","date_gmt":"2022-11-12T19:15:05","guid":{"rendered":"http:\/\/akdenizolaygazetesi.com\/?p=22242"},"modified":"2022-11-12T22:15:05","modified_gmt":"2022-11-12T19:15:05","slug":"baskan-secer-8-mersin-uluslararasi-narenciye-festivalinin-acilis-torenine-katildi","status":"publish","type":"post","link":"https:\/\/akdenizolaygazetesi.com\/?p=22242","title":{"rendered":"BA\u015eKAN SE\u00c7ER, 8. MERS\u0130N ULUSLARARASI NARENC\u0130YE FEST\u0130VAL\u0130&#8217;N\u0130N A\u00c7ILI\u015e T\u00d6REN\u0130NE KATILDI"},"content":{"rendered":"<p>Mersin B\u00fcy\u00fck\u015fehir Belediye Ba\u015fkan\u0131 Vahap Se\u00e7er, 8. Mersin Uluslararas\u0131 Narenciye Festivali&#8217;nin a\u00e7\u0131l\u0131\u015f t\u00f6renine kat\u0131ld\u0131. K\u00fclt\u00fcr Park s\u0131n\u0131rlar\u0131 i\u00e7erisindeki Galatasaray Meydan\u0131&#8217;ndaki geni\u015f alanda, karnaval havas\u0131nda ve co\u015fkuyla ba\u015flayan festivale, Mersinliler ilk saatlerden itibaren b\u00fcy\u00fck ilgi g\u00f6sterdi. De\u011fi\u015fik stantlar\u0131n kuruldu\u011fu alanda, narenciye \u00fcr\u00fcnleriyle s\u00fcslenen fig\u00fcrler sergilendi.<\/p>\n<p>Meydan\u0131 saran co\u015fku, a\u00e7\u0131l\u0131\u015f t\u00f6renine de yans\u0131d\u0131. Mersin Valisi Ali Hamza Pehlivan, Mersin B\u00fcy\u00fck\u015fehir Belediye Ba\u015fkan\u0131 Vahap Se\u00e7er ve Festival \u0130cra Kurulu Ba\u015fkan\u0131 Abdullah \u00d6zdemir festivale dair konu\u015fmalar yapt\u0131.<\/p>\n<p>Ba\u015fkan Se\u00e7er: &#8220;Narenciye sekt\u00f6r\u00fcn\u00fcn, istihdama da katk\u0131s\u0131 var&#8221;<\/p>\n<p>Festivallerin, bir kentin tan\u0131t\u0131m\u0131 ve insanlar\u0131n bir araya gelmesini sa\u011flayan \u00f6zel bir etkisinin oldu\u011funu belirten Ba\u015fkan Se\u00e7er, &#8220;Bu festivalde limonla, portakalla, greyfurtla an\u0131lan Mersin&#8217;in en \u00f6nemli ekonomik de\u011ferine sahip tar\u0131m \u00fcr\u00fcn\u00fc, sadece ekonomik de\u011fil toplumsal problemlerimizi de \u00e7\u00f6zmemize yard\u0131mc\u0131 olan \u00e7ok \u00f6nemli bir sekt\u00f6r, yani narenciye sekt\u00f6r\u00fc tema olarak al\u0131nd\u0131. Bu sekt\u00f6r, kentimizin ekonomisine \u00f6nemli destek vermesinin yan\u0131 s\u0131ra, istihdama da y\u00f6nelik de katk\u0131 sunan bir sekt\u00f6r&#8221; dedi. Tar\u0131m sekt\u00f6r\u00fcn\u00fcn, yo\u011fun emek verilen bir sekt\u00f6r oldu\u011fu ger\u00e7e\u011fini dile getiren Ba\u015fkan Se\u00e7er, bunlar\u0131 geli\u015ftirmenin ve tahkim etmenin, hem ekonomik hem de toplumsal olarak Mersin&#8217;e katk\u0131 sunaca\u011f\u0131n\u0131 vurgulad\u0131.<\/p>\n<p>&#8220;Festivaller, toplumsal bar\u0131\u015fa ve huzura \u00f6nemli katk\u0131 sa\u011flar&#8221;<\/p>\n<p>Mersin&#8217;in g\u00f6\u00e7lerle b\u00fcy\u00fcyen ve T\u00fcrkiye&#8217;nin \u00f6zeti say\u0131labilecek bir kent oldu\u011funa dikkat \u00e7eken Ba\u015fkan Se\u00e7er, &#8220;Mersin&#8217;in toplumsal huzuruna, bar\u0131\u015f\u0131na katk\u0131 sa\u011flayacak \u00f6nemli bir etkinlik i\u00e7in buraday\u0131z. Her y\u00f6reden insan\u0131m\u0131z burada karde\u015f\u00e7e bir arada. \u0130\u015fte bunu topluma hat\u0131rlatmak i\u00e7in, festivaller ekonomiden \u00e7ok daha \u00f6nemlidir. Ekonomimiz s\u0131k\u0131nt\u0131l\u0131 olabilir \u00e7\u00f6zeriz, ama toplumsal huzurumuzun ka\u00e7t\u0131\u011f\u0131 bir noktada kolay de\u011fildir bunlar&#8221; diye konu\u015ftu.<\/p>\n<p>B\u00fcy\u00fck bir aile olduklar\u0131n\u0131 vurgulayan ve festivalin hayata ge\u00e7mesinde emek veren t\u00fcm kurum ve kurulu\u015flara te\u015fekk\u00fcr eden Ba\u015fkan Se\u00e7er, &#8220;Atat\u00fcrk&#8217;\u00fcm\u00fcz\u00fcn \u00e7ok \u00f6nemli bir s\u00f6z\u00fc var Mersin&#8217;le ilgili; &#8216;Mersinliler Mersin&#8217;e sahip \u00e7\u0131k\u0131n\u0131z.&#8217; Bu s\u00f6z elbette her d\u00f6nem \u00e7ok \u00f6nemliydi, ama \u015fu d\u00f6nemde daha fazla \u00f6nemli. Ben de buradan Mersinlilere sesleniyorum; &#8220;Mersinliler Mersin&#8217;e sahip \u00e7\u0131k\u0131n\u0131z.&#8221; ifadelerini kulland\u0131.<\/p>\n<p>Vali Pehlivan: &#8220;Narenciye vitamin deposu, Mersin de narenciye deposu&#8221;<\/p>\n<p>Narenciyenin hem ilimiz, hem \u00fclkemiz, hem de d\u00fcnya i\u00e7in \u00f6nemli bir \u00fcr\u00fcn oldu\u011funu belirten Mersin Valisi Ali Hamza Pehlivan; narenciyenin vitamin deposu, Mersin&#8217;in de narenciye deposu oldu\u011funu ifade etti. \u00dclkemizin ve d\u00fcnyan\u0131n t\u00fcketimine, burada \u00fcretilen \u00fcr\u00fcnlerin \u00e7ok \u00f6nemli bir katk\u0131s\u0131 oldu\u011funu dile getiren Vali Pehlivan, &#8220;Festivaller ayn\u0131 zamanda; kayna\u015fma, bir araya gelme, festivalin temas\u0131n\u0131 olu\u015fturan konularla ilgili bilgi al\u0131\u015fveri\u015finde bulunma, buna zeminler olu\u015fturma ve biraz da tabii ki i\u015fin e\u011flence boyutunu i\u00e7erir. Bu festival kapsam\u0131nda, 300&#8217;e yak\u0131n stant ve 30&#8217;a yak\u0131n fig\u00fcr ile buralar \u015fenlenmi\u015f durumda. Binlerce vatanda\u015f\u0131m\u0131z geliyor. \u0130n\u015fallah \u00f6n\u00fcm\u00fczdeki y\u0131l daha da geni\u015f kapsaml\u0131 bir festivali hep birlikte yapaca\u011f\u0131z&#8221; dedi.<\/p>\n<p>\u00d6zdemir: &#8220;Festivalde yer alan fig\u00fcrler, 500 bin adet narenciye ile s\u00fcslendi&#8221;<\/p>\n<p>Festival \u0130cra Kurulu Ba\u015fkan\u0131 Abdullah \u00d6zdemir de, T\u00fcrkiye narenciye \u00fcretiminin y\u00fczde 26&#8217;s\u0131n\u0131n, \u00fclkemiz narenciye ihracat\u0131n\u0131n da y\u00fczde 36&#8217;s\u0131n\u0131n Mersin&#8217;e ait oldu\u011funu belirterek,  Mersin&#8217;in ihracat gelirinin y\u00fczde 15&#8217;inin de narenciyeden geldi\u011fini kaydetti. Narenciye Festivali&#8217;nde yer alan fig\u00fcrlerin 500 bin adet narenciye ile s\u00fcslendi\u011fini, bu anlamda di\u011fer festivallerden farkl\u0131 oldu\u011funu ifade eden \u00d6zdemir, &#8220;Bug\u00fcn burada Mersin&#8217;in en b\u00fcy\u00fck ve en co\u015fkulu bulu\u015fmas\u0131na bir kez daha ev sahipli\u011fi yap\u0131yoruz. Mersin ile \u00f6zde\u015fle\u015fmi\u015f, ortak paydam\u0131z olan narenciye etraf\u0131nda, kentimizin t\u00fcm dinamikleri yine el ele verdik, kenetlendik ve tek v\u00fccut olduk. 2 g\u00fcn boyunca devam edecek olan festivalimizde g\u00f6steri gruplar\u0131ndan defilesine, gastroshowdan flyboard su g\u00f6sterisine, kentimizin t\u00fcm de\u011ferlerini sergileyen stantlar\u0131m\u0131zdan konserlere kadar \u00e7ok geni\u015f bir yelpazede etkinliklerimiz var&#8221; dedi.<\/p>\n","protected":false},"excerpt":{"rendered":"<p>Mersin B\u00fcy\u00fck\u015fehir Belediye Ba\u015fkan\u0131 Vahap Se\u00e7er, 8. Mersin Uluslararas\u0131 Narenciye Festivali&#8217;nin a\u00e7\u0131l\u0131\u015f t\u00f6renine kat\u0131ld\u0131. K\u00fclt\u00fcr Park s\u0131n\u0131rlar\u0131 i\u00e7erisindeki Galatasaray Meydan\u0131&#8217;ndaki geni\u015f alanda, karnaval havas\u0131nda ve co\u015fkuyla ba\u015flayan festivale, Mersinliler ilk &hellip; <a href=\"https:\/\/akdenizolaygazetesi.com\/?p=22242\" class=\"more-link\">Devam\u0131n\u0131 Oku&#8230;<\/a><\/p>\n","protected":false},"author":2,"featured_media":22243,"comment_status":"open","ping_status":"open","sticky":false,"template":"","format":"standard","meta":[],"categories":[2,3,5],"tags":[],"_links":{"self":[{"href":"https:\/\/akdenizolaygazetesi.com\/index.php?rest_route=\/wp\/v2\/posts\/22242"}],"collection":[{"href":"https:\/\/akdenizolaygazetesi.com\/index.php?rest_route=\/wp\/v2\/posts"}],"about":[{"href":"https:\/\/akdenizolaygazetesi.com\/index.php?rest_route=\/wp\/v2\/types\/post"}],"author":[{"embeddable":true,"href":"https:\/\/akdenizolaygazetesi.com\/index.php?rest_route=\/wp\/v2\/users\/2"}],"replies":[{"embeddable":true,"href":"https:\/\/akdenizolaygazetesi.com\/index.php?rest_route=%2Fwp%2Fv2%2Fcomments&post=22242"}],"version-history":[{"count":1,"href":"https:\/\/akdenizolaygazetesi.com\/index.php?rest_route=\/wp\/v2\/posts\/22242\/revisions"}],"predecessor-version":[{"id":22244,"href":"https:\/\/akdenizolaygazetesi.com\/index.php?rest_route=\/wp\/v2\/posts\/22242\/revisions\/22244"}],"wp:featuredmedia":[{"embeddable":true,"href":"https:\/\/akdenizolaygazetesi.com\/index.php?rest_route=\/wp\/v2\/media\/22243"}],"wp:attachment":[{"href":"https:\/\/akdenizolaygazetesi.com\/index.php?rest_route=%2Fwp%2Fv2%2Fmedia&parent=22242"}],"wp:term":[{"taxonomy":"category","embeddable":true,"href":"https:\/\/akdenizolaygazetesi.com\/index.php?rest_route=%2Fwp%2Fv2%2Fcategories&post=22242"},{"taxonomy":"post_tag","embeddable":true,"href":"https:\/\/akdenizolaygazetesi.com\/index.php?rest_route=%2Fwp%2Fv2%2Ftags&post=22242"}],"curies":[{"name":"wp","href":"https:\/\/api.w.org\/{rel}","templated":true}]}}