{"id":22249,"date":"2022-11-13T16:41:46","date_gmt":"2022-11-13T13:41:46","guid":{"rendered":"http:\/\/akdenizolaygazetesi.com\/?p=22249"},"modified":"2022-11-13T16:41:46","modified_gmt":"2022-11-13T13:41:46","slug":"pazar-nesesi-festival-heyecani-ile-birlesti","status":"publish","type":"post","link":"https:\/\/akdenizolaygazetesi.com\/?p=22249","title":{"rendered":"PAZAR NE\u015eES\u0130, FEST\u0130VAL HEYECANI \u0130LE B\u0130RLE\u015eT\u0130"},"content":{"rendered":"<p>Mersin&#8217;in en b\u00fcy\u00fck festivali olan Narenciye Festivali&#8217;nin 8&#8217;incisi, Mersinlilerin Pazar keyfi ile birle\u015fti.<\/p>\n<p>Start\u0131 d\u00fcn verilen ve renkli g\u00f6r\u00fcnt\u00fclere sahne olan festivalde 2&#8217;nci g\u00fcn heyecan\u0131, Pazar keyfi ile birlikte ya\u015fan\u0131yor. Sabah\u0131n erken saatlerinde festival alan\u0131na gelen \u00e7ok say\u0131da vatanda\u015f, g\u00fczel havan\u0131n tad\u0131n\u0131 \u00e7\u0131kar\u0131yor. 200&#8217;\u00fcn \u00fczerindeki stantta al\u0131\u015fveri\u015f yapma imkan\u0131 da bulan aileler, oyun alanlar\u0131nda \u00e7ocuklar\u0131yla birlikte keyifli vakit ge\u00e7iriyor.<\/p>\n<p>Festivalden son derece memnun olan Mersinliler, &#8220;Kentimizin en \u00f6nemli de\u011ferlerinden olan narenciyenin festival arac\u0131l\u0131\u011f\u0131 ile m\u00fckemmel bir e\u011flence ortam\u0131 olu\u015fturulmas\u0131ndan son derece memnunuz. G\u00fcne\u015fli bir Pazar g\u00fcn\u00fcn\u00fc bu \u015fekilde de\u011ferlendirmek bizler i\u00e7in de farkl\u0131 bir deneyim oldu. Eme\u011fi ge\u00e7en herkese te\u015fekk\u00fcr ediyoruz&#8221; dedi.<\/p>\n<p>G\u00fcn boyu m\u00fczik dinletileri, gastro show, narenciye temal\u0131 kost\u00fcmlerin sergilenece\u011fi defile ve flyboard g\u00f6sterisi gibi bir\u00e7ok etkinli\u011fe ev sahipli\u011fi yapacak olan 8. Narenciye Festivali, ak\u015fam 19.30&#8217;daki Fatih Erko\u00e7-Ahmet Baran konseri ile ta\u00e7lanacak.<\/p>\n","protected":false},"excerpt":{"rendered":"<p>Mersin&#8217;in en b\u00fcy\u00fck festivali olan Narenciye Festivali&#8217;nin 8&#8217;incisi, Mersinlilerin Pazar keyfi ile birle\u015fti. Start\u0131 d\u00fcn verilen ve renkli g\u00f6r\u00fcnt\u00fclere sahne olan festivalde 2&#8217;nci g\u00fcn heyecan\u0131, Pazar keyfi ile birlikte ya\u015fan\u0131yor. &hellip; <a href=\"https:\/\/akdenizolaygazetesi.com\/?p=22249\" class=\"more-link\">Devam\u0131n\u0131 Oku&#8230;<\/a><\/p>\n","protected":false},"author":2,"featured_media":22250,"comment_status":"open","ping_status":"open","sticky":false,"template":"","format":"standard","meta":[],"categories":[2,3],"tags":[],"_links":{"self":[{"href":"https:\/\/akdenizolaygazetesi.com\/index.php?rest_route=\/wp\/v2\/posts\/22249"}],"collection":[{"href":"https:\/\/akdenizolaygazetesi.com\/index.php?rest_route=\/wp\/v2\/posts"}],"about":[{"href":"https:\/\/akdenizolaygazetesi.com\/index.php?rest_route=\/wp\/v2\/types\/post"}],"author":[{"embeddable":true,"href":"https:\/\/akdenizolaygazetesi.com\/index.php?rest_route=\/wp\/v2\/users\/2"}],"replies":[{"embeddable":true,"href":"https:\/\/akdenizolaygazetesi.com\/index.php?rest_route=%2Fwp%2Fv2%2Fcomments&post=22249"}],"version-history":[{"count":1,"href":"https:\/\/akdenizolaygazetesi.com\/index.php?rest_route=\/wp\/v2\/posts\/22249\/revisions"}],"predecessor-version":[{"id":22251,"href":"https:\/\/akdenizolaygazetesi.com\/index.php?rest_route=\/wp\/v2\/posts\/22249\/revisions\/22251"}],"wp:featuredmedia":[{"embeddable":true,"href":"https:\/\/akdenizolaygazetesi.com\/index.php?rest_route=\/wp\/v2\/media\/22250"}],"wp:attachment":[{"href":"https:\/\/akdenizolaygazetesi.com\/index.php?rest_route=%2Fwp%2Fv2%2Fmedia&parent=22249"}],"wp:term":[{"taxonomy":"category","embeddable":true,"href":"https:\/\/akdenizolaygazetesi.com\/index.php?rest_route=%2Fwp%2Fv2%2Fcategories&post=22249"},{"taxonomy":"post_tag","embeddable":true,"href":"https:\/\/akdenizolaygazetesi.com\/index.php?rest_route=%2Fwp%2Fv2%2Ftags&post=22249"}],"curies":[{"name":"wp","href":"https:\/\/api.w.org\/{rel}","templated":true}]}}